{"id":6173,"date":"2019-06-03T16:59:47","date_gmt":"2019-06-03T16:59:47","guid":{"rendered":"https:\/\/centros.uepb.edu.br\/ccbsa\/?p=6173"},"modified":"2019-06-04T14:55:38","modified_gmt":"2019-06-04T14:55:38","slug":"mostra-ambiental-do-campus-v-da-uepb-tem-inicio-com-a-participacao-da-comunidade-academica-e-catadores-de-reciclaveis-de-joao-pessoa","status":"publish","type":"post","link":"https:\/\/centros.uepb.edu.br\/ccbsa\/mostra-ambiental-do-campus-v-da-uepb-tem-inicio-com-a-participacao-da-comunidade-academica-e-catadores-de-reciclaveis-de-joao-pessoa\/","title":{"rendered":"Mostra Ambiental do Campus V da UEPB tem in\u00edcio com a participa\u00e7\u00e3o da comunidade acad\u00eamica e catadores de recicl\u00e1veis de Jo\u00e3o Pessoa"},"content":{"rendered":"\n\t\t<style type=\"text\/css\">\n\t\t\t#gallery-1 {\n\t\t\t\tmargin: auto;\n\t\t\t}\n\t\t\t#gallery-1 .gallery-item {\n\t\t\t\tfloat: left;\n\t\t\t\tmargin-top: 10px;\n\t\t\t\ttext-align: center;\n\t\t\t\twidth: 33%;\n\t\t\t}\n\t\t\t#gallery-1 img {\n\t\t\t\tborder: 2px solid #cfcfcf;\n\t\t\t}\n\t\t\t#gallery-1 .gallery-caption {\n\t\t\t\tmargin-left: 0;\n\t\t\t}\n\t\t\t\/* see gallery_shortcode() in wp-includes\/media.php *\/\n\t\t<\/style>\n\t\t<div id='gallery-1' class='gallery galleryid-6173 gallery-columns-3 gallery-size-full'><dl class='gallery-item'>\n\t\t\t<dt class='gallery-icon landscape'>\n\t\t\t\t<a href='https:\/\/centros.uepb.edu.br\/ccbsa\/files\/2019\/06\/IMG_3845.jpg'><img loading=\"lazy\" decoding=\"async\" width=\"840\" height=\"560\" src=\"https:\/\/centros.uepb.edu.br\/ccbsa\/files\/2019\/06\/IMG_3845.jpg\" class=\"attachment-full size-full\" alt=\"\" srcset=\"https:\/\/centros.uepb.edu.br\/ccbsa\/files\/2019\/06\/IMG_3845.jpg 840w, https:\/\/centros.uepb.edu.br\/ccbsa\/files\/2019\/06\/IMG_3845-300x200.jpg 300w, https:\/\/centros.uepb.edu.br\/ccbsa\/files\/2019\/06\/IMG_3845-768x512.jpg 768w, https:\/\/centros.uepb.edu.br\/ccbsa\/files\/2019\/06\/IMG_3845-370x247.jpg 370w\" sizes=\"auto, (max-width: 840px) 100vw, 840px\" \/><\/a>\n\t\t\t<\/dt><\/dl><dl class='gallery-item'>\n\t\t\t<dt class='gallery-icon landscape'>\n\t\t\t\t<a href='https:\/\/centros.uepb.edu.br\/ccbsa\/files\/2019\/06\/IMG_3849.jpg'><img loading=\"lazy\" decoding=\"async\" width=\"840\" height=\"623\" src=\"https:\/\/centros.uepb.edu.br\/ccbsa\/files\/2019\/06\/IMG_3849.jpg\" class=\"attachment-full size-full\" alt=\"\" srcset=\"https:\/\/centros.uepb.edu.br\/ccbsa\/files\/2019\/06\/IMG_3849.jpg 840w, https:\/\/centros.uepb.edu.br\/ccbsa\/files\/2019\/06\/IMG_3849-300x223.jpg 300w, https:\/\/centros.uepb.edu.br\/ccbsa\/files\/2019\/06\/IMG_3849-768x570.jpg 768w, https:\/\/centros.uepb.edu.br\/ccbsa\/files\/2019\/06\/IMG_3849-370x274.jpg 370w\" sizes=\"auto, (max-width: 840px) 100vw, 840px\" \/><\/a>\n\t\t\t<\/dt><\/dl><dl class='gallery-item'>\n\t\t\t<dt class='gallery-icon landscape'>\n\t\t\t\t<a href='https:\/\/centros.uepb.edu.br\/ccbsa\/files\/2019\/06\/IMG_3854.jpg'><img loading=\"lazy\" decoding=\"async\" width=\"840\" height=\"454\" src=\"https:\/\/centros.uepb.edu.br\/ccbsa\/files\/2019\/06\/IMG_3854.jpg\" class=\"attachment-full size-full\" alt=\"\" srcset=\"https:\/\/centros.uepb.edu.br\/ccbsa\/files\/2019\/06\/IMG_3854.jpg 840w, https:\/\/centros.uepb.edu.br\/ccbsa\/files\/2019\/06\/IMG_3854-300x162.jpg 300w, https:\/\/centros.uepb.edu.br\/ccbsa\/files\/2019\/06\/IMG_3854-768x415.jpg 768w, https:\/\/centros.uepb.edu.br\/ccbsa\/files\/2019\/06\/IMG_3854-370x200.jpg 370w\" sizes=\"auto, (max-width: 840px) 100vw, 840px\" \/><\/a>\n\t\t\t<\/dt><\/dl><br style=\"clear: both\" \/><dl class='gallery-item'>\n\t\t\t<dt class='gallery-icon landscape'>\n\t\t\t\t<a href='https:\/\/centros.uepb.edu.br\/ccbsa\/files\/2019\/06\/IMG_3867.jpg'><img loading=\"lazy\" decoding=\"async\" width=\"840\" height=\"553\" src=\"https:\/\/centros.uepb.edu.br\/ccbsa\/files\/2019\/06\/IMG_3867.jpg\" class=\"attachment-full size-full\" alt=\"\" srcset=\"https:\/\/centros.uepb.edu.br\/ccbsa\/files\/2019\/06\/IMG_3867.jpg 840w, https:\/\/centros.uepb.edu.br\/ccbsa\/files\/2019\/06\/IMG_3867-300x198.jpg 300w, https:\/\/centros.uepb.edu.br\/ccbsa\/files\/2019\/06\/IMG_3867-768x506.jpg 768w, https:\/\/centros.uepb.edu.br\/ccbsa\/files\/2019\/06\/IMG_3867-370x244.jpg 370w\" sizes=\"auto, (max-width: 840px) 100vw, 840px\" \/><\/a>\n\t\t\t<\/dt><\/dl><dl class='gallery-item'>\n\t\t\t<dt class='gallery-icon landscape'>\n\t\t\t\t<a href='https:\/\/centros.uepb.edu.br\/ccbsa\/files\/2019\/06\/IMG_3876.jpg'><img loading=\"lazy\" decoding=\"async\" width=\"840\" height=\"560\" src=\"https:\/\/centros.uepb.edu.br\/ccbsa\/files\/2019\/06\/IMG_3876.jpg\" class=\"attachment-full size-full\" alt=\"\" srcset=\"https:\/\/centros.uepb.edu.br\/ccbsa\/files\/2019\/06\/IMG_3876.jpg 840w, https:\/\/centros.uepb.edu.br\/ccbsa\/files\/2019\/06\/IMG_3876-300x200.jpg 300w, https:\/\/centros.uepb.edu.br\/ccbsa\/files\/2019\/06\/IMG_3876-768x512.jpg 768w, https:\/\/centros.uepb.edu.br\/ccbsa\/files\/2019\/06\/IMG_3876-370x247.jpg 370w\" sizes=\"auto, (max-width: 840px) 100vw, 840px\" \/><\/a>\n\t\t\t<\/dt><\/dl><dl class='gallery-item'>\n\t\t\t<dt class='gallery-icon landscape'>\n\t\t\t\t<a href='https:\/\/centros.uepb.edu.br\/ccbsa\/files\/2019\/06\/IMG_3878.jpg'><img loading=\"lazy\" decoding=\"async\" width=\"840\" height=\"511\" src=\"https:\/\/centros.uepb.edu.br\/ccbsa\/files\/2019\/06\/IMG_3878.jpg\" class=\"attachment-full size-full\" alt=\"\" srcset=\"https:\/\/centros.uepb.edu.br\/ccbsa\/files\/2019\/06\/IMG_3878.jpg 840w, https:\/\/centros.uepb.edu.br\/ccbsa\/files\/2019\/06\/IMG_3878-300x183.jpg 300w, https:\/\/centros.uepb.edu.br\/ccbsa\/files\/2019\/06\/IMG_3878-768x467.jpg 768w, https:\/\/centros.uepb.edu.br\/ccbsa\/files\/2019\/06\/IMG_3878-370x225.jpg 370w\" sizes=\"auto, (max-width: 840px) 100vw, 840px\" \/><\/a>\n\t\t\t<\/dt><\/dl><br style=\"clear: both\" \/><dl class='gallery-item'>\n\t\t\t<dt class='gallery-icon landscape'>\n\t\t\t\t<a href='https:\/\/centros.uepb.edu.br\/ccbsa\/files\/2019\/06\/IMG_3881.jpg'><img loading=\"lazy\" decoding=\"async\" width=\"840\" height=\"560\" src=\"https:\/\/centros.uepb.edu.br\/ccbsa\/files\/2019\/06\/IMG_3881.jpg\" class=\"attachment-full size-full\" alt=\"\" srcset=\"https:\/\/centros.uepb.edu.br\/ccbsa\/files\/2019\/06\/IMG_3881.jpg 840w, https:\/\/centros.uepb.edu.br\/ccbsa\/files\/2019\/06\/IMG_3881-300x200.jpg 300w, https:\/\/centros.uepb.edu.br\/ccbsa\/files\/2019\/06\/IMG_3881-768x512.jpg 768w, https:\/\/centros.uepb.edu.br\/ccbsa\/files\/2019\/06\/IMG_3881-370x247.jpg 370w\" sizes=\"auto, (max-width: 840px) 100vw, 840px\" \/><\/a>\n\t\t\t<\/dt><\/dl><dl class='gallery-item'>\n\t\t\t<dt class='gallery-icon landscape'>\n\t\t\t\t<a href='https:\/\/centros.uepb.edu.br\/ccbsa\/files\/2019\/06\/IMG_3890.jpg'><img loading=\"lazy\" decoding=\"async\" width=\"4993\" height=\"2737\" src=\"https:\/\/centros.uepb.edu.br\/ccbsa\/files\/2019\/06\/IMG_3890.jpg\" class=\"attachment-full size-full\" alt=\"\" srcset=\"https:\/\/centros.uepb.edu.br\/ccbsa\/files\/2019\/06\/IMG_3890.jpg 4993w, https:\/\/centros.uepb.edu.br\/ccbsa\/files\/2019\/06\/IMG_3890-300x164.jpg 300w, https:\/\/centros.uepb.edu.br\/ccbsa\/files\/2019\/06\/IMG_3890-768x421.jpg 768w, https:\/\/centros.uepb.edu.br\/ccbsa\/files\/2019\/06\/IMG_3890-1024x561.jpg 1024w, https:\/\/centros.uepb.edu.br\/ccbsa\/files\/2019\/06\/IMG_3890-370x203.jpg 370w, https:\/\/centros.uepb.edu.br\/ccbsa\/files\/2019\/06\/IMG_3890-840x460.jpg 840w\" sizes=\"auto, (max-width: 4993px) 100vw, 4993px\" \/><\/a>\n\t\t\t<\/dt><\/dl>\n\t\t\t<br style='clear: both' \/>\n\t\t<\/div>\n\n<p>Com pesquisas que mostram a lideran\u00e7a do Brasil no desmatamento de florestas tropicais, cortes no or\u00e7amento federal destinado a programas ambientais e altos \u00edndices de queimadas, assoreamento e polui\u00e7\u00e3o de rios, a Semana Nacional do Meio Ambiente, celebrada em todo o pa\u00eds de 1 a 5 de junho, tem o papel de possibilitar a discuss\u00e3o e conscientiza\u00e7\u00e3o da sociedade a respeito do papel dos cidad\u00e3os no desenvolvimento sustent\u00e1vel do pa\u00eds, preserva\u00e7\u00e3o e degrada\u00e7\u00e3o do meio ambiente. Diante disso, o Programa Viv\u00eancias Interdisciplinares, vinculado ao Campus V da Universidade Estadual da Para\u00edba (UEPB) iniciou nesta segunda-feira (3) no audit\u00f3rio Pioneiros, a primeira edi\u00e7\u00e3o da Mostra Ambiental do Campus V, da UEPB.<\/p>\n<p>A mesa de abertura do evento contou com a participa\u00e7\u00e3o da diretora do Centro de Ci\u00eancias Biol\u00f3gicas e Sociais Aplicadas (CCBSA), professora Jacqueline Echeverr\u00eda Barrancos; do diretor-adjunto do CCBSA, professor \u00canio Wocyli Dantas; do coordenador do curso de Ci\u00eancias Biol\u00f3gicas, professor Cleber Salimon; da coordenadora do programa Viv\u00eancias Interdisciplinares, professora Martha Simone Amorim; dos coordenadores dos projetos \u201cMobiliza\u00e7\u00e3o, inclus\u00e3o e forma\u00e7\u00e3o de catadores\/as de materiais recicl\u00e1veis da cidade de Jo\u00e3o Pessoa: uma experi\u00eancia necess\u00e1ria\u201d e \u201cCineclube Ambiental\u201d, respectivamente, professora Maria de F\u00e1tima Ara\u00fajo e professor Vancarder Brito.<\/p>\n<p>O programa \u201cViv\u00eancias Interdisciplinares\u201d conta, ainda, com o projeto \u201cCineclube Campus V\u201d, que \u00e9 coordenado pelo professor Filipe Reis. Todos esses projetos foram aprovados no edital PROBEX (cota 2018\/ 2019) e contam com o envolvimento de alunos das gradua\u00e7\u00f5es em Ci\u00eancias Biol\u00f3gicas e Rela\u00e7\u00f5es Internacionais.<\/p>\n<p>Na oportunidade a professora Jacqueline Barrancos destacou a import\u00e2ncia do trabalho desenvolvido pelos docentes que integram o programa \u201cViv\u00eancias Interdisciplinares\u201d na \u00e1rea de Educa\u00e7\u00e3o Ambiental e o compromisso com o ecossistema da comunidade envolvida nos projetos que integram a iniciativa.<\/p>\n<p>A professora Martha Simone agradeceu o envolvimento dos docentes e estudantes vinculados aos projetos que integram o Programa \u201cViv\u00eancias Interdisciplinares\u201d e o apoio do Governo Estado da Para\u00edba, atrav\u00e9s da Secretaria de Desenvolvimento Humano. A docente destacou que o intuito desta iniciativa \u00e9 tornar as a\u00e7\u00f5es de meio ambiente e educa\u00e7\u00e3o ambiental cada vez mais fortes no Campus V da UEPB.<\/p>\n<p>O professor Cleber Salimon enfatizou a necessidade de discutir sobre a educa\u00e7\u00e3o ambiental numa perspectiva mais ampla, considerando que a qualidade da \u00e1gua, do ar, o clima, v\u00e1rios aspectos do nosso cotidiano est\u00e3o diretamente ligados \u00e0 quest\u00e3o ambiental. O docente lembrou ainda que est\u00e1 em tramita\u00e7\u00e3o no senado um projeto de lei do Senador Fl\u00e1vio Bolsonaro que suprime a obrigatoriedade de ruralistas preservarem parte da vegeta\u00e7\u00e3o nativa de suas \u00e1reas. \u201cPrecisamos enxergar que quest\u00f5es como essa devem ser discutidas e refletidas por todos n\u00f3s porque influenciam essa rela\u00e7\u00e3o com meio ambiente\u201d.<\/p>\n<p>Ap\u00f3s a mesa de abertura do evento foi realizada uma discuss\u00e3o com a participa\u00e7\u00e3o da professora Martha Simone, abordando o tema \u201cA desconstru\u00e7\u00e3o da legisla\u00e7\u00e3o ambiental no Brasil e seus reflexos na conserva\u00e7\u00e3o\u201d. Os analistas do Instituto Chico Mendes de Conserva\u00e7\u00e3o da Biodiversidade (ICMBio), Leandro Jerusalinsky, Fabiano Gumier Costa e Camila Garcia Gomes, abordaram, respectivamente, os temas \u201cDesafios para a conserva\u00e7\u00e3o de primatas no Brasil\u201d, \u201cA Floresta \u00e9 Nacional na Restinga de Cabedelo\u201d e \u201cO papel do Centro Nacional de Pesquisa e Conserva\u00e7\u00e3o de Aves Silvestres (CEMAVE) na conserva\u00e7\u00e3o de aves no Brasil\u201d.<\/p>\n<p>Na sequ\u00eancia a professora F\u00e1tima Ara\u00fajo abordou a tem\u00e1tica \u201cInclus\u00e3o produtiva de catadores(as) e sustentabilidade socioambiental\u201d. Na ocasi\u00e3o, a docente destacou a import\u00e2ncia do trabalho desenvolvidos pelos catadores de materiais recicl\u00e1veis para o meio ambiente, lembrou das iniciativas tomadas a partir do projeto da UEPB que atende catadores de Jo\u00e3o Pessoa e \u00e1rea metropolitana e celebrou a entrega de 22 triciclos, adquiridos pelo projeto, em parceria com institui\u00e7\u00f5es apoiadoras, que otimizar\u00e3o o trabalho dos catadores.<\/p>\n<p>O evento prossegue com sess\u00f5es do cineclube, exposi\u00e7\u00f5es de artes ecol\u00f3gicas, mostras de banners, oficinas de transforma\u00e7\u00e3o de \u00f3leo de cozinha em sab\u00e3o, compostagem e reaproveitamento de alimentos, e discuss\u00f5es com a tem\u00e1tica da sustentabilidade.<\/p>\n<p><em><strong>Texto e fotos:<\/strong> Juliana Marques<\/em><\/p>\n","protected":false},"excerpt":{"rendered":"<p>Com pesquisas que mostram a lideran\u00e7a do Brasil no desmatamento de florestas tropicais, cortes no or\u00e7amento federal destinado a programas ambientais e altos \u00edndices de queimadas, assoreamento e polui\u00e7\u00e3o de rios, a Semana Nacional do Meio Ambiente, celebrada em todo o pa\u00eds de 1 a 5 de junho, tem o papel de possibilitar a discuss\u00e3o <a class=\"leiamais\" href=\"https:\/\/centros.uepb.edu.br\/ccbsa\/mostra-ambiental-do-campus-v-da-uepb-tem-inicio-com-a-participacao-da-comunidade-academica-e-catadores-de-reciclaveis-de-joao-pessoa\/\">Leia Mais&#8230;<\/a><\/p>\n","protected":false},"author":8,"featured_media":6176,"comment_status":"closed","ping_status":"closed","sticky":false,"template":"","format":"standard","meta":{"footnotes":""},"categories":[3,11],"tags":[],"class_list":["post-6173","post","type-post","status-publish","format-standard","has-post-thumbnail","hentry","category-noticias","category-noticias-destaque-img"],"jetpack_featured_media_url":"https:\/\/centros.uepb.edu.br\/ccbsa\/files\/2019\/06\/IMG_3854.jpg","_links":{"self":[{"href":"https:\/\/centros.uepb.edu.br\/ccbsa\/wp-json\/wp\/v2\/posts\/6173","targetHints":{"allow":["GET"]}}],"collection":[{"href":"https:\/\/centros.uepb.edu.br\/ccbsa\/wp-json\/wp\/v2\/posts"}],"about":[{"href":"https:\/\/centros.uepb.edu.br\/ccbsa\/wp-json\/wp\/v2\/types\/post"}],"author":[{"embeddable":true,"href":"https:\/\/centros.uepb.edu.br\/ccbsa\/wp-json\/wp\/v2\/users\/8"}],"replies":[{"embeddable":true,"href":"https:\/\/centros.uepb.edu.br\/ccbsa\/wp-json\/wp\/v2\/comments?post=6173"}],"version-history":[{"count":0,"href":"https:\/\/centros.uepb.edu.br\/ccbsa\/wp-json\/wp\/v2\/posts\/6173\/revisions"}],"wp:featuredmedia":[{"embeddable":true,"href":"https:\/\/centros.uepb.edu.br\/ccbsa\/wp-json\/wp\/v2\/media\/6176"}],"wp:attachment":[{"href":"https:\/\/centros.uepb.edu.br\/ccbsa\/wp-json\/wp\/v2\/media?parent=6173"}],"wp:term":[{"taxonomy":"category","embeddable":true,"href":"https:\/\/centros.uepb.edu.br\/ccbsa\/wp-json\/wp\/v2\/categories?post=6173"},{"taxonomy":"post_tag","embeddable":true,"href":"https:\/\/centros.uepb.edu.br\/ccbsa\/wp-json\/wp\/v2\/tags?post=6173"}],"curies":[{"name":"wp","href":"https:\/\/api.w.org\/{rel}","templated":true}]}}