{"id":6160,"date":"2019-05-28T15:27:04","date_gmt":"2019-05-28T15:27:04","guid":{"rendered":"https:\/\/centros.uepb.edu.br\/ccbsa\/?p=6160"},"modified":"2019-05-28T16:05:40","modified_gmt":"2019-05-28T16:05:40","slug":"programa-vivencias-interdisciplinares-do-campus-v-da-uepb-inscreve-para-mostra-ambiental","status":"publish","type":"post","link":"https:\/\/centros.uepb.edu.br\/ccbsa\/programa-vivencias-interdisciplinares-do-campus-v-da-uepb-inscreve-para-mostra-ambiental\/","title":{"rendered":"Programa Viv\u00eancias Interdisciplinares do Campus V da UEPB inscreve para Mostra Ambiental"},"content":{"rendered":"<p><a href=\"https:\/\/centros.uepb.edu.br\/ccbsa\/files\/2019\/05\/MOSTRA-AMBIENTAL.jpg\"><img loading=\"lazy\" decoding=\"async\" class=\"aligncenter size-full wp-image-6161 img-responsive\" src=\"https:\/\/centros.uepb.edu.br\/ccbsa\/files\/2019\/05\/MOSTRA-AMBIENTAL.jpg\" alt=\"\" width=\"840\" height=\"454\" srcset=\"https:\/\/centros.uepb.edu.br\/ccbsa\/files\/2019\/05\/MOSTRA-AMBIENTAL.jpg 840w, https:\/\/centros.uepb.edu.br\/ccbsa\/files\/2019\/05\/MOSTRA-AMBIENTAL-300x162.jpg 300w, https:\/\/centros.uepb.edu.br\/ccbsa\/files\/2019\/05\/MOSTRA-AMBIENTAL-768x415.jpg 768w, https:\/\/centros.uepb.edu.br\/ccbsa\/files\/2019\/05\/MOSTRA-AMBIENTAL-370x200.jpg 370w\" sizes=\"auto, (max-width: 840px) 100vw, 840px\" \/><\/a><\/p>\n<p>Em alus\u00e3o \u00e0 Semana Nacional do Meio Ambiente, celebrada em todo o pa\u00eds de 1 a 5 de junho, o Programa Viv\u00eancias Interdisciplinares, vinculado ao Campus V da Universidade Estadual da Para\u00edba (UEPB) realiza, na segunda e ter\u00e7a-feira, 3 e 4 de junho, no audit\u00f3rio Pioneiros, a primeira edi\u00e7\u00e3o da Mostra Ambiental do Campus V, da UEPB.<\/p>\n<p>O evento contar\u00e1 com a parceria de v\u00e1rios projetos de extens\u00e3o e pesquisa do Campus V vinculados \u00e0s \u00e1reas tem\u00e1ticas de educa\u00e7\u00e3o e meio ambiente, com interface na sustentabilidade. Haver\u00e1 apresenta\u00e7\u00e3o de conte\u00fados em banners, a realiza\u00e7\u00e3o de din\u00e2micas intituladas \u201cDi\u00e1logos Ambientas\u201d, al\u00e9m de mostra de v\u00eddeos, exposi\u00e7\u00e3o de artes ecol\u00f3gicas, fotografias e oficinas.<\/p>\n<p>O programa \u201cViv\u00eancias Interdisciplinares\u201d \u00e9 composto pelos projetos \u201cViv\u00eancias em A\u00e7\u00f5es Legislativas\u201d, coordenado pela professora Martha Simone Amorim; \u201cMobiliza\u00e7\u00e3o, inclus\u00e3o e forma\u00e7\u00e3o de catadores\/as de materiais recicl\u00e1veis da cidade de Jo\u00e3o Pessoa: uma experi\u00eancia necess\u00e1ria\u201d, tendo como coordenadora a professora Maria de F\u00e1tima Ara\u00fajo; \u201cCineclube Ambiental\u201d, que tem como respons\u00e1vel o professor Vancarder Brito Sousa e \u201cCineclube Campus V\u201d, que \u00e9 coordenado pelo professor Filipe Reis. Todos esses projetos foram aprovados no edital PROBEX (cota 2018\/ 2019) e contam com o envolvimento de quatro professores da UEPB e mais de 20 alunos das gradua\u00e7\u00f5es em Ci\u00eancias Biol\u00f3gicas e Rela\u00e7\u00f5es Internacionais.<\/p>\n<p>As inscri\u00e7\u00f5es para a Mostra ambiental do Campus V s\u00e3o realizadas atrav\u00e9s do site: <a href=\"https:\/\/www.even3.com.br\/mostrambiental1\/\">www.even3.com.br\/mostrambiental1<\/a>. A organiza\u00e7\u00e3o do evento tamb\u00e9m solicita doa\u00e7\u00f5es de material recicl\u00e1vel (garrafas PET, papel\u00e3o, papel, livros usados, metal e ferro) que ser\u00e3o destinados aos catadores participantes do projeto de inclus\u00e3o produtiva do Campus V.<\/p>\n<p>Segundo a professora Martha Simone, coordenadora do Programa Viv\u00eancias Interdisciplinares, a mostra \u00e9 uma iniciativa que visa contribuir para a intensifica\u00e7\u00e3o das a\u00e7\u00f5es de extens\u00e3o e pesquisa do Campus V voltadas \u00e0 tem\u00e1tica ambiental, ampliar a consci\u00eancia cr\u00edtica sobre os problemas ambientais e atrair a comunidade em geral para vivenciar o ambiente universit\u00e1rio.<\/p>\n<p>Para o professor Vancarder Brito Sousa, \u00e9 importante que a comunidade acad\u00eamica e a sociedade em geral participem do evento \u201cvisto que a tem\u00e1tica da sustentabilidade socioambiental, \u00e9 por defini\u00e7\u00e3o, constitu\u00edda de forma interdisciplinar e contempla diferentes saberes e modos de atuar na sociedade em face da necessidade de implementa\u00e7\u00e3o de pr\u00e1ticas de conserva\u00e7\u00e3o e preserva\u00e7\u00e3o da natureza\u201d.<\/p>\n<p>J\u00e1 a professora F\u00e1tima Ara\u00fajo acentua que a import\u00e2ncia do evento se d\u00e1 no momento em que a universidade inclui a comunidade e a transforma num ambiente social preocupado com o meio ambiente e com a sustentabilidade.<\/p>\n<p>O Professor Filipe Reis considera o evento importante para consolidar o entendimento de que \u201co meio ambiente diz respeito a todos n\u00f3s, pois est\u00e1 diretamente ligado \u00e0s rotinas mais banais do ser humano como alimentar-se, deslocar-se, dormir, trabalhar, educar, enfim, est\u00e1 ligado \u00e0 vida\u201d.<\/p>\n<p><strong>O Dia Mundial do Meio Ambiente<\/strong><\/p>\n<p>O Dia Mundial do Meio Ambiente \u00e9 comemorado em 5 de junho. A data foi recomendada pela Confer\u00eancia das Na\u00e7\u00f5es Unidas sobre Meio Ambiente, realizada em 1972, em Estocolmo, na Su\u00e9cia.<br \/>\nAtrav\u00e9s do Decreto Federal 86.028, de 27 de maio de 1981, o governo brasileiro tamb\u00e9m estabeleceu que neste per\u00edodo em todo territ\u00f3rio nacional se promovesse a Semana Nacional do Meio Ambiente que tem por finalidade apoiar a participa\u00e7\u00e3o da comunidade nacional na preserva\u00e7\u00e3o do patrim\u00f4nio natural do Pa\u00eds.<\/p>\n<p><em><strong>Texto:<\/strong> Juliana Marques<\/em><\/p>\n","protected":false},"excerpt":{"rendered":"<p>Em alus\u00e3o \u00e0 Semana Nacional do Meio Ambiente, celebrada em todo o pa\u00eds de 1 a 5 de junho, o Programa Viv\u00eancias Interdisciplinares, vinculado ao Campus V da Universidade Estadual da Para\u00edba (UEPB) realiza, na segunda e ter\u00e7a-feira, 3 e 4 de junho, no audit\u00f3rio Pioneiros, a primeira edi\u00e7\u00e3o da Mostra Ambiental do Campus V, <a class=\"leiamais\" href=\"https:\/\/centros.uepb.edu.br\/ccbsa\/programa-vivencias-interdisciplinares-do-campus-v-da-uepb-inscreve-para-mostra-ambiental\/\">Leia Mais&#8230;<\/a><\/p>\n","protected":false},"author":8,"featured_media":6161,"comment_status":"closed","ping_status":"closed","sticky":false,"template":"","format":"standard","meta":{"footnotes":""},"categories":[3,11],"tags":[],"class_list":["post-6160","post","type-post","status-publish","format-standard","has-post-thumbnail","hentry","category-noticias","category-noticias-destaque-img"],"jetpack_featured_media_url":"https:\/\/centros.uepb.edu.br\/ccbsa\/files\/2019\/05\/MOSTRA-AMBIENTAL.jpg","_links":{"self":[{"href":"https:\/\/centros.uepb.edu.br\/ccbsa\/wp-json\/wp\/v2\/posts\/6160","targetHints":{"allow":["GET"]}}],"collection":[{"href":"https:\/\/centros.uepb.edu.br\/ccbsa\/wp-json\/wp\/v2\/posts"}],"about":[{"href":"https:\/\/centros.uepb.edu.br\/ccbsa\/wp-json\/wp\/v2\/types\/post"}],"author":[{"embeddable":true,"href":"https:\/\/centros.uepb.edu.br\/ccbsa\/wp-json\/wp\/v2\/users\/8"}],"replies":[{"embeddable":true,"href":"https:\/\/centros.uepb.edu.br\/ccbsa\/wp-json\/wp\/v2\/comments?post=6160"}],"version-history":[{"count":0,"href":"https:\/\/centros.uepb.edu.br\/ccbsa\/wp-json\/wp\/v2\/posts\/6160\/revisions"}],"wp:featuredmedia":[{"embeddable":true,"href":"https:\/\/centros.uepb.edu.br\/ccbsa\/wp-json\/wp\/v2\/media\/6161"}],"wp:attachment":[{"href":"https:\/\/centros.uepb.edu.br\/ccbsa\/wp-json\/wp\/v2\/media?parent=6160"}],"wp:term":[{"taxonomy":"category","embeddable":true,"href":"https:\/\/centros.uepb.edu.br\/ccbsa\/wp-json\/wp\/v2\/categories?post=6160"},{"taxonomy":"post_tag","embeddable":true,"href":"https:\/\/centros.uepb.edu.br\/ccbsa\/wp-json\/wp\/v2\/tags?post=6160"}],"curies":[{"name":"wp","href":"https:\/\/api.w.org\/{rel}","templated":true}]}}