{"id":6156,"date":"2019-05-28T13:12:02","date_gmt":"2019-05-28T13:12:02","guid":{"rendered":"https:\/\/centros.uepb.edu.br\/ccbsa\/?p=6156"},"modified":"2019-05-28T15:35:31","modified_gmt":"2019-05-28T15:35:31","slug":"projeto-de-extensao-do-curso-de-ciencias-biologicas-realiza-vacinacao-contra-a-gripe-nesta-terca-feira-28-no-campus-v","status":"publish","type":"post","link":"https:\/\/centros.uepb.edu.br\/ccbsa\/projeto-de-extensao-do-curso-de-ciencias-biologicas-realiza-vacinacao-contra-a-gripe-nesta-terca-feira-28-no-campus-v\/","title":{"rendered":"Projeto de extens\u00e3o do curso de Ci\u00eancias Biol\u00f3gicas realiza vacina\u00e7\u00e3o contra a gripe nesta ter\u00e7a-feira (28) no Campus V"},"content":{"rendered":"\n\t\t<style type=\"text\/css\">\n\t\t\t#gallery-1 {\n\t\t\t\tmargin: auto;\n\t\t\t}\n\t\t\t#gallery-1 .gallery-item {\n\t\t\t\tfloat: left;\n\t\t\t\tmargin-top: 10px;\n\t\t\t\ttext-align: center;\n\t\t\t\twidth: 33%;\n\t\t\t}\n\t\t\t#gallery-1 img {\n\t\t\t\tborder: 2px solid #cfcfcf;\n\t\t\t}\n\t\t\t#gallery-1 .gallery-caption {\n\t\t\t\tmargin-left: 0;\n\t\t\t}\n\t\t\t\/* see gallery_shortcode() in wp-includes\/media.php *\/\n\t\t<\/style>\n\t\t<div id='gallery-1' class='gallery galleryid-6156 gallery-columns-3 gallery-size-full'><dl class='gallery-item'>\n\t\t\t<dt class='gallery-icon landscape'>\n\t\t\t\t<a href='https:\/\/centros.uepb.edu.br\/ccbsa\/files\/2019\/05\/IMG_3832.jpg'><img loading=\"lazy\" decoding=\"async\" width=\"840\" height=\"454\" src=\"https:\/\/centros.uepb.edu.br\/ccbsa\/files\/2019\/05\/IMG_3832.jpg\" class=\"attachment-full size-full\" alt=\"\" srcset=\"https:\/\/centros.uepb.edu.br\/ccbsa\/files\/2019\/05\/IMG_3832.jpg 840w, https:\/\/centros.uepb.edu.br\/ccbsa\/files\/2019\/05\/IMG_3832-300x162.jpg 300w, https:\/\/centros.uepb.edu.br\/ccbsa\/files\/2019\/05\/IMG_3832-768x415.jpg 768w, https:\/\/centros.uepb.edu.br\/ccbsa\/files\/2019\/05\/IMG_3832-370x200.jpg 370w\" sizes=\"auto, (max-width: 840px) 100vw, 840px\" \/><\/a>\n\t\t\t<\/dt><\/dl><dl class='gallery-item'>\n\t\t\t<dt class='gallery-icon landscape'>\n\t\t\t\t<a href='https:\/\/centros.uepb.edu.br\/ccbsa\/files\/2019\/05\/IMG_3838.jpg'><img loading=\"lazy\" decoding=\"async\" width=\"840\" height=\"510\" src=\"https:\/\/centros.uepb.edu.br\/ccbsa\/files\/2019\/05\/IMG_3838.jpg\" class=\"attachment-full size-full\" alt=\"\" srcset=\"https:\/\/centros.uepb.edu.br\/ccbsa\/files\/2019\/05\/IMG_3838.jpg 840w, https:\/\/centros.uepb.edu.br\/ccbsa\/files\/2019\/05\/IMG_3838-300x182.jpg 300w, https:\/\/centros.uepb.edu.br\/ccbsa\/files\/2019\/05\/IMG_3838-768x466.jpg 768w, https:\/\/centros.uepb.edu.br\/ccbsa\/files\/2019\/05\/IMG_3838-370x225.jpg 370w\" sizes=\"auto, (max-width: 840px) 100vw, 840px\" \/><\/a>\n\t\t\t<\/dt><\/dl>\n\t\t\t<br style='clear: both' \/>\n\t\t<\/div>\n\n<p>&nbsp;<\/p>\n<p>O projeto \u201cUniversidade Saud\u00e1vel: estudos, planejamento e desenvolvimento de atividades relacionadas \u00e0 preven\u00e7\u00e3o prim\u00e1ria\u201d, vinculado ao curso de Ci\u00eancias Biol\u00f3gicas do Campus V realiza nesta ter\u00e7a-feira (28), at\u00e9 as 15h, na sala dos professores do Centro de Ci\u00eancias Biol\u00f3gicas e Sociais Aplicadas (CCBSA), a vacina\u00e7\u00e3o contra a gripe. A iniciativa ocorre em parceria com a Secretaria de Sa\u00fade do Munic\u00edpio de Jo\u00e3o Pessoa, por meio do Distrito Sanit\u00e1rio II, de onde vieram as profissionais respons\u00e1veis pela aplica\u00e7\u00e3o das vacinas.<\/p>\n<p>O p\u00fablico-alvo da iniciativa s\u00e3o os idosos com mais de 60 anos, as gestantes, as crian\u00e7as maiores de 6 meses e menores de 6 anos, as m\u00e3es no p\u00f3s-parto (at\u00e9 45 dias), doentes cr\u00f4nicos, pessoas com necessidades especiais, professores, profissionais da sa\u00fade, profissionais das for\u00e7as de seguran\u00e7a e salvamento.<\/p>\n<p>Essa a\u00e7\u00e3o integra as diversas atividades desse projeto que, de acordo com o coordenador , professor Marcos Costa,\u00a0 \u201c\u00e9 baseado nas diretrizes do Programa de Sa\u00fade na Escola (PSE) do Minist\u00e9rio da Sa\u00fade e do Minist\u00e9rio da Educa\u00e7\u00e3o, Decreto Presidencial n\u00ba 6.286, e tende a fixar seus alicerces na mudan\u00e7a dos h\u00e1bitos de vida e na vis\u00e3o geral dos seus participantes quanto os cuidados individuais e coletivos em sa\u00fade aproximando os conte\u00fados relacionados \u00e0 sa\u00fade e a educa\u00e7\u00e3o como fundamentos na forma\u00e7\u00e3o do profissional e na constru\u00e7\u00e3o de cidad\u00e3os plenos no usufruto da cidadania\u201d.<\/p>\n<p>Durante o m\u00eas de maio est\u00e3o sendo realizadas a\u00e7\u00f5es relacionadas \u00e0 endometriose, hipertens\u00e3o e diabetes, fibromialgia, preven\u00e7\u00e3o aos acidentes de tr\u00e2nsito, talassemia, l\u00fapus, alergia, uso racional de medicamentos, entra outras tem\u00e1ticas.<\/p>\n<p><em><strong>Texto e fotos:<\/strong> Juliana Marques<\/em><\/p>\n<p>&nbsp;<\/p>\n","protected":false},"excerpt":{"rendered":"<p>&nbsp; O projeto \u201cUniversidade Saud\u00e1vel: estudos, planejamento e desenvolvimento de atividades relacionadas \u00e0 preven\u00e7\u00e3o prim\u00e1ria\u201d, vinculado ao curso de Ci\u00eancias Biol\u00f3gicas do Campus V realiza nesta ter\u00e7a-feira (28), at\u00e9 as 15h, na sala dos professores do Centro de Ci\u00eancias Biol\u00f3gicas e Sociais Aplicadas (CCBSA), a vacina\u00e7\u00e3o contra a gripe. A iniciativa ocorre em parceria com <a class=\"leiamais\" href=\"https:\/\/centros.uepb.edu.br\/ccbsa\/projeto-de-extensao-do-curso-de-ciencias-biologicas-realiza-vacinacao-contra-a-gripe-nesta-terca-feira-28-no-campus-v\/\">Leia Mais&#8230;<\/a><\/p>\n","protected":false},"author":8,"featured_media":6157,"comment_status":"closed","ping_status":"closed","sticky":false,"template":"","format":"standard","meta":{"footnotes":""},"categories":[3,11],"tags":[],"class_list":["post-6156","post","type-post","status-publish","format-standard","has-post-thumbnail","hentry","category-noticias","category-noticias-destaque-img"],"jetpack_featured_media_url":"https:\/\/centros.uepb.edu.br\/ccbsa\/files\/2019\/05\/IMG_3832.jpg","_links":{"self":[{"href":"https:\/\/centros.uepb.edu.br\/ccbsa\/wp-json\/wp\/v2\/posts\/6156","targetHints":{"allow":["GET"]}}],"collection":[{"href":"https:\/\/centros.uepb.edu.br\/ccbsa\/wp-json\/wp\/v2\/posts"}],"about":[{"href":"https:\/\/centros.uepb.edu.br\/ccbsa\/wp-json\/wp\/v2\/types\/post"}],"author":[{"embeddable":true,"href":"https:\/\/centros.uepb.edu.br\/ccbsa\/wp-json\/wp\/v2\/users\/8"}],"replies":[{"embeddable":true,"href":"https:\/\/centros.uepb.edu.br\/ccbsa\/wp-json\/wp\/v2\/comments?post=6156"}],"version-history":[{"count":0,"href":"https:\/\/centros.uepb.edu.br\/ccbsa\/wp-json\/wp\/v2\/posts\/6156\/revisions"}],"wp:featuredmedia":[{"embeddable":true,"href":"https:\/\/centros.uepb.edu.br\/ccbsa\/wp-json\/wp\/v2\/media\/6157"}],"wp:attachment":[{"href":"https:\/\/centros.uepb.edu.br\/ccbsa\/wp-json\/wp\/v2\/media?parent=6156"}],"wp:term":[{"taxonomy":"category","embeddable":true,"href":"https:\/\/centros.uepb.edu.br\/ccbsa\/wp-json\/wp\/v2\/categories?post=6156"},{"taxonomy":"post_tag","embeddable":true,"href":"https:\/\/centros.uepb.edu.br\/ccbsa\/wp-json\/wp\/v2\/tags?post=6156"}],"curies":[{"name":"wp","href":"https:\/\/api.w.org\/{rel}","templated":true}]}}