{"id":6134,"date":"2019-05-23T15:38:04","date_gmt":"2019-05-23T15:38:04","guid":{"rendered":"https:\/\/centros.uepb.edu.br\/ccbsa\/?p=6134"},"modified":"2019-05-23T15:42:43","modified_gmt":"2019-05-23T15:42:43","slug":"direcao-de-centro-realiza-assembleia-para-discutir-com-a-comunidade-academica-estrategias-de-participacao-no-orcamento-democratico-estadual","status":"publish","type":"post","link":"https:\/\/centros.uepb.edu.br\/ccbsa\/direcao-de-centro-realiza-assembleia-para-discutir-com-a-comunidade-academica-estrategias-de-participacao-no-orcamento-democratico-estadual\/","title":{"rendered":"Dire\u00e7\u00e3o de Centro realiza assembleia para discutir com a comunidade acad\u00eamica estrat\u00e9gias de participa\u00e7\u00e3o no Or\u00e7amento Democr\u00e1tico Estadual"},"content":{"rendered":"<p>&nbsp;<\/p>\n\n\t\t<style type=\"text\/css\">\n\t\t\t#gallery-1 {\n\t\t\t\tmargin: auto;\n\t\t\t}\n\t\t\t#gallery-1 .gallery-item {\n\t\t\t\tfloat: left;\n\t\t\t\tmargin-top: 10px;\n\t\t\t\ttext-align: center;\n\t\t\t\twidth: 33%;\n\t\t\t}\n\t\t\t#gallery-1 img {\n\t\t\t\tborder: 2px solid #cfcfcf;\n\t\t\t}\n\t\t\t#gallery-1 .gallery-caption {\n\t\t\t\tmargin-left: 0;\n\t\t\t}\n\t\t\t\/* see gallery_shortcode() in wp-includes\/media.php *\/\n\t\t<\/style>\n\t\t<div id='gallery-1' class='gallery galleryid-6134 gallery-columns-3 gallery-size-full'><dl class='gallery-item'>\n\t\t\t<dt class='gallery-icon landscape'>\n\t\t\t\t<a href='https:\/\/centros.uepb.edu.br\/ccbsa\/files\/2019\/05\/IMG_3800.jpg'><img loading=\"lazy\" decoding=\"async\" width=\"840\" height=\"481\" src=\"https:\/\/centros.uepb.edu.br\/ccbsa\/files\/2019\/05\/IMG_3800.jpg\" class=\"attachment-full size-full\" alt=\"\" srcset=\"https:\/\/centros.uepb.edu.br\/ccbsa\/files\/2019\/05\/IMG_3800.jpg 840w, https:\/\/centros.uepb.edu.br\/ccbsa\/files\/2019\/05\/IMG_3800-300x172.jpg 300w, https:\/\/centros.uepb.edu.br\/ccbsa\/files\/2019\/05\/IMG_3800-768x440.jpg 768w, https:\/\/centros.uepb.edu.br\/ccbsa\/files\/2019\/05\/IMG_3800-370x212.jpg 370w\" sizes=\"auto, (max-width: 840px) 100vw, 840px\" \/><\/a>\n\t\t\t<\/dt><\/dl><dl class='gallery-item'>\n\t\t\t<dt class='gallery-icon landscape'>\n\t\t\t\t<a href='https:\/\/centros.uepb.edu.br\/ccbsa\/files\/2019\/05\/IMG_3786.jpg'><img loading=\"lazy\" decoding=\"async\" width=\"840\" height=\"739\" src=\"https:\/\/centros.uepb.edu.br\/ccbsa\/files\/2019\/05\/IMG_3786.jpg\" class=\"attachment-full size-full\" alt=\"\" srcset=\"https:\/\/centros.uepb.edu.br\/ccbsa\/files\/2019\/05\/IMG_3786.jpg 840w, https:\/\/centros.uepb.edu.br\/ccbsa\/files\/2019\/05\/IMG_3786-300x264.jpg 300w, https:\/\/centros.uepb.edu.br\/ccbsa\/files\/2019\/05\/IMG_3786-768x676.jpg 768w, https:\/\/centros.uepb.edu.br\/ccbsa\/files\/2019\/05\/IMG_3786-370x326.jpg 370w\" sizes=\"auto, (max-width: 840px) 100vw, 840px\" \/><\/a>\n\t\t\t<\/dt><\/dl><dl class='gallery-item'>\n\t\t\t<dt class='gallery-icon landscape'>\n\t\t\t\t<a href='https:\/\/centros.uepb.edu.br\/ccbsa\/files\/2019\/05\/IMG_3756.jpg'><img loading=\"lazy\" decoding=\"async\" width=\"840\" height=\"454\" src=\"https:\/\/centros.uepb.edu.br\/ccbsa\/files\/2019\/05\/IMG_3756.jpg\" class=\"attachment-full size-full\" alt=\"\" srcset=\"https:\/\/centros.uepb.edu.br\/ccbsa\/files\/2019\/05\/IMG_3756.jpg 840w, https:\/\/centros.uepb.edu.br\/ccbsa\/files\/2019\/05\/IMG_3756-300x162.jpg 300w, https:\/\/centros.uepb.edu.br\/ccbsa\/files\/2019\/05\/IMG_3756-768x415.jpg 768w, https:\/\/centros.uepb.edu.br\/ccbsa\/files\/2019\/05\/IMG_3756-370x200.jpg 370w\" sizes=\"auto, (max-width: 840px) 100vw, 840px\" \/><\/a>\n\t\t\t<\/dt><\/dl><br style=\"clear: both\" \/>\n\t\t<\/div>\n\n<p>A dire\u00e7\u00e3o do Centro de Ci\u00eancias Biol\u00f3gicas e Sociais Aplicadas (CCBSA) da Universidade Estadual da Para\u00edba (UEPB) realizou, na manh\u00e3 desta quinta-feira (23), no hall da biblioteca uma assembleia, para discutir junto aos discentes, docentes e t\u00e9cnicos-administrativos como organizar a participa\u00e7\u00e3o da comunidade acad\u00eamica na sess\u00e3o do Or\u00e7amento Democr\u00e1tico do Estado da Para\u00edba Jo\u00e3o Pessoa, que ocorrer\u00e1 dia 1 de junho, \u00e0s 16h30 na Pra\u00e7a do Povo do Espa\u00e7o Cultural Jos\u00e9 Lins do R\u00eago.<\/p>\n<p>Na oportunidade a professora Jacqueline Echeverr\u00eda Barrancos destacou a import\u00e2ncia do envolvimento de toda a comunidade acad\u00eamica nesta a\u00e7\u00e3o para buscar reivindicar junto ao Governo do Estado a constru\u00e7\u00e3o de espa\u00e7os e melhorias que n\u00e3o foram contemplados com a demanda de 2017, como, por exemplo, a biblioteca, um audit\u00f3rio com maior capacidade, um arquivo geral do CCBSA, \u00e1reas que devem ser constru\u00eddas, espa\u00e7os de viv\u00eancia e revis\u00e3o de todas as instala\u00e7\u00f5es do Campus V, incluindo fachada. O coordenador do curso de Arquivologia, professor Henrique Fran\u00e7a, corroborou com essa perspectiva evidenciando a necessidade de envolvimento dos estudantes, t\u00e9cnicos-administrativos e docentes &#8220;em prol de uma causa destinada a beneficiar todos que comp\u00f5em CCBSA.<\/p>\n<p>O coordenador-adjunto do curso de Ci\u00eancias Biol\u00f3gicas, professor Vancarder Brito, enfatizou a necessidade de uma reforma estrutural em todo o pr\u00e9dio atualmente utilizado pelos cursos do Campus V e laborat\u00f3rios. Essa demanda foi refor\u00e7ada pelos demais docentes e t\u00e9cnicos-administrativos presentes.<\/p>\n<p>A bibliotec\u00e1ria Liliane Braga Rolim destacou a import\u00e2ncia da constru\u00e7\u00e3o de uma biblioteca adequada, com isolamento ac\u00fastico, espa\u00e7os para estudo em grupo e individual, uma \u00e1rea maior para atendimento, corredores acess\u00edveis para cadeirantes, entre outros pontos. A t\u00e9cnica-administrativa lembrou que nas avalia\u00e7\u00f5es dos cursos de gradua\u00e7\u00e3o realizadas pelo MEC a biblioteca \u00e9 um dos itens principais que podem elevar ou baixar a pontua\u00e7\u00e3o obtida.<\/p>\n<p>Em 2017, ap\u00f3s a mobiliza\u00e7\u00e3o da comunidade acad\u00eamica na sess\u00e3o do Or\u00e7amento Democr\u00e1tico, foi assegurada pelo Governo do Estado a constru\u00e7\u00e3o do bloco de salas de aula do Campus V que dever\u00e1 ser entregue at\u00e9 agosto deste ano.\u00a0De acordo com a diretora do CCBSA, professora Jacqueline Echeverr\u00eda Barrancos, a ideia \u00e9 realizar dessa vez uma mobiliza\u00e7\u00e3o semelhante \u00e0 de 2017. Para tanto ser\u00e1 realizada uma oficina de cartazes no dia 31 de maio, das 9 \u00e0s 12h.<\/p>\n<p><em><strong>Texto e fotos:<\/strong> Juliana Marques<\/em><\/p>\n","protected":false},"excerpt":{"rendered":"<p>&nbsp; A dire\u00e7\u00e3o do Centro de Ci\u00eancias Biol\u00f3gicas e Sociais Aplicadas (CCBSA) da Universidade Estadual da Para\u00edba (UEPB) realizou, na manh\u00e3 desta quinta-feira (23), no hall da biblioteca uma assembleia, para discutir junto aos discentes, docentes e t\u00e9cnicos-administrativos como organizar a participa\u00e7\u00e3o da comunidade acad\u00eamica na sess\u00e3o do Or\u00e7amento Democr\u00e1tico do Estado da Para\u00edba Jo\u00e3o <a class=\"leiamais\" href=\"https:\/\/centros.uepb.edu.br\/ccbsa\/direcao-de-centro-realiza-assembleia-para-discutir-com-a-comunidade-academica-estrategias-de-participacao-no-orcamento-democratico-estadual\/\">Leia Mais&#8230;<\/a><\/p>\n","protected":false},"author":8,"featured_media":6137,"comment_status":"closed","ping_status":"closed","sticky":false,"template":"","format":"standard","meta":{"footnotes":""},"categories":[3,11],"tags":[],"class_list":["post-6134","post","type-post","status-publish","format-standard","has-post-thumbnail","hentry","category-noticias","category-noticias-destaque-img"],"jetpack_featured_media_url":"https:\/\/centros.uepb.edu.br\/ccbsa\/files\/2019\/05\/IMG_3756.jpg","_links":{"self":[{"href":"https:\/\/centros.uepb.edu.br\/ccbsa\/wp-json\/wp\/v2\/posts\/6134","targetHints":{"allow":["GET"]}}],"collection":[{"href":"https:\/\/centros.uepb.edu.br\/ccbsa\/wp-json\/wp\/v2\/posts"}],"about":[{"href":"https:\/\/centros.uepb.edu.br\/ccbsa\/wp-json\/wp\/v2\/types\/post"}],"author":[{"embeddable":true,"href":"https:\/\/centros.uepb.edu.br\/ccbsa\/wp-json\/wp\/v2\/users\/8"}],"replies":[{"embeddable":true,"href":"https:\/\/centros.uepb.edu.br\/ccbsa\/wp-json\/wp\/v2\/comments?post=6134"}],"version-history":[{"count":0,"href":"https:\/\/centros.uepb.edu.br\/ccbsa\/wp-json\/wp\/v2\/posts\/6134\/revisions"}],"wp:featuredmedia":[{"embeddable":true,"href":"https:\/\/centros.uepb.edu.br\/ccbsa\/wp-json\/wp\/v2\/media\/6137"}],"wp:attachment":[{"href":"https:\/\/centros.uepb.edu.br\/ccbsa\/wp-json\/wp\/v2\/media?parent=6134"}],"wp:term":[{"taxonomy":"category","embeddable":true,"href":"https:\/\/centros.uepb.edu.br\/ccbsa\/wp-json\/wp\/v2\/categories?post=6134"},{"taxonomy":"post_tag","embeddable":true,"href":"https:\/\/centros.uepb.edu.br\/ccbsa\/wp-json\/wp\/v2\/tags?post=6134"}],"curies":[{"name":"wp","href":"https:\/\/api.w.org\/{rel}","templated":true}]}}