{"id":6094,"date":"2019-05-06T13:31:54","date_gmt":"2019-05-06T13:31:54","guid":{"rendered":"https:\/\/centros.uepb.edu.br\/ccbsa\/?p=6094"},"modified":"2019-05-06T15:12:20","modified_gmt":"2019-05-06T15:12:20","slug":"projeto-de-extensao-do-campus-v-realiza-curso-gratuito-de-compostagem-com-gestora-ambiental-da-sedap","status":"publish","type":"post","link":"https:\/\/centros.uepb.edu.br\/ccbsa\/projeto-de-extensao-do-campus-v-realiza-curso-gratuito-de-compostagem-com-gestora-ambiental-da-sedap\/","title":{"rendered":"Projeto de extens\u00e3o do Campus V realiza curso gratuito de compostagem com gestora ambiental da SEDAP"},"content":{"rendered":"<p><a href=\"https:\/\/centros.uepb.edu.br\/ccbsa\/files\/2019\/05\/IMG_3750.jpg\"><img loading=\"lazy\" decoding=\"async\" class=\"aligncenter size-full wp-image-6095 img-responsive\" src=\"https:\/\/centros.uepb.edu.br\/ccbsa\/files\/2019\/05\/IMG_3750.jpg\" alt=\"\" width=\"840\" height=\"454\" srcset=\"https:\/\/centros.uepb.edu.br\/ccbsa\/files\/2019\/05\/IMG_3750.jpg 840w, https:\/\/centros.uepb.edu.br\/ccbsa\/files\/2019\/05\/IMG_3750-300x162.jpg 300w, https:\/\/centros.uepb.edu.br\/ccbsa\/files\/2019\/05\/IMG_3750-768x415.jpg 768w, https:\/\/centros.uepb.edu.br\/ccbsa\/files\/2019\/05\/IMG_3750-370x200.jpg 370w\" sizes=\"auto, (max-width: 840px) 100vw, 840px\" \/><\/a><\/p>\n<p>Estudantes, docentes e t\u00e9cnicos-administrativos do Campus V da Universidade Estadual da Para\u00edba (UEPB) participaram, na quinta e sexta-feira (3), da etapa te\u00f3rica do curso \u201cCompostagem: teoria e pr\u00e1tica\u201d, que integra as a\u00e7\u00f5es do projeto de extens\u00e3o \u201cCompostagem dom\u00e9stica: uma solu\u00e7\u00e3o simples e eficaz\u201d.<\/p>\n<p>O curso \u00e9 ministrado pela gestora ambiental da Diretoria de Abastecimento e Servi\u00e7os Agr\u00edcolas, que \u00e9 vinculada \u00e0 Secretaria de Estado do Desenvolvimento da Agropecu\u00e1ria e da Pesca (<span class=\"highlightedSearchTerm\">Sedap<\/span>) da Para\u00edba, Silvana Alves. Segundo Silvana a forma\u00e7\u00e3o j\u00e1 \u00e9 ministrada em institui\u00e7\u00f5es estaduais, escolas, pres\u00eddios, assentamentos rurais, Organiza\u00e7\u00f5es N\u00e3o Governamentais, entre outros.<\/p>\n<p>Durante as aulas te\u00f3ricas foram abordadas quest\u00f5es como a destina\u00e7\u00e3o inadequada dos res\u00edduos, a legisla\u00e7\u00e3o relacionada ao plano nacional de res\u00edduos s\u00f3lidos, a coleta seletiva, entre outras quest\u00f5es. As atividades pr\u00e1ticas\u00a0ser\u00e3o realizadas no dia 14 de maio, na Diretoria de Abastecimento e Servi\u00e7os Agr\u00edcolas no bairro do Cristo.<\/p>\n<p>\u201cHoje em dia h\u00e1 uma grande preocupa\u00e7\u00e3o com a reciclagem do lixo seco mas, o lixo dom\u00e9stico org\u00e2nico, que corresponde a 70% do lixo produzido, \u00e9 encaminhado aos aterros e produz res\u00edduos t\u00f3xicos que agridem o meio ambiente. Ent\u00e3o, criamos esse curso com o objetivo de dar a nossa contribui\u00e7\u00e3o para um ecossistema mais equilibrado\u201d, explica o coordenador do projeto, professor \u00canio Wocyli Dantas.<\/p>\n<p>&nbsp;<\/p>\n","protected":false},"excerpt":{"rendered":"<p>Estudantes, docentes e t\u00e9cnicos-administrativos do Campus V da Universidade Estadual da Para\u00edba (UEPB) participaram, na quinta e sexta-feira (3), da etapa te\u00f3rica do curso \u201cCompostagem: teoria e pr\u00e1tica\u201d, que integra as a\u00e7\u00f5es do projeto de extens\u00e3o \u201cCompostagem dom\u00e9stica: uma solu\u00e7\u00e3o simples e eficaz\u201d. O curso \u00e9 ministrado pela gestora ambiental da Diretoria de Abastecimento e <a class=\"leiamais\" href=\"https:\/\/centros.uepb.edu.br\/ccbsa\/projeto-de-extensao-do-campus-v-realiza-curso-gratuito-de-compostagem-com-gestora-ambiental-da-sedap\/\">Leia Mais&#8230;<\/a><\/p>\n","protected":false},"author":8,"featured_media":6095,"comment_status":"closed","ping_status":"closed","sticky":false,"template":"","format":"standard","meta":{"footnotes":""},"categories":[3,11],"tags":[],"class_list":["post-6094","post","type-post","status-publish","format-standard","has-post-thumbnail","hentry","category-noticias","category-noticias-destaque-img"],"jetpack_featured_media_url":"https:\/\/centros.uepb.edu.br\/ccbsa\/files\/2019\/05\/IMG_3750.jpg","_links":{"self":[{"href":"https:\/\/centros.uepb.edu.br\/ccbsa\/wp-json\/wp\/v2\/posts\/6094","targetHints":{"allow":["GET"]}}],"collection":[{"href":"https:\/\/centros.uepb.edu.br\/ccbsa\/wp-json\/wp\/v2\/posts"}],"about":[{"href":"https:\/\/centros.uepb.edu.br\/ccbsa\/wp-json\/wp\/v2\/types\/post"}],"author":[{"embeddable":true,"href":"https:\/\/centros.uepb.edu.br\/ccbsa\/wp-json\/wp\/v2\/users\/8"}],"replies":[{"embeddable":true,"href":"https:\/\/centros.uepb.edu.br\/ccbsa\/wp-json\/wp\/v2\/comments?post=6094"}],"version-history":[{"count":0,"href":"https:\/\/centros.uepb.edu.br\/ccbsa\/wp-json\/wp\/v2\/posts\/6094\/revisions"}],"wp:featuredmedia":[{"embeddable":true,"href":"https:\/\/centros.uepb.edu.br\/ccbsa\/wp-json\/wp\/v2\/media\/6095"}],"wp:attachment":[{"href":"https:\/\/centros.uepb.edu.br\/ccbsa\/wp-json\/wp\/v2\/media?parent=6094"}],"wp:term":[{"taxonomy":"category","embeddable":true,"href":"https:\/\/centros.uepb.edu.br\/ccbsa\/wp-json\/wp\/v2\/categories?post=6094"},{"taxonomy":"post_tag","embeddable":true,"href":"https:\/\/centros.uepb.edu.br\/ccbsa\/wp-json\/wp\/v2\/tags?post=6094"}],"curies":[{"name":"wp","href":"https:\/\/api.w.org\/{rel}","templated":true}]}}