{"id":609,"date":"2013-08-02T13:06:04","date_gmt":"2013-08-02T13:06:04","guid":{"rendered":"\/ccbsa\/?p=609"},"modified":"2013-08-02T13:06:04","modified_gmt":"2013-08-02T13:06:04","slug":"pro-reitoria-de-graduacao-informa-sobre-alteracao-em-prazos-do-calendario-universitario","status":"publish","type":"post","link":"https:\/\/centros.uepb.edu.br\/ccbsa\/pro-reitoria-de-graduacao-informa-sobre-alteracao-em-prazos-do-calendario-universitario\/","title":{"rendered":"Pr\u00f3-Reitoria de Gradua\u00e7\u00e3o informa sobre altera\u00e7\u00e3o em prazos do calend\u00e1rio universit\u00e1rio"},"content":{"rendered":"<p>A Pr\u00f3-Reitoria de Gradua\u00e7\u00e3o (PROEG) da Universidade Estadual da Para\u00edba (UEPB) informa \u00e0 comunidade acad\u00eamica que as datas destinadas \u00e0 solicita\u00e7\u00e3o de transfer\u00eancia de outra institui\u00e7\u00e3o de ensino superior para a UEPB no per\u00edodo letivo 2013.2 e efetiva\u00e7\u00e3o de matr\u00edcula para 2014 foram alteradas.<\/p>\n<p>De acordo com os novos prazos estabelecidos no calend\u00e1rio universit\u00e1rio, as solicita\u00e7\u00f5es de transfer\u00eancia de IES devem ser feitas entre os dias 5 e 16 de agosto. J\u00e1 o per\u00edodo de matr\u00edcula dos aprovados no Vestibular 2014 ser\u00e1 de 10 a 12 de fevereiro do pr\u00f3ximo ano. O calend\u00e1rio acad\u00eamico pode ser acessado atrav\u00e9s do endere\u00e7o eletr\u00f4nico <a href=\"http:\/\/proreitorias.uepb.edu.br\/proeg\/\">http:\/\/proreitorias.uepb.edu.br\/proeg\/<\/a>.<\/p>\n","protected":false},"excerpt":{"rendered":"<p>A Pr\u00f3-Reitoria de Gradua\u00e7\u00e3o (PROEG) da Universidade Estadual da Para\u00edba (UEPB) informa \u00e0 comunidade acad\u00eamica que as datas destinadas \u00e0 solicita\u00e7\u00e3o de transfer\u00eancia de outra institui\u00e7\u00e3o de ensino superior para a UEPB no per\u00edodo letivo 2013.2 e efetiva\u00e7\u00e3o de matr\u00edcula para 2014 foram alteradas. De acordo com os novos prazos estabelecidos no calend\u00e1rio universit\u00e1rio, as <a class=\"leiamais\" href=\"https:\/\/centros.uepb.edu.br\/ccbsa\/pro-reitoria-de-graduacao-informa-sobre-alteracao-em-prazos-do-calendario-universitario\/\">Leia Mais&#8230;<\/a><\/p>\n","protected":false},"author":8,"featured_media":0,"comment_status":"open","ping_status":"open","sticky":false,"template":"","format":"standard","meta":{"footnotes":""},"categories":[3,5],"tags":[],"class_list":["post-609","post","type-post","status-publish","format-standard","hentry","category-noticias","category-visiveis"],"jetpack_featured_media_url":"","_links":{"self":[{"href":"https:\/\/centros.uepb.edu.br\/ccbsa\/wp-json\/wp\/v2\/posts\/609","targetHints":{"allow":["GET"]}}],"collection":[{"href":"https:\/\/centros.uepb.edu.br\/ccbsa\/wp-json\/wp\/v2\/posts"}],"about":[{"href":"https:\/\/centros.uepb.edu.br\/ccbsa\/wp-json\/wp\/v2\/types\/post"}],"author":[{"embeddable":true,"href":"https:\/\/centros.uepb.edu.br\/ccbsa\/wp-json\/wp\/v2\/users\/8"}],"replies":[{"embeddable":true,"href":"https:\/\/centros.uepb.edu.br\/ccbsa\/wp-json\/wp\/v2\/comments?post=609"}],"version-history":[{"count":0,"href":"https:\/\/centros.uepb.edu.br\/ccbsa\/wp-json\/wp\/v2\/posts\/609\/revisions"}],"wp:attachment":[{"href":"https:\/\/centros.uepb.edu.br\/ccbsa\/wp-json\/wp\/v2\/media?parent=609"}],"wp:term":[{"taxonomy":"category","embeddable":true,"href":"https:\/\/centros.uepb.edu.br\/ccbsa\/wp-json\/wp\/v2\/categories?post=609"},{"taxonomy":"post_tag","embeddable":true,"href":"https:\/\/centros.uepb.edu.br\/ccbsa\/wp-json\/wp\/v2\/tags?post=609"}],"curies":[{"name":"wp","href":"https:\/\/api.w.org\/{rel}","templated":true}]}}