{"id":6084,"date":"2019-05-03T15:07:57","date_gmt":"2019-05-03T15:07:57","guid":{"rendered":"https:\/\/centros.uepb.edu.br\/ccbsa\/?p=6084"},"modified":"2019-05-03T15:07:57","modified_gmt":"2019-05-03T15:07:57","slug":"campus-v-realiza-comemoracao-ao-dia-do-indio-com-a-participacao-de-indios-potiguaras-da-baia-da-traicao","status":"publish","type":"post","link":"https:\/\/centros.uepb.edu.br\/ccbsa\/campus-v-realiza-comemoracao-ao-dia-do-indio-com-a-participacao-de-indios-potiguaras-da-baia-da-traicao\/","title":{"rendered":"Campus V realiza comemora\u00e7\u00e3o ao Dia do \u00edndio com a participa\u00e7\u00e3o de \u00edndios Potiguaras da Ba\u00eda da Trai\u00e7\u00e3o"},"content":{"rendered":"\n\t\t<style type=\"text\/css\">\n\t\t\t#gallery-1 {\n\t\t\t\tmargin: auto;\n\t\t\t}\n\t\t\t#gallery-1 .gallery-item {\n\t\t\t\tfloat: left;\n\t\t\t\tmargin-top: 10px;\n\t\t\t\ttext-align: center;\n\t\t\t\twidth: 33%;\n\t\t\t}\n\t\t\t#gallery-1 img {\n\t\t\t\tborder: 2px solid #cfcfcf;\n\t\t\t}\n\t\t\t#gallery-1 .gallery-caption {\n\t\t\t\tmargin-left: 0;\n\t\t\t}\n\t\t\t\/* see gallery_shortcode() in wp-includes\/media.php *\/\n\t\t<\/style>\n\t\t<div id='gallery-1' class='gallery galleryid-6084 gallery-columns-3 gallery-size-full'><dl class='gallery-item'>\n\t\t\t<dt class='gallery-icon landscape'>\n\t\t\t\t<a href='https:\/\/centros.uepb.edu.br\/ccbsa\/files\/2019\/05\/DIA-DO-\u00cdNDIO1.jpg'><img loading=\"lazy\" decoding=\"async\" width=\"840\" height=\"454\" src=\"https:\/\/centros.uepb.edu.br\/ccbsa\/files\/2019\/05\/DIA-DO-\u00cdNDIO1.jpg\" class=\"attachment-full size-full\" alt=\"\" srcset=\"https:\/\/centros.uepb.edu.br\/ccbsa\/files\/2019\/05\/DIA-DO-\u00cdNDIO1.jpg 840w, https:\/\/centros.uepb.edu.br\/ccbsa\/files\/2019\/05\/DIA-DO-\u00cdNDIO1-300x162.jpg 300w, https:\/\/centros.uepb.edu.br\/ccbsa\/files\/2019\/05\/DIA-DO-\u00cdNDIO1-768x415.jpg 768w, https:\/\/centros.uepb.edu.br\/ccbsa\/files\/2019\/05\/DIA-DO-\u00cdNDIO1-370x200.jpg 370w\" sizes=\"auto, (max-width: 840px) 100vw, 840px\" \/><\/a>\n\t\t\t<\/dt><\/dl><dl class='gallery-item'>\n\t\t\t<dt class='gallery-icon landscape'>\n\t\t\t\t<a href='https:\/\/centros.uepb.edu.br\/ccbsa\/files\/2019\/05\/DIA-DO-\u00cdNDIO-2.jpg'><img loading=\"lazy\" decoding=\"async\" width=\"840\" height=\"454\" src=\"https:\/\/centros.uepb.edu.br\/ccbsa\/files\/2019\/05\/DIA-DO-\u00cdNDIO-2.jpg\" class=\"attachment-full size-full\" alt=\"\" srcset=\"https:\/\/centros.uepb.edu.br\/ccbsa\/files\/2019\/05\/DIA-DO-\u00cdNDIO-2.jpg 840w, https:\/\/centros.uepb.edu.br\/ccbsa\/files\/2019\/05\/DIA-DO-\u00cdNDIO-2-300x162.jpg 300w, https:\/\/centros.uepb.edu.br\/ccbsa\/files\/2019\/05\/DIA-DO-\u00cdNDIO-2-768x415.jpg 768w, https:\/\/centros.uepb.edu.br\/ccbsa\/files\/2019\/05\/DIA-DO-\u00cdNDIO-2-370x200.jpg 370w\" sizes=\"auto, (max-width: 840px) 100vw, 840px\" \/><\/a>\n\t\t\t<\/dt><\/dl><dl class='gallery-item'>\n\t\t\t<dt class='gallery-icon landscape'>\n\t\t\t\t<a href='https:\/\/centros.uepb.edu.br\/ccbsa\/files\/2019\/05\/DIA-DO-\u00cdNDIO3.jpg'><img loading=\"lazy\" decoding=\"async\" width=\"840\" height=\"454\" src=\"https:\/\/centros.uepb.edu.br\/ccbsa\/files\/2019\/05\/DIA-DO-\u00cdNDIO3.jpg\" class=\"attachment-full size-full\" alt=\"\" srcset=\"https:\/\/centros.uepb.edu.br\/ccbsa\/files\/2019\/05\/DIA-DO-\u00cdNDIO3.jpg 840w, https:\/\/centros.uepb.edu.br\/ccbsa\/files\/2019\/05\/DIA-DO-\u00cdNDIO3-300x162.jpg 300w, https:\/\/centros.uepb.edu.br\/ccbsa\/files\/2019\/05\/DIA-DO-\u00cdNDIO3-768x415.jpg 768w, https:\/\/centros.uepb.edu.br\/ccbsa\/files\/2019\/05\/DIA-DO-\u00cdNDIO3-370x200.jpg 370w\" sizes=\"auto, (max-width: 840px) 100vw, 840px\" \/><\/a>\n\t\t\t<\/dt><\/dl><br style=\"clear: both\" \/><dl class='gallery-item'>\n\t\t\t<dt class='gallery-icon landscape'>\n\t\t\t\t<a href='https:\/\/centros.uepb.edu.br\/ccbsa\/files\/2019\/05\/DIA-DO-\u00cdNDIO4.jpg'><img loading=\"lazy\" decoding=\"async\" width=\"840\" height=\"454\" src=\"https:\/\/centros.uepb.edu.br\/ccbsa\/files\/2019\/05\/DIA-DO-\u00cdNDIO4.jpg\" class=\"attachment-full size-full\" alt=\"\" srcset=\"https:\/\/centros.uepb.edu.br\/ccbsa\/files\/2019\/05\/DIA-DO-\u00cdNDIO4.jpg 840w, https:\/\/centros.uepb.edu.br\/ccbsa\/files\/2019\/05\/DIA-DO-\u00cdNDIO4-300x162.jpg 300w, https:\/\/centros.uepb.edu.br\/ccbsa\/files\/2019\/05\/DIA-DO-\u00cdNDIO4-768x415.jpg 768w, https:\/\/centros.uepb.edu.br\/ccbsa\/files\/2019\/05\/DIA-DO-\u00cdNDIO4-370x200.jpg 370w\" sizes=\"auto, (max-width: 840px) 100vw, 840px\" \/><\/a>\n\t\t\t<\/dt><\/dl>\n\t\t\t<br style='clear: both' \/>\n\t\t<\/div>\n\n<p>A dire\u00e7\u00e3o do Centro de Ci\u00eancias Biol\u00f3gicas e Sociais Aplicadas (CCBSA) da Universidade Estadual da Para\u00edba (UEPB) em parceria com o Campus III de Guarabira, realizou, na noite de ter\u00e7a-feira (30), um evento alusivo ao dia do \u00edndio, celebrada no dia 19 de abril. O evento contou com a participa\u00e7\u00e3o de \u00edndios Potiguaras, estudantes, t\u00e9cnicos-administrativos e professores da UEPB.<\/p>\n<p>Na ocasi\u00e3o, o professor do Campus III, Jo\u00e3o Irineu, fez o lan\u00e7amento do seu livro, &#8220;Representa\u00e7\u00e3o Liter\u00e1ria da Escravid\u00e3o na Cont\u00edstica Machadiana&#8221;, no qual aborda contribui\u00e7\u00f5es sociol\u00f3gicas acerca do fen\u00f4meno da escravid\u00e3o, evidenciado nos fatores est\u00e9ticos da linguagem que constituem as obras de Machado de Assis.<\/p>\n<p>A l\u00edder da comunidade Potiguara Maria Soares Gomes, falou sobre os costumes do povo Potiguara, a cultura, pol\u00edticas p\u00fablicas e as dificuldades de intera\u00e7\u00e3o com a sociedade e de aceita\u00e7\u00e3o, enfrentados pelo povo ind\u00edgena no pa\u00eds.<\/p>\n<p>\u201cO clima e as conversas se estenderam, ao falar tamb\u00e9m das minhas ra\u00edzes ind\u00edgenas e mostrando que na Bol\u00edvia temos um presidente \u00edndio, o Evo Morales, o qual resgatou a valoriza\u00e7\u00e3o e integra\u00e7\u00e3o a sociedade dos Quechuas, Aimaras, Chiquitanos, Guarayos. Ayoreos e outros\u201d, destacou a diretora do CCBSA, professora Jacqueline Echeverr\u00eda Barrancos.<\/p>\n<p><strong>Sobre o dia do \u00edndio<\/strong><\/p>\n<p>O Dia do \u00cdndio, celebrado no Brasil em 19 de abril, foi criado pelo presidente Get\u00falio Vargas, atrav\u00e9s do decreto-lei 5540 de 1943. A data de 19 de abril foi proposta em 1940, pelas lideran\u00e7as ind\u00edgenas do continente que participaram do Congresso Indigenista Interamericano, realizado no M\u00e9xico. Eles haviam boicotado os dias iniciais do evento, temendo que suas reivindica\u00e7\u00f5es n\u00e3o fossem ouvidas pelos &#8220;homens brancos&#8221;. Durante este congresso foi criado o Instituto Indigenista Interamericano, tamb\u00e9m sediado no M\u00e9xico, que tem como fun\u00e7\u00e3o zelar pelos direitos dos ind\u00edgenas na Am\u00e9rica. O Brasil n\u00e3o aderiu imediatamente ao instituto, mas, com a interven\u00e7\u00e3o do Marechal Rondon, apresentou sua ades\u00e3o e instituiu o Dia do \u00cdndio no dia 19 de abril, cumprindo a proposta do Congresso de 1940.<\/p>\n<p>A data pode ser considerada como um motivo de reflex\u00e3o sobre os valores culturais dos povos ind\u00edgenas e a import\u00e2ncia da preserva\u00e7\u00e3o e respeito a esses valores.<\/p>\n<p><em><strong>Texto:<\/strong> Juliana Marques<\/em><br \/>\n<em><strong>Fotos:<\/strong> Josiglay Silva<\/em><\/p>\n","protected":false},"excerpt":{"rendered":"<p>A dire\u00e7\u00e3o do Centro de Ci\u00eancias Biol\u00f3gicas e Sociais Aplicadas (CCBSA) da Universidade Estadual da Para\u00edba (UEPB) em parceria com o Campus III de Guarabira, realizou, na noite de ter\u00e7a-feira (30), um evento alusivo ao dia do \u00edndio, celebrada no dia 19 de abril. O evento contou com a participa\u00e7\u00e3o de \u00edndios Potiguaras, estudantes, t\u00e9cnicos-administrativos <a class=\"leiamais\" href=\"https:\/\/centros.uepb.edu.br\/ccbsa\/campus-v-realiza-comemoracao-ao-dia-do-indio-com-a-participacao-de-indios-potiguaras-da-baia-da-traicao\/\">Leia Mais&#8230;<\/a><\/p>\n","protected":false},"author":8,"featured_media":6085,"comment_status":"closed","ping_status":"closed","sticky":false,"template":"","format":"standard","meta":{"footnotes":""},"categories":[3,11],"tags":[],"class_list":["post-6084","post","type-post","status-publish","format-standard","has-post-thumbnail","hentry","category-noticias","category-noticias-destaque-img"],"jetpack_featured_media_url":"https:\/\/centros.uepb.edu.br\/ccbsa\/files\/2019\/05\/DIA-DO-\u00cdNDIO1.jpg","_links":{"self":[{"href":"https:\/\/centros.uepb.edu.br\/ccbsa\/wp-json\/wp\/v2\/posts\/6084","targetHints":{"allow":["GET"]}}],"collection":[{"href":"https:\/\/centros.uepb.edu.br\/ccbsa\/wp-json\/wp\/v2\/posts"}],"about":[{"href":"https:\/\/centros.uepb.edu.br\/ccbsa\/wp-json\/wp\/v2\/types\/post"}],"author":[{"embeddable":true,"href":"https:\/\/centros.uepb.edu.br\/ccbsa\/wp-json\/wp\/v2\/users\/8"}],"replies":[{"embeddable":true,"href":"https:\/\/centros.uepb.edu.br\/ccbsa\/wp-json\/wp\/v2\/comments?post=6084"}],"version-history":[{"count":0,"href":"https:\/\/centros.uepb.edu.br\/ccbsa\/wp-json\/wp\/v2\/posts\/6084\/revisions"}],"wp:featuredmedia":[{"embeddable":true,"href":"https:\/\/centros.uepb.edu.br\/ccbsa\/wp-json\/wp\/v2\/media\/6085"}],"wp:attachment":[{"href":"https:\/\/centros.uepb.edu.br\/ccbsa\/wp-json\/wp\/v2\/media?parent=6084"}],"wp:term":[{"taxonomy":"category","embeddable":true,"href":"https:\/\/centros.uepb.edu.br\/ccbsa\/wp-json\/wp\/v2\/categories?post=6084"},{"taxonomy":"post_tag","embeddable":true,"href":"https:\/\/centros.uepb.edu.br\/ccbsa\/wp-json\/wp\/v2\/tags?post=6084"}],"curies":[{"name":"wp","href":"https:\/\/api.w.org\/{rel}","templated":true}]}}