{"id":6071,"date":"2019-04-26T13:48:23","date_gmt":"2019-04-26T13:48:23","guid":{"rendered":"https:\/\/centros.uepb.edu.br\/ccbsa\/?p=6071"},"modified":"2019-04-26T13:48:23","modified_gmt":"2019-04-26T13:48:23","slug":"terceira-edicao-do-festival-de-artes-e-participacao-social-do-campus-v-debate-metas-pessoais-e-desafios-sociais","status":"publish","type":"post","link":"https:\/\/centros.uepb.edu.br\/ccbsa\/terceira-edicao-do-festival-de-artes-e-participacao-social-do-campus-v-debate-metas-pessoais-e-desafios-sociais\/","title":{"rendered":"Terceira edi\u00e7\u00e3o do Festival de Artes e Participa\u00e7\u00e3o Social do Campus V debate metas pessoais e desafios sociais"},"content":{"rendered":"\n\t\t<style type=\"text\/css\">\n\t\t\t#gallery-1 {\n\t\t\t\tmargin: auto;\n\t\t\t}\n\t\t\t#gallery-1 .gallery-item {\n\t\t\t\tfloat: left;\n\t\t\t\tmargin-top: 10px;\n\t\t\t\ttext-align: center;\n\t\t\t\twidth: 33%;\n\t\t\t}\n\t\t\t#gallery-1 img {\n\t\t\t\tborder: 2px solid #cfcfcf;\n\t\t\t}\n\t\t\t#gallery-1 .gallery-caption {\n\t\t\t\tmargin-left: 0;\n\t\t\t}\n\t\t\t\/* see gallery_shortcode() in wp-includes\/media.php *\/\n\t\t<\/style>\n\t\t<div id='gallery-1' class='gallery galleryid-6071 gallery-columns-3 gallery-size-full'><dl class='gallery-item'>\n\t\t\t<dt class='gallery-icon landscape'>\n\t\t\t\t<a href='https:\/\/centros.uepb.edu.br\/ccbsa\/files\/2019\/04\/Farpas-2019-28.jpeg'><img loading=\"lazy\" decoding=\"async\" width=\"1024\" height=\"576\" src=\"https:\/\/centros.uepb.edu.br\/ccbsa\/files\/2019\/04\/Farpas-2019-28.jpeg\" class=\"attachment-full size-full\" alt=\"\" srcset=\"https:\/\/centros.uepb.edu.br\/ccbsa\/files\/2019\/04\/Farpas-2019-28.jpeg 1024w, https:\/\/centros.uepb.edu.br\/ccbsa\/files\/2019\/04\/Farpas-2019-28-300x169.jpeg 300w, https:\/\/centros.uepb.edu.br\/ccbsa\/files\/2019\/04\/Farpas-2019-28-768x432.jpeg 768w, https:\/\/centros.uepb.edu.br\/ccbsa\/files\/2019\/04\/Farpas-2019-28-370x208.jpeg 370w, https:\/\/centros.uepb.edu.br\/ccbsa\/files\/2019\/04\/Farpas-2019-28-840x473.jpeg 840w\" sizes=\"auto, (max-width: 1024px) 100vw, 1024px\" \/><\/a>\n\t\t\t<\/dt><\/dl><dl class='gallery-item'>\n\t\t\t<dt class='gallery-icon landscape'>\n\t\t\t\t<a href='https:\/\/centros.uepb.edu.br\/ccbsa\/files\/2019\/04\/Farpas-2019-27.jpeg'><img loading=\"lazy\" decoding=\"async\" width=\"1024\" height=\"576\" src=\"https:\/\/centros.uepb.edu.br\/ccbsa\/files\/2019\/04\/Farpas-2019-27.jpeg\" class=\"attachment-full size-full\" alt=\"\" srcset=\"https:\/\/centros.uepb.edu.br\/ccbsa\/files\/2019\/04\/Farpas-2019-27.jpeg 1024w, https:\/\/centros.uepb.edu.br\/ccbsa\/files\/2019\/04\/Farpas-2019-27-300x169.jpeg 300w, https:\/\/centros.uepb.edu.br\/ccbsa\/files\/2019\/04\/Farpas-2019-27-768x432.jpeg 768w, https:\/\/centros.uepb.edu.br\/ccbsa\/files\/2019\/04\/Farpas-2019-27-370x208.jpeg 370w, https:\/\/centros.uepb.edu.br\/ccbsa\/files\/2019\/04\/Farpas-2019-27-840x473.jpeg 840w\" sizes=\"auto, (max-width: 1024px) 100vw, 1024px\" \/><\/a>\n\t\t\t<\/dt><\/dl><dl class='gallery-item'>\n\t\t\t<dt class='gallery-icon landscape'>\n\t\t\t\t<a href='https:\/\/centros.uepb.edu.br\/ccbsa\/files\/2019\/04\/Farpas-2019-20.jpeg'><img loading=\"lazy\" decoding=\"async\" width=\"1024\" height=\"576\" src=\"https:\/\/centros.uepb.edu.br\/ccbsa\/files\/2019\/04\/Farpas-2019-20.jpeg\" class=\"attachment-full size-full\" alt=\"\" srcset=\"https:\/\/centros.uepb.edu.br\/ccbsa\/files\/2019\/04\/Farpas-2019-20.jpeg 1024w, https:\/\/centros.uepb.edu.br\/ccbsa\/files\/2019\/04\/Farpas-2019-20-300x169.jpeg 300w, https:\/\/centros.uepb.edu.br\/ccbsa\/files\/2019\/04\/Farpas-2019-20-768x432.jpeg 768w, https:\/\/centros.uepb.edu.br\/ccbsa\/files\/2019\/04\/Farpas-2019-20-370x208.jpeg 370w, https:\/\/centros.uepb.edu.br\/ccbsa\/files\/2019\/04\/Farpas-2019-20-840x473.jpeg 840w\" sizes=\"auto, (max-width: 1024px) 100vw, 1024px\" \/><\/a>\n\t\t\t<\/dt><\/dl><br style=\"clear: both\" \/><dl class='gallery-item'>\n\t\t\t<dt class='gallery-icon landscape'>\n\t\t\t\t<a href='https:\/\/centros.uepb.edu.br\/ccbsa\/files\/2019\/04\/Farpas-2019-17.jpeg'><img loading=\"lazy\" decoding=\"async\" width=\"1024\" height=\"576\" src=\"https:\/\/centros.uepb.edu.br\/ccbsa\/files\/2019\/04\/Farpas-2019-17.jpeg\" class=\"attachment-full size-full\" alt=\"\" srcset=\"https:\/\/centros.uepb.edu.br\/ccbsa\/files\/2019\/04\/Farpas-2019-17.jpeg 1024w, https:\/\/centros.uepb.edu.br\/ccbsa\/files\/2019\/04\/Farpas-2019-17-300x169.jpeg 300w, https:\/\/centros.uepb.edu.br\/ccbsa\/files\/2019\/04\/Farpas-2019-17-768x432.jpeg 768w, https:\/\/centros.uepb.edu.br\/ccbsa\/files\/2019\/04\/Farpas-2019-17-370x208.jpeg 370w, https:\/\/centros.uepb.edu.br\/ccbsa\/files\/2019\/04\/Farpas-2019-17-840x473.jpeg 840w\" sizes=\"auto, (max-width: 1024px) 100vw, 1024px\" \/><\/a>\n\t\t\t<\/dt><\/dl><dl class='gallery-item'>\n\t\t\t<dt class='gallery-icon landscape'>\n\t\t\t\t<a href='https:\/\/centros.uepb.edu.br\/ccbsa\/files\/2019\/04\/Farpas-2019-14.jpeg'><img loading=\"lazy\" decoding=\"async\" width=\"1024\" height=\"576\" src=\"https:\/\/centros.uepb.edu.br\/ccbsa\/files\/2019\/04\/Farpas-2019-14.jpeg\" class=\"attachment-full size-full\" alt=\"\" srcset=\"https:\/\/centros.uepb.edu.br\/ccbsa\/files\/2019\/04\/Farpas-2019-14.jpeg 1024w, https:\/\/centros.uepb.edu.br\/ccbsa\/files\/2019\/04\/Farpas-2019-14-300x169.jpeg 300w, https:\/\/centros.uepb.edu.br\/ccbsa\/files\/2019\/04\/Farpas-2019-14-768x432.jpeg 768w, https:\/\/centros.uepb.edu.br\/ccbsa\/files\/2019\/04\/Farpas-2019-14-370x208.jpeg 370w, https:\/\/centros.uepb.edu.br\/ccbsa\/files\/2019\/04\/Farpas-2019-14-840x473.jpeg 840w\" sizes=\"auto, (max-width: 1024px) 100vw, 1024px\" \/><\/a>\n\t\t\t<\/dt><\/dl><dl class='gallery-item'>\n\t\t\t<dt class='gallery-icon landscape'>\n\t\t\t\t<a href='https:\/\/centros.uepb.edu.br\/ccbsa\/files\/2019\/04\/Farpas-2019-4.jpeg'><img loading=\"lazy\" decoding=\"async\" width=\"1024\" height=\"576\" src=\"https:\/\/centros.uepb.edu.br\/ccbsa\/files\/2019\/04\/Farpas-2019-4.jpeg\" class=\"attachment-full size-full\" alt=\"\" srcset=\"https:\/\/centros.uepb.edu.br\/ccbsa\/files\/2019\/04\/Farpas-2019-4.jpeg 1024w, https:\/\/centros.uepb.edu.br\/ccbsa\/files\/2019\/04\/Farpas-2019-4-300x169.jpeg 300w, https:\/\/centros.uepb.edu.br\/ccbsa\/files\/2019\/04\/Farpas-2019-4-768x432.jpeg 768w, https:\/\/centros.uepb.edu.br\/ccbsa\/files\/2019\/04\/Farpas-2019-4-370x208.jpeg 370w, https:\/\/centros.uepb.edu.br\/ccbsa\/files\/2019\/04\/Farpas-2019-4-840x473.jpeg 840w\" sizes=\"auto, (max-width: 1024px) 100vw, 1024px\" \/><\/a>\n\t\t\t<\/dt><\/dl><br style=\"clear: both\" \/><dl class='gallery-item'>\n\t\t\t<dt class='gallery-icon landscape'>\n\t\t\t\t<a href='https:\/\/centros.uepb.edu.br\/ccbsa\/files\/2019\/04\/Farpas-2019-11.jpeg'><img loading=\"lazy\" decoding=\"async\" width=\"1024\" height=\"576\" src=\"https:\/\/centros.uepb.edu.br\/ccbsa\/files\/2019\/04\/Farpas-2019-11.jpeg\" class=\"attachment-full size-full\" alt=\"\" srcset=\"https:\/\/centros.uepb.edu.br\/ccbsa\/files\/2019\/04\/Farpas-2019-11.jpeg 1024w, https:\/\/centros.uepb.edu.br\/ccbsa\/files\/2019\/04\/Farpas-2019-11-300x169.jpeg 300w, https:\/\/centros.uepb.edu.br\/ccbsa\/files\/2019\/04\/Farpas-2019-11-768x432.jpeg 768w, https:\/\/centros.uepb.edu.br\/ccbsa\/files\/2019\/04\/Farpas-2019-11-370x208.jpeg 370w, https:\/\/centros.uepb.edu.br\/ccbsa\/files\/2019\/04\/Farpas-2019-11-840x473.jpeg 840w\" sizes=\"auto, (max-width: 1024px) 100vw, 1024px\" \/><\/a>\n\t\t\t<\/dt><\/dl><dl class='gallery-item'>\n\t\t\t<dt class='gallery-icon landscape'>\n\t\t\t\t<a href='https:\/\/centros.uepb.edu.br\/ccbsa\/files\/2019\/04\/Farpas-2019-13.jpeg'><img loading=\"lazy\" decoding=\"async\" width=\"1024\" height=\"576\" src=\"https:\/\/centros.uepb.edu.br\/ccbsa\/files\/2019\/04\/Farpas-2019-13.jpeg\" class=\"attachment-full size-full\" alt=\"\" srcset=\"https:\/\/centros.uepb.edu.br\/ccbsa\/files\/2019\/04\/Farpas-2019-13.jpeg 1024w, https:\/\/centros.uepb.edu.br\/ccbsa\/files\/2019\/04\/Farpas-2019-13-300x169.jpeg 300w, https:\/\/centros.uepb.edu.br\/ccbsa\/files\/2019\/04\/Farpas-2019-13-768x432.jpeg 768w, https:\/\/centros.uepb.edu.br\/ccbsa\/files\/2019\/04\/Farpas-2019-13-370x208.jpeg 370w, https:\/\/centros.uepb.edu.br\/ccbsa\/files\/2019\/04\/Farpas-2019-13-840x473.jpeg 840w\" sizes=\"auto, (max-width: 1024px) 100vw, 1024px\" \/><\/a>\n\t\t\t<\/dt><\/dl>\n\t\t\t<br style='clear: both' \/>\n\t\t<\/div>\n\n<p>O C\u00e2mpus V da Universidade Estadual da Para\u00edba (UEPB), instalado em Jo\u00e3o Pessoa, realizou, nos dias 24 e 25 de abril, a terceira edi\u00e7\u00e3o do Festival de Artes e Participa\u00e7\u00e3o Social (Farpas), um evento repleto de oficinas, rodas de conversa, exibi\u00e7\u00f5es de filmes e apresenta\u00e7\u00f5es culturais que, neste ano, abordou a tem\u00e1tica \u201cO Festival dos Sonhos\u201d, como uma maneira de mostrar a possibilidade de realizar metas e alcan\u00e7ar sonhos reais.<\/p>\n<p>Participaram do Farpas integrantes da comunidade acad\u00eamica, alunos do ensino m\u00e9dio da Escola Jos\u00e9 Lins do Rego e demais interessados. De acordo com o professor Henrique Fran\u00e7a, idealizador e organizador do evento, a ideia do festival surgiu durante as aulas da disciplina \u201cInforma\u00e7\u00e3o, Cultura e Sociedade\u201d, que ele ministra para os alunos do 1\u00ba per\u00edodo do curso de Arquivologia. \u201cQuer\u00edamos abordar quest\u00f5es sociais, econ\u00f4micas, pol\u00edticas, culturais e participa\u00e7\u00e3o cidad\u00e3 para qualquer profiss\u00e3o, aproveitando tamb\u00e9m a oportunidade para movimentar o C\u00e2mpus. Assim, foi criado o Festival em 2017 e a cada ano tratamos temas diferentes\u201d, disse o professor.<\/p>\n<p>O evento teve at\u00e9 50 atividades acontecendo no mesmo dia e uma equipe de 40 graduandos de Arquivologia, Biologia e Rela\u00e7\u00f5es Internacionais trabalhando juntos, al\u00e9m de alguns alunos da Escola Jos\u00e9 Lins do Rego e ex-alunos da Universidade. Conforme os organizadores, a escolha dos oficineiros e dos mediadores das rodas de conversa foi feita com cuidado para n\u00e3o trazer conclus\u00f5es extremistas ou preestabelecidas, mas sim o prop\u00f3sito de causar inquieta\u00e7\u00f5es e lan\u00e7ar v\u00e1rios olhares e perspectivas para que as pessoas pudessem refletir e tirar suas pr\u00f3prias conclus\u00f5es sobre os temas.<\/p>\n<p>As rodas de conversa deste ano trataram assuntos como drogas, relacionamentos abusivos, racismo, homofobia, machismo, al\u00e9m de ecologia, sa\u00fade mental no contexto acad\u00eamico, valoriza\u00e7\u00e3o da mulher, entre outros. \u201cAs discuss\u00f5es sobre os temas s\u00e3o fomentadas antes, em reuni\u00f5es que chamadas \u2018Drops Farpas\u2019 e, durante o festival, elas s\u00e3o ampliadas. Especialistas mediam as conversas, mas os debates s\u00e3o estimulados entre os pr\u00f3prios participantes\u201d, explicou Henrique.<\/p>\n<p>Na tarde desta quinta-feira (25), destacaram-se as oficinas de constru\u00e7\u00e3o de p\u00edfano com cano PVC, grafitagem, pandeiro e arte circense, al\u00e9m de uma apresenta\u00e7\u00e3o cultural com ritmos regionais. Nesta edi\u00e7\u00e3o, a novidade \u00e9 que foi agregada a comemora\u00e7\u00e3o do Centen\u00e1rio de Jackson do Pandeiro e do Ano Cultural Jackson do Pandeiro na UEPB. O tema tanto foi abordado nas oficinas musicais quanto na de grafite e os participantes puderam ilustrar a entrada da Universidade com um grande painel colorido retratando o artista.<\/p>\n<p>Hebert Jos\u00e9 Pereira, professor de Hist\u00f3ria e de percuss\u00e3o, ministrou a oficina de pandeiro, inserindo para os alunos do ensino m\u00e9dio um pouco de curiosidades hist\u00f3ricas sobre m\u00fasicos paraibanos. Para ele, eventos como este s\u00e3o uma excelente oportunidade de fazer com que adolescentes e jovens possam se identificar e se entusiasmar com a cultura nordestina e suas pr\u00f3prias ra\u00edzes, sentindo-se tamb\u00e9m respons\u00e1veis pelo legado desta cultura.<\/p>\n<p>Para Yasmin Pereira da Silva, aluna do 3\u00ba per\u00edodo de Arquivologia e uma das coordenadoras do evento, ter a chance de participar da organiza\u00e7\u00e3o traz uma grande experi\u00eancia pessoal, j\u00e1 que o preparo se inicia com meses de anteced\u00eancia e os debates estabelecidos tamb\u00e9m trazem muitos conte\u00fados sociais interessantes. \u201c\u00c9 cansativo, mas \u00e9 muito gratificante. Quando tratamos de temas como a depress\u00e3o, por exemplo, vemos que h\u00e1 um retorno e uma mudan\u00e7a de perspectiva e compreens\u00e3o, que afeta positivamente os participantes\u201d, afirmou a estudante.<\/p>\n<p>O Farpas \u00e9 vinculado ao projeto de extens\u00e3o \u201cMem\u00f3ria, sociedade e cidadania (MUDDE): reflex\u00e3o para al\u00e9m dos muros acad\u00eamicos\u201d e \u201cAudiovisualmentes: produzindo e mediando conte\u00fados educacionais como ferramenta de dissemina\u00e7\u00e3o social e comunica\u00e7\u00e3o pedag\u00f3gica\u201d, do curso de Arquivologia, e conta com o apoio da Pr\u00f3-Reitoria de Cultura (PROCULT) da UEPB.<\/p>\n<p><em><strong>Texto e fotos:<\/strong>\u00a0Giuliana Rodrigues<\/em><\/p>\n","protected":false},"excerpt":{"rendered":"<p>O C\u00e2mpus V da Universidade Estadual da Para\u00edba (UEPB), instalado em Jo\u00e3o Pessoa, realizou, nos dias 24 e 25 de abril, a terceira edi\u00e7\u00e3o do Festival de Artes e Participa\u00e7\u00e3o Social (Farpas), um evento repleto de oficinas, rodas de conversa, exibi\u00e7\u00f5es de filmes e apresenta\u00e7\u00f5es culturais que, neste ano, abordou a tem\u00e1tica \u201cO Festival dos <a class=\"leiamais\" href=\"https:\/\/centros.uepb.edu.br\/ccbsa\/terceira-edicao-do-festival-de-artes-e-participacao-social-do-campus-v-debate-metas-pessoais-e-desafios-sociais\/\">Leia Mais&#8230;<\/a><\/p>\n","protected":false},"author":8,"featured_media":6067,"comment_status":"closed","ping_status":"closed","sticky":false,"template":"","format":"standard","meta":{"footnotes":""},"categories":[3,11],"tags":[],"class_list":["post-6071","post","type-post","status-publish","format-standard","has-post-thumbnail","hentry","category-noticias","category-noticias-destaque-img"],"jetpack_featured_media_url":"https:\/\/centros.uepb.edu.br\/ccbsa\/files\/2019\/04\/IMG_3722.jpg","_links":{"self":[{"href":"https:\/\/centros.uepb.edu.br\/ccbsa\/wp-json\/wp\/v2\/posts\/6071","targetHints":{"allow":["GET"]}}],"collection":[{"href":"https:\/\/centros.uepb.edu.br\/ccbsa\/wp-json\/wp\/v2\/posts"}],"about":[{"href":"https:\/\/centros.uepb.edu.br\/ccbsa\/wp-json\/wp\/v2\/types\/post"}],"author":[{"embeddable":true,"href":"https:\/\/centros.uepb.edu.br\/ccbsa\/wp-json\/wp\/v2\/users\/8"}],"replies":[{"embeddable":true,"href":"https:\/\/centros.uepb.edu.br\/ccbsa\/wp-json\/wp\/v2\/comments?post=6071"}],"version-history":[{"count":0,"href":"https:\/\/centros.uepb.edu.br\/ccbsa\/wp-json\/wp\/v2\/posts\/6071\/revisions"}],"wp:featuredmedia":[{"embeddable":true,"href":"https:\/\/centros.uepb.edu.br\/ccbsa\/wp-json\/wp\/v2\/media\/6067"}],"wp:attachment":[{"href":"https:\/\/centros.uepb.edu.br\/ccbsa\/wp-json\/wp\/v2\/media?parent=6071"}],"wp:term":[{"taxonomy":"category","embeddable":true,"href":"https:\/\/centros.uepb.edu.br\/ccbsa\/wp-json\/wp\/v2\/categories?post=6071"},{"taxonomy":"post_tag","embeddable":true,"href":"https:\/\/centros.uepb.edu.br\/ccbsa\/wp-json\/wp\/v2\/tags?post=6071"}],"curies":[{"name":"wp","href":"https:\/\/api.w.org\/{rel}","templated":true}]}}