{"id":6065,"date":"2019-04-24T16:08:45","date_gmt":"2019-04-24T16:08:45","guid":{"rendered":"https:\/\/centros.uepb.edu.br\/ccbsa\/?p=6065"},"modified":"2019-04-24T16:08:45","modified_gmt":"2019-04-24T16:08:45","slug":"3a-edicao-do-farpas-tem-inicio-nesta-quarta-feira-24-no-campus-v-com-diversas-atividades-e-discussoes-com-tematicas-sociais","status":"publish","type":"post","link":"https:\/\/centros.uepb.edu.br\/ccbsa\/3a-edicao-do-farpas-tem-inicio-nesta-quarta-feira-24-no-campus-v-com-diversas-atividades-e-discussoes-com-tematicas-sociais\/","title":{"rendered":"3\u00aa edi\u00e7\u00e3o do FARPAS tem in\u00edcio nesta quarta-feira (24) no Campus V com diversas atividades e discuss\u00f5es com tem\u00e1ticas sociais"},"content":{"rendered":"\n\t\t<style type=\"text\/css\">\n\t\t\t#gallery-1 {\n\t\t\t\tmargin: auto;\n\t\t\t}\n\t\t\t#gallery-1 .gallery-item {\n\t\t\t\tfloat: left;\n\t\t\t\tmargin-top: 10px;\n\t\t\t\ttext-align: center;\n\t\t\t\twidth: 33%;\n\t\t\t}\n\t\t\t#gallery-1 img {\n\t\t\t\tborder: 2px solid #cfcfcf;\n\t\t\t}\n\t\t\t#gallery-1 .gallery-caption {\n\t\t\t\tmargin-left: 0;\n\t\t\t}\n\t\t\t\/* see gallery_shortcode() in wp-includes\/media.php *\/\n\t\t<\/style>\n\t\t<div id='gallery-1' class='gallery galleryid-6065 gallery-columns-3 gallery-size-full'><dl class='gallery-item'>\n\t\t\t<dt class='gallery-icon landscape'>\n\t\t\t\t<a href='https:\/\/centros.uepb.edu.br\/ccbsa\/files\/2019\/04\/IMG_3722.jpg'><img loading=\"lazy\" decoding=\"async\" width=\"840\" height=\"454\" src=\"https:\/\/centros.uepb.edu.br\/ccbsa\/files\/2019\/04\/IMG_3722.jpg\" class=\"attachment-full size-full\" alt=\"\" srcset=\"https:\/\/centros.uepb.edu.br\/ccbsa\/files\/2019\/04\/IMG_3722.jpg 840w, https:\/\/centros.uepb.edu.br\/ccbsa\/files\/2019\/04\/IMG_3722-300x162.jpg 300w, https:\/\/centros.uepb.edu.br\/ccbsa\/files\/2019\/04\/IMG_3722-768x415.jpg 768w, https:\/\/centros.uepb.edu.br\/ccbsa\/files\/2019\/04\/IMG_3722-370x200.jpg 370w\" sizes=\"auto, (max-width: 840px) 100vw, 840px\" \/><\/a>\n\t\t\t<\/dt><\/dl><dl class='gallery-item'>\n\t\t\t<dt class='gallery-icon landscape'>\n\t\t\t\t<a href='https:\/\/centros.uepb.edu.br\/ccbsa\/files\/2019\/04\/IMG_3739.jpg'><img loading=\"lazy\" decoding=\"async\" width=\"840\" height=\"454\" src=\"https:\/\/centros.uepb.edu.br\/ccbsa\/files\/2019\/04\/IMG_3739.jpg\" class=\"attachment-full size-full\" alt=\"\" srcset=\"https:\/\/centros.uepb.edu.br\/ccbsa\/files\/2019\/04\/IMG_3739.jpg 840w, https:\/\/centros.uepb.edu.br\/ccbsa\/files\/2019\/04\/IMG_3739-300x162.jpg 300w, https:\/\/centros.uepb.edu.br\/ccbsa\/files\/2019\/04\/IMG_3739-768x415.jpg 768w, https:\/\/centros.uepb.edu.br\/ccbsa\/files\/2019\/04\/IMG_3739-370x200.jpg 370w\" sizes=\"auto, (max-width: 840px) 100vw, 840px\" \/><\/a>\n\t\t\t<\/dt><\/dl><dl class='gallery-item'>\n\t\t\t<dt class='gallery-icon landscape'>\n\t\t\t\t<a href='https:\/\/centros.uepb.edu.br\/ccbsa\/files\/2019\/04\/IMG_3745.jpg'><img loading=\"lazy\" decoding=\"async\" width=\"840\" height=\"454\" src=\"https:\/\/centros.uepb.edu.br\/ccbsa\/files\/2019\/04\/IMG_3745.jpg\" class=\"attachment-full size-full\" alt=\"\" srcset=\"https:\/\/centros.uepb.edu.br\/ccbsa\/files\/2019\/04\/IMG_3745.jpg 840w, https:\/\/centros.uepb.edu.br\/ccbsa\/files\/2019\/04\/IMG_3745-300x162.jpg 300w, https:\/\/centros.uepb.edu.br\/ccbsa\/files\/2019\/04\/IMG_3745-768x415.jpg 768w, https:\/\/centros.uepb.edu.br\/ccbsa\/files\/2019\/04\/IMG_3745-370x200.jpg 370w\" sizes=\"auto, (max-width: 840px) 100vw, 840px\" \/><\/a>\n\t\t\t<\/dt><\/dl><br style=\"clear: both\" \/><dl class='gallery-item'>\n\t\t\t<dt class='gallery-icon landscape'>\n\t\t\t\t<a href='https:\/\/centros.uepb.edu.br\/ccbsa\/files\/2019\/04\/IMG_3716.jpg'><img loading=\"lazy\" decoding=\"async\" width=\"840\" height=\"560\" src=\"https:\/\/centros.uepb.edu.br\/ccbsa\/files\/2019\/04\/IMG_3716.jpg\" class=\"attachment-full size-full\" alt=\"\" srcset=\"https:\/\/centros.uepb.edu.br\/ccbsa\/files\/2019\/04\/IMG_3716.jpg 840w, https:\/\/centros.uepb.edu.br\/ccbsa\/files\/2019\/04\/IMG_3716-300x200.jpg 300w, https:\/\/centros.uepb.edu.br\/ccbsa\/files\/2019\/04\/IMG_3716-768x512.jpg 768w, https:\/\/centros.uepb.edu.br\/ccbsa\/files\/2019\/04\/IMG_3716-370x247.jpg 370w\" sizes=\"auto, (max-width: 840px) 100vw, 840px\" \/><\/a>\n\t\t\t<\/dt><\/dl>\n\t\t\t<br style='clear: both' \/>\n\t\t<\/div>\n\n<p>Diante de uma juventude que presencia a viol\u00eancia em seu cotidiano, acompanha a crise ambiental sem precedentes que acomete a humanidade e tem de enfrentar desafios relacionados \u00e0 consolida\u00e7\u00e3o pessoal e profissional, se faz necess\u00e1rio proporcionar o empoderamento e enfrentamento desses problemas por parte desse p\u00fablico que constr\u00f3i o futuro e n\u00e3o tem a oportunidade de abordar essas situa\u00e7\u00f5es que seguem influenciando suas vidas e as vidas daqueles que os rodeiam. Com essa perspectiva \u00e9 que teve in\u00edcio nesta quarta-feira (24) pela manh\u00e3 a terceira edi\u00e7\u00e3o do Festival de Artes e Participa\u00e7\u00e3o Social (FARPAS) da Universidade Estadual da Para\u00edba (UEPB), que ser\u00e1 realizada at\u00e9 a quinta-feira, 25 de abril, nos turnos da manh\u00e3, tarde e noite, no Campus V da UEPB, localizado \u00e0 Rua Hor\u00e1cio Trajano de Oliveira, S\/N, Cristo.<\/p>\n<p>Durante o FARPAS est\u00e3o sendo realizadas diversas oficinas, rodas de conversa, sess\u00f5es de conversa e apresenta\u00e7\u00f5es culturais,\u00a0 relacionadas \u00e0 tem\u00e1tica \u201cFARPAS 2019 \u2013 O Festival dos sonhos\u201d, com intuito de suscitar o debate de temas socialmente relevantes. \u201cEscolhemos abordar a quest\u00e3o dos sonhos, n\u00e3o como algo fantasioso ou ut\u00f3pico, mas, como metas a serem alcan\u00e7adas, desafios sociais a serem superados. Sonhamos com uma educa\u00e7\u00e3o melhor, ent\u00e3o o que fazer para buscar alcan\u00e7ar esse sonho? Temos o desafio do primeiro emprego, desejamos um Brasil melhor. Ent\u00e3o nossas atividades ser\u00e3o permeadas por reflex\u00f5es sobre como atingir esses ideais que buscamos\u201d, explica o coordenador geral do evento, professor Henrique Fran\u00e7a.<\/p>\n<p>Para o estudante do 5\u00ba per\u00edodo do curso de Arquivologia, Lula Marinho, que participa do FARPAS desde a primeira edi\u00e7\u00e3o, o Festival, que foi pensado, inicialmente, para ser um evento apenas de m\u00fasica, ganhou novos contornos e tornou-se imprescind\u00edvel por possibilitar uma troca de conhecimentos e a abordagem de quest\u00f5es importantes socialmente. &#8220;Quando pensamos em criar o festival quer\u00edamos apenas um evento de m\u00fasica, mas, o professor Henrique, com essa vis\u00e3o politizada dele nos prop\u00f4s uma amplia\u00e7\u00e3o dessa ideia e hoje percebemos como foi uma decis\u00e3o acertada fazer um festival com essa abrang\u00eancia. Precis\u00e1vamos de um espa\u00e7o para desmistificar e informar sobre temas que s\u00e3o t\u00e3o propagados de forma equivocada e utilizamos esse formato de rodas de conversa, oficinas, que permite que todos participem em igualdade de condi\u00e7\u00f5es. Inclusive implementamos o &#8216;palco livre&#8217; para quem tem algum talento mas, n\u00e3o tem coragem de se apresentar ter esse espa\u00e7o para cantar, declamar poemas, uma forma de desinibir esses jovens, j\u00e1 que muitos precisam deixar a timidez de lado pra enfrentar os desafios da vida&#8221;, avalia o discente.<\/p>\n<p>A estudante do 3\u00ba ano do ensino m\u00e9dio Milena Kerolin, que atua na comiss\u00e3o de comunica\u00e7\u00e3o do evento, tamb\u00e9m destaca a import\u00e2ncia dessa iniciativa para a troca de experi\u00eancias, e destaca que em tempo de fakenews sendo propagadas cotidianamente nas redes sociais e a desinforma\u00e7\u00e3o como um problema social que atinge muitos jovens, &#8220;espa\u00e7os como esse s\u00e3o necess\u00e1rios n\u00e3o s\u00f3 para os estudantes da universidade, mas, para jovens do ensino m\u00e9dio&#8221;, que, como ela, est\u00e3o aproveitando essa possibilidade e participando das diversas atividades do FARPAS para aprofundar o conhecimento relacionado \u00e0 temas t\u00e3o importantes. Ela acrescenta que atuar como colaboradora do evento a permite, ainda, experimentar numa \u00e1rea em que deseja atuar no futuro profissional: a comunica\u00e7\u00e3o.<\/p>\n<p>Integram a programa\u00e7\u00e3o do evento discuss\u00f5es sobre aquecimento global, sustentabilidade, viol\u00eancia de g\u00eanero, racismo, homofobia, machismo, uso de drogas, fakenews, sa\u00fade mental. Tamb\u00e9m est\u00e3o sendo ofertadas oficinas de p\u00edfanos, ukulel\u00ea, Tape Art, Dan\u00e7as Urbanas, Cordel, Empreendedorismo Juvenil, Graffitti, Pandeiro, arte circense. O evento conta ainda com sess\u00f5es de cineclube exibindo os filmes \u201cOnde fazer a pr\u00f3xima invas\u00e3o\u201d, de Michael Moore, \u201cSalvo Conduto\u201d, de Fernando Carvalho e \u201cJaguaribe Rio das On\u00e7as\u201d, de Marcus Vilar. O encerramento da programa\u00e7\u00e3o nos dois dias contar\u00e1 com apresenta\u00e7\u00f5es das bandas \u201cPau de Dar em Doido\u201d, \u201cDigzin\u201d, \u201cPrimavera Blue\u201d e \u201cCabur\u00e9\u201d. Todas as atividades s\u00e3o gratuitas e abertas ao p\u00fablico.<\/p>\n<p><strong>Sobre o FARPAS<\/strong><\/p>\n<p>Vinculado ao projeto de extens\u00e3o \u201cMem\u00f3ria, sociedade e cidadania (MUDDE): reflex\u00e3o para al\u00e9m dos muros acad\u00eamicos\u201d e \u201cAudiovisualmentes: produzindo e mediando conte\u00fados educacionais como ferramenta de dissemina\u00e7\u00e3o social e comunica\u00e7\u00e3o pedag\u00f3gica\u201d, do curso de Arquivologia, o FARPAS re\u00fane a comunidade acad\u00eamica do Campus V da UEPB e Escola Estadual Jos\u00e9 Lins do R\u00eago para discutir e promover uma reflex\u00e3o sobre temas de relev\u00e2ncia social e pol\u00edtica da atualidade.<\/p>\n<p>Durante essa edi\u00e7\u00e3o de 2019 tamb\u00e9m haver\u00e1 a\u00e7\u00f5es relacionadas ao \u201cAno Cultural Jackson do Pandeiro\u201d, institu\u00eddo pelo Conselho Universit\u00e1rio da UEPB como forma de lembrar o centen\u00e1rio de nascimento do artista paraibano.<\/p>\n<p><em><strong>Texto e fotos:<\/strong> Juliana Marques<\/em><\/p>\n","protected":false},"excerpt":{"rendered":"<p>Diante de uma juventude que presencia a viol\u00eancia em seu cotidiano, acompanha a crise ambiental sem precedentes que acomete a humanidade e tem de enfrentar desafios relacionados \u00e0 consolida\u00e7\u00e3o pessoal e profissional, se faz necess\u00e1rio proporcionar o empoderamento e enfrentamento desses problemas por parte desse p\u00fablico que constr\u00f3i o futuro e n\u00e3o tem a oportunidade <a class=\"leiamais\" href=\"https:\/\/centros.uepb.edu.br\/ccbsa\/3a-edicao-do-farpas-tem-inicio-nesta-quarta-feira-24-no-campus-v-com-diversas-atividades-e-discussoes-com-tematicas-sociais\/\">Leia Mais&#8230;<\/a><\/p>\n","protected":false},"author":8,"featured_media":6069,"comment_status":"closed","ping_status":"closed","sticky":false,"template":"","format":"standard","meta":{"footnotes":""},"categories":[3,11],"tags":[],"class_list":["post-6065","post","type-post","status-publish","format-standard","has-post-thumbnail","hentry","category-noticias","category-noticias-destaque-img"],"jetpack_featured_media_url":"https:\/\/centros.uepb.edu.br\/ccbsa\/files\/2019\/04\/IMG_3745.jpg","_links":{"self":[{"href":"https:\/\/centros.uepb.edu.br\/ccbsa\/wp-json\/wp\/v2\/posts\/6065","targetHints":{"allow":["GET"]}}],"collection":[{"href":"https:\/\/centros.uepb.edu.br\/ccbsa\/wp-json\/wp\/v2\/posts"}],"about":[{"href":"https:\/\/centros.uepb.edu.br\/ccbsa\/wp-json\/wp\/v2\/types\/post"}],"author":[{"embeddable":true,"href":"https:\/\/centros.uepb.edu.br\/ccbsa\/wp-json\/wp\/v2\/users\/8"}],"replies":[{"embeddable":true,"href":"https:\/\/centros.uepb.edu.br\/ccbsa\/wp-json\/wp\/v2\/comments?post=6065"}],"version-history":[{"count":0,"href":"https:\/\/centros.uepb.edu.br\/ccbsa\/wp-json\/wp\/v2\/posts\/6065\/revisions"}],"wp:featuredmedia":[{"embeddable":true,"href":"https:\/\/centros.uepb.edu.br\/ccbsa\/wp-json\/wp\/v2\/media\/6069"}],"wp:attachment":[{"href":"https:\/\/centros.uepb.edu.br\/ccbsa\/wp-json\/wp\/v2\/media?parent=6065"}],"wp:term":[{"taxonomy":"category","embeddable":true,"href":"https:\/\/centros.uepb.edu.br\/ccbsa\/wp-json\/wp\/v2\/categories?post=6065"},{"taxonomy":"post_tag","embeddable":true,"href":"https:\/\/centros.uepb.edu.br\/ccbsa\/wp-json\/wp\/v2\/tags?post=6065"}],"curies":[{"name":"wp","href":"https:\/\/api.w.org\/{rel}","templated":true}]}}