{"id":606,"date":"2013-08-02T13:01:25","date_gmt":"2013-08-02T13:01:25","guid":{"rendered":"\/ccbsa\/?p=606"},"modified":"2013-08-02T13:01:25","modified_gmt":"2013-08-02T13:01:25","slug":"universidade-estadual-da-paraiba-nao-tera-expediente-na-proxima-segunda-feira-dia-5-de-agosto","status":"publish","type":"post","link":"https:\/\/centros.uepb.edu.br\/ccbsa\/universidade-estadual-da-paraiba-nao-tera-expediente-na-proxima-segunda-feira-dia-5-de-agosto\/","title":{"rendered":"Universidade Estadual da Para\u00edba n\u00e3o ter\u00e1 expediente na pr\u00f3xima segunda-feira, dia 5 de agosto"},"content":{"rendered":"<p>Em virtude do feriado estadual alusivo a funda\u00e7\u00e3o do Estado da Para\u00edba e ao anivers\u00e1rio de 428 anos de emancipa\u00e7\u00e3o pol\u00edtica da cidade de Jo\u00e3o Pessoa, baseados na Lei Estadual n\u00ba. 3.489 de 30 de agosto de 1967, a Administra\u00e7\u00e3o Central da Universidade Estadual da Para\u00edba (UEPB) determinou que n\u00e3o haver\u00e1 expediente na Institui\u00e7\u00e3o na pr\u00f3xima segunda-feira, dia 5 de agosto.<\/p>\n<p>Todas as unidades administrativas da Universidade retornar\u00e3o \u00e0s suas atividades normais na ter\u00e7a-feira, dia 6.<\/p>\n","protected":false},"excerpt":{"rendered":"<p>Em virtude do feriado estadual alusivo a funda\u00e7\u00e3o do Estado da Para\u00edba e ao anivers\u00e1rio de 428 anos de emancipa\u00e7\u00e3o pol\u00edtica da cidade de Jo\u00e3o Pessoa, baseados na Lei Estadual n\u00ba. 3.489 de 30 de agosto de 1967, a Administra\u00e7\u00e3o Central da Universidade Estadual da Para\u00edba (UEPB) determinou que n\u00e3o haver\u00e1 expediente na Institui\u00e7\u00e3o na <a class=\"leiamais\" href=\"https:\/\/centros.uepb.edu.br\/ccbsa\/universidade-estadual-da-paraiba-nao-tera-expediente-na-proxima-segunda-feira-dia-5-de-agosto\/\">Leia Mais&#8230;<\/a><\/p>\n","protected":false},"author":8,"featured_media":0,"comment_status":"open","ping_status":"open","sticky":false,"template":"","format":"standard","meta":{"footnotes":""},"categories":[3,5],"tags":[],"class_list":["post-606","post","type-post","status-publish","format-standard","hentry","category-noticias","category-visiveis"],"jetpack_featured_media_url":"","_links":{"self":[{"href":"https:\/\/centros.uepb.edu.br\/ccbsa\/wp-json\/wp\/v2\/posts\/606","targetHints":{"allow":["GET"]}}],"collection":[{"href":"https:\/\/centros.uepb.edu.br\/ccbsa\/wp-json\/wp\/v2\/posts"}],"about":[{"href":"https:\/\/centros.uepb.edu.br\/ccbsa\/wp-json\/wp\/v2\/types\/post"}],"author":[{"embeddable":true,"href":"https:\/\/centros.uepb.edu.br\/ccbsa\/wp-json\/wp\/v2\/users\/8"}],"replies":[{"embeddable":true,"href":"https:\/\/centros.uepb.edu.br\/ccbsa\/wp-json\/wp\/v2\/comments?post=606"}],"version-history":[{"count":0,"href":"https:\/\/centros.uepb.edu.br\/ccbsa\/wp-json\/wp\/v2\/posts\/606\/revisions"}],"wp:attachment":[{"href":"https:\/\/centros.uepb.edu.br\/ccbsa\/wp-json\/wp\/v2\/media?parent=606"}],"wp:term":[{"taxonomy":"category","embeddable":true,"href":"https:\/\/centros.uepb.edu.br\/ccbsa\/wp-json\/wp\/v2\/categories?post=606"},{"taxonomy":"post_tag","embeddable":true,"href":"https:\/\/centros.uepb.edu.br\/ccbsa\/wp-json\/wp\/v2\/tags?post=606"}],"curies":[{"name":"wp","href":"https:\/\/api.w.org\/{rel}","templated":true}]}}