{"id":6021,"date":"2019-04-09T15:32:32","date_gmt":"2019-04-09T15:32:32","guid":{"rendered":"https:\/\/centros.uepb.edu.br\/ccbsa\/?p=6021"},"modified":"2019-04-09T15:32:32","modified_gmt":"2019-04-09T15:32:32","slug":"trabalho-de-docente-e-egressa-do-campus-v-da-uepb-e-premiado-em-edicao-internacional-do-seminario-de-saberes-arquivisticos","status":"publish","type":"post","link":"https:\/\/centros.uepb.edu.br\/ccbsa\/trabalho-de-docente-e-egressa-do-campus-v-da-uepb-e-premiado-em-edicao-internacional-do-seminario-de-saberes-arquivisticos\/","title":{"rendered":"Trabalho de docente e egressa do Campus V da UEPB \u00e9 premiado em edi\u00e7\u00e3o internacional do Semin\u00e1rio de Saberes Arquiv\u00edsticos"},"content":{"rendered":"\n\t\t<style type=\"text\/css\">\n\t\t\t#gallery-1 {\n\t\t\t\tmargin: auto;\n\t\t\t}\n\t\t\t#gallery-1 .gallery-item {\n\t\t\t\tfloat: left;\n\t\t\t\tmargin-top: 10px;\n\t\t\t\ttext-align: center;\n\t\t\t\twidth: 33%;\n\t\t\t}\n\t\t\t#gallery-1 img {\n\t\t\t\tborder: 2px solid #cfcfcf;\n\t\t\t}\n\t\t\t#gallery-1 .gallery-caption {\n\t\t\t\tmargin-left: 0;\n\t\t\t}\n\t\t\t\/* see gallery_shortcode() in wp-includes\/media.php *\/\n\t\t<\/style>\n\t\t<div id='gallery-1' class='gallery galleryid-6021 gallery-columns-3 gallery-size-full'><dl class='gallery-item'>\n\t\t\t<dt class='gallery-icon landscape'>\n\t\t\t\t<a href='https:\/\/centros.uepb.edu.br\/ccbsa\/files\/2019\/04\/SESA-6.jpg'><img loading=\"lazy\" decoding=\"async\" width=\"1728\" height=\"1296\" src=\"https:\/\/centros.uepb.edu.br\/ccbsa\/files\/2019\/04\/SESA-6.jpg\" class=\"attachment-full size-full\" alt=\"\" srcset=\"https:\/\/centros.uepb.edu.br\/ccbsa\/files\/2019\/04\/SESA-6.jpg 1728w, https:\/\/centros.uepb.edu.br\/ccbsa\/files\/2019\/04\/SESA-6-300x225.jpg 300w, https:\/\/centros.uepb.edu.br\/ccbsa\/files\/2019\/04\/SESA-6-768x576.jpg 768w, https:\/\/centros.uepb.edu.br\/ccbsa\/files\/2019\/04\/SESA-6-1024x768.jpg 1024w, https:\/\/centros.uepb.edu.br\/ccbsa\/files\/2019\/04\/SESA-6-370x278.jpg 370w, https:\/\/centros.uepb.edu.br\/ccbsa\/files\/2019\/04\/SESA-6-840x630.jpg 840w\" sizes=\"auto, (max-width: 1728px) 100vw, 1728px\" \/><\/a>\n\t\t\t<\/dt><\/dl><dl class='gallery-item'>\n\t\t\t<dt class='gallery-icon landscape'>\n\t\t\t\t<a href='https:\/\/centros.uepb.edu.br\/ccbsa\/files\/2019\/04\/SESA-5.jpg'><img loading=\"lazy\" decoding=\"async\" width=\"840\" height=\"454\" src=\"https:\/\/centros.uepb.edu.br\/ccbsa\/files\/2019\/04\/SESA-5.jpg\" class=\"attachment-full size-full\" alt=\"\" srcset=\"https:\/\/centros.uepb.edu.br\/ccbsa\/files\/2019\/04\/SESA-5.jpg 840w, https:\/\/centros.uepb.edu.br\/ccbsa\/files\/2019\/04\/SESA-5-300x162.jpg 300w, https:\/\/centros.uepb.edu.br\/ccbsa\/files\/2019\/04\/SESA-5-768x415.jpg 768w, https:\/\/centros.uepb.edu.br\/ccbsa\/files\/2019\/04\/SESA-5-370x200.jpg 370w\" sizes=\"auto, (max-width: 840px) 100vw, 840px\" \/><\/a>\n\t\t\t<\/dt><\/dl><dl class='gallery-item'>\n\t\t\t<dt class='gallery-icon landscape'>\n\t\t\t\t<a href='https:\/\/centros.uepb.edu.br\/ccbsa\/files\/2019\/04\/SESA-4.jpg'><img loading=\"lazy\" decoding=\"async\" width=\"840\" height=\"454\" src=\"https:\/\/centros.uepb.edu.br\/ccbsa\/files\/2019\/04\/SESA-4.jpg\" class=\"attachment-full size-full\" alt=\"\" srcset=\"https:\/\/centros.uepb.edu.br\/ccbsa\/files\/2019\/04\/SESA-4.jpg 840w, https:\/\/centros.uepb.edu.br\/ccbsa\/files\/2019\/04\/SESA-4-300x162.jpg 300w, https:\/\/centros.uepb.edu.br\/ccbsa\/files\/2019\/04\/SESA-4-768x415.jpg 768w, https:\/\/centros.uepb.edu.br\/ccbsa\/files\/2019\/04\/SESA-4-370x200.jpg 370w\" sizes=\"auto, (max-width: 840px) 100vw, 840px\" \/><\/a>\n\t\t\t<\/dt><\/dl><br style=\"clear: both\" \/><dl class='gallery-item'>\n\t\t\t<dt class='gallery-icon landscape'>\n\t\t\t\t<a href='https:\/\/centros.uepb.edu.br\/ccbsa\/files\/2019\/04\/SESA-3.jpg'><img loading=\"lazy\" decoding=\"async\" width=\"840\" height=\"454\" src=\"https:\/\/centros.uepb.edu.br\/ccbsa\/files\/2019\/04\/SESA-3.jpg\" class=\"attachment-full size-full\" alt=\"\" srcset=\"https:\/\/centros.uepb.edu.br\/ccbsa\/files\/2019\/04\/SESA-3.jpg 840w, https:\/\/centros.uepb.edu.br\/ccbsa\/files\/2019\/04\/SESA-3-300x162.jpg 300w, https:\/\/centros.uepb.edu.br\/ccbsa\/files\/2019\/04\/SESA-3-768x415.jpg 768w, https:\/\/centros.uepb.edu.br\/ccbsa\/files\/2019\/04\/SESA-3-370x200.jpg 370w\" sizes=\"auto, (max-width: 840px) 100vw, 840px\" \/><\/a>\n\t\t\t<\/dt><\/dl><dl class='gallery-item'>\n\t\t\t<dt class='gallery-icon landscape'>\n\t\t\t\t<a href='https:\/\/centros.uepb.edu.br\/ccbsa\/files\/2019\/04\/SESA-2.jpg'><img loading=\"lazy\" decoding=\"async\" width=\"840\" height=\"454\" src=\"https:\/\/centros.uepb.edu.br\/ccbsa\/files\/2019\/04\/SESA-2.jpg\" class=\"attachment-full size-full\" alt=\"\" srcset=\"https:\/\/centros.uepb.edu.br\/ccbsa\/files\/2019\/04\/SESA-2.jpg 840w, https:\/\/centros.uepb.edu.br\/ccbsa\/files\/2019\/04\/SESA-2-300x162.jpg 300w, https:\/\/centros.uepb.edu.br\/ccbsa\/files\/2019\/04\/SESA-2-768x415.jpg 768w, https:\/\/centros.uepb.edu.br\/ccbsa\/files\/2019\/04\/SESA-2-370x200.jpg 370w\" sizes=\"auto, (max-width: 840px) 100vw, 840px\" \/><\/a>\n\t\t\t<\/dt><\/dl><dl class='gallery-item'>\n\t\t\t<dt class='gallery-icon landscape'>\n\t\t\t\t<a href='https:\/\/centros.uepb.edu.br\/ccbsa\/files\/2019\/04\/SESA-1.jpg'><img loading=\"lazy\" decoding=\"async\" width=\"840\" height=\"454\" src=\"https:\/\/centros.uepb.edu.br\/ccbsa\/files\/2019\/04\/SESA-1.jpg\" class=\"attachment-full size-full\" alt=\"\" srcset=\"https:\/\/centros.uepb.edu.br\/ccbsa\/files\/2019\/04\/SESA-1.jpg 840w, https:\/\/centros.uepb.edu.br\/ccbsa\/files\/2019\/04\/SESA-1-300x162.jpg 300w, https:\/\/centros.uepb.edu.br\/ccbsa\/files\/2019\/04\/SESA-1-768x415.jpg 768w, https:\/\/centros.uepb.edu.br\/ccbsa\/files\/2019\/04\/SESA-1-370x200.jpg 370w\" sizes=\"auto, (max-width: 840px) 100vw, 840px\" \/><\/a>\n\t\t\t<\/dt><\/dl><br style=\"clear: both\" \/>\n\t\t<\/div>\n\n<p>A comiss\u00e3o organizadora da 9\u00aa edi\u00e7\u00e3o do Semin\u00e1rio de Saberes Arquiv\u00edsticos (SESA) divulgou nesta segunda-feira (8), a lista de trabalhos premiados dentre as comunica\u00e7\u00f5es e p\u00f4steres apresentados durante o evento, que ocorreu de 6 a 9 de mar\u00e7o na Faculdade de Letras da Universidade de Coimbra (FLUC), Portugal. Com uma pesquisa que \u00e9 fruto de um Trabalho de Conclus\u00e3o de Curso de gradua\u00e7\u00e3o, o docente de Arquivologia da Universidade Estadual da Para\u00edba (UEPB) Henrique Fran\u00e7a, em parceria com a rec\u00e9m-egressa do referido Bacharelado, Maria das Gra\u00e7as dos Santos, receberam o pr\u00eamio Jos\u00e9 Maria Jardim de melhor trabalho na modalidade \u201cComunica\u00e7\u00e3o Oral\u201d.<\/p>\n<p>De acordo com o professor Henrique Fran\u00e7a o trabalho \u201cAn\u00e1lise de portais de transpar\u00eancia a partir da cria\u00e7\u00e3o de uma checklist de requisitos de usabilidade em paralelo \u00e0 Lei de Acesso \u00e0 Informa\u00e7\u00e3o do Brasil\u201d re\u00fane algumas quest\u00f5es j\u00e1 discutidas no TCC da concluinte Maria das Gra\u00e7as dos Santos relacionadas \u00e0s orienta\u00e7\u00f5es para a constru\u00e7\u00e3o de portais que atendessem \u00e0s necessidades de transpar\u00eancia do ponto de vista da usabilidade.<\/p>\n<p>\u201cN\u00e3o existe um modelo de check-list na nossa \u00e1rea para a an\u00e1lise da transpar\u00eancia do ponto de vista da usabilidade. Ent\u00e3o desenvolvemos essa proposta utilizando como par\u00e2metros uma cartilha do Governo Federal, a norma ISO e a Lei de Acesso \u00e0 Informa\u00e7\u00e3o. E ficamos muito felizes com essa premia\u00e7\u00e3o que demonstra que o nosso estudo foi bem aceito, al\u00e9m de ser uma conquista simb\u00f3lica uma vez que o SESA surgiu no curso de Arquivologia da UEPB e, mesmo diante de tantos trabalhos conceituados e de relev\u00e2ncia, conseguimos trazer para nossa casa essa premia\u00e7\u00e3o, o que \u00e9 uma dupla satisfa\u00e7\u00e3o. Al\u00e9m disso, ao reconhecer nosso trabalho tamb\u00e9m s\u00e3o homenageados os que fazem a educa\u00e7\u00e3o p\u00fablica brasileira, que mesmo com todas as dificuldades conseguem se destacar com o conhecimento que \u00e9 produzido\u201d, avalia o professor Henrique.<\/p>\n<p>A egressa de Arquivologia Maria das Gra\u00e7as dos Santos que \u00e9 natural do munic\u00edpio de Bananeiras utilizou a sua cidade de origem como refer\u00eancia para o modelo de an\u00e1lise a ser aplicado com suas devidas ressalvas e adapta\u00e7\u00f5es a outros portais. A pesquisadora destaca a satisfa\u00e7\u00e3o de ter seu trabalho reconhecido, sobretudo por tratar-se de uma ferramenta que pode possibilitar aos cidad\u00e3os fiscalizar os gastos p\u00fablicos e assegurar o direito de acesso \u00e0s informa\u00e7\u00f5es.<\/p>\n<p>\u201cEstou extremamente feliz em saber que este trabalho foi premiado, pois ele foi desenvolvido a partir de muita leitura, dedica\u00e7\u00e3o e uma incr\u00edvel parceria com professor Henrique Fran\u00e7a. \u00c9 um tema com grande import\u00e2ncia e que vale ser discutido, visto que no momento pelo qual nossa democracia est\u00e1 passando, muitas imposi\u00e7\u00f5es vem sendo colocadas para dificultar ainda mais o acesso do cidad\u00e3o a um bem t\u00e3o importante para nossa sociedade, pois, \u00e9 a partir da informa\u00e7\u00e3o que obtemos conhecimento e seguran\u00e7a para lutar por nossos direitos\u201d, declara Maria das Gra\u00e7as.<\/p>\n<p>Tamb\u00e9m foi premiado na categoria p\u00f4ster o trabalho \u201cO uso de sistema informatizado para a produ\u00e7\u00e3o de documentos arquiv\u00edsticos no Minist\u00e9rio P\u00fablico do Rio de Janeiro: reflex\u00f5es sobre os desafios e pr\u00e1ticas\u201d, de autoria de Fernanda Maria Pessanha Viana Maciel, Larissa da Silva Canto Bastos e Marcelo Filgueiras Lima.<\/p>\n<p>Com a tem\u00e1tica principal \u201cArquivo(s) e Identidade(s)\u201d a 9\u00aa edi\u00e7\u00e3o do SESA reuniu apresenta\u00e7\u00f5es de trabalhos, pain\u00e9is tem\u00e1ticos, confer\u00eancias, mesas de discuss\u00e3o, workshops, palestras, atividades culturais, numa programa\u00e7\u00e3o relacionada aos eixos tem\u00e1ticos: \u201cArquivo(s) e mem\u00f3ria(s)\u201d; \u201cEpistemologia e Ci\u00eancia da Informa\u00e7\u00e3o\u201d; \u201cGest\u00e3o de Arquivos\u201d; \u201cArquivos Digitais\u201d; \u201cComunica\u00e7\u00e3o e acesso \u00e0 informa\u00e7\u00e3o\u201d e \u201cEmpreendedorismo e inova\u00e7\u00e3o em arquivos\u201d.<\/p>\n<p>A 9\u00aa edi\u00e7\u00e3o do SESA, a primeira realizada fora do Brasil, contou com a participa\u00e7\u00e3o de entidades e especialistas de Portugal, Brasil, Angola, S\u00e3o Tom\u00e9 e Pr\u00edncipe e Cabo Verde. Estiveram representando a UEPB no evento, al\u00e9m da idealizadora do SESA, professora Eliete Correia Santos e do professor Henrique Fran\u00e7a, os docentes Josemar Henrique de Melo, Vancarder Brito e Afonso Scocuglia, e o aluno Elvis Chaves.<\/p>\n<p>A professora Eliete Correia dos Santos elogiou a organiza\u00e7\u00e3o desta edi\u00e7\u00e3o do SESA, que foi presidida pela professora Maria Beatriz Marques, lembrou que o material apresentado no evento ser\u00e1 divulgado no peri\u00f3dico Archeion, que publicar\u00e1 uma edi\u00e7\u00e3o especial dedicada ao SESA, e na PBCIB, que est\u00e1 respons\u00e1vel pela mem\u00f3ria do SESA e, al\u00e9m disso, em breve, os v\u00eddeos das confer\u00eancias e atividades do evento ser\u00e3o publicizados no canal do SESA. A docente comemora o sucesso do evento que em 2021 ocorrer\u00e1 na cidade do Porto, em Portugal, em 2023 ir\u00e1 para Luanda na \u00c1frica e em 2025 regressa para o Brasil.<\/p>\n<p><strong>Sobre o projeto SESA<\/strong><\/p>\n<p>Nascido em 2007 como projeto-piloto de ensino de g\u00eaneros acad\u00eamicos aplicado a um componente curricular do Curso de Arquivologia da Universidade Estadual da Para\u00edba (UEPB) o projeto SESA buscava discutir a escrita acad\u00eamica a partir do acompanhamento da produ\u00e7\u00e3o de artigos cient\u00edficos por parte dos discentes. Ainda em 2007 surgiram as primeiras discuss\u00f5es para a coopera\u00e7\u00e3o acad\u00eamica do curso de Arquivologia da UEPB com a Universidade do Porto (UP).<br \/>\nEm 2012, transformou-se num projeto internacional, de natureza luso-brasileira, passando a incluir como parceiras a Universidade de Coimbra(UC), a Universidade do Porto(UP), a Universidade de Aveiro(UA) e o Instituto Polit\u00e9cnico do Porto (IPP).<\/p>\n<p>Al\u00e9m de eventos, cursos de orat\u00f3ria, excurs\u00f5es pedag\u00f3gicas, mostras de linguagens, palestras, mesas-redondas e publica\u00e7\u00f5es de artigos, o SESA tem promovido lan\u00e7amento de livros que s\u00e3o resultado das produ\u00e7\u00f5es coletivas dos discentes e docentes vinculados ao projeto.<\/p>\n<p>A partir da sua 8\u00aa edi\u00e7\u00e3o, realizada em 2017, no Campus I da UFPB, em Jo\u00e3o Pessoa, o SESA ganhou uma dimens\u00e3o internacional, come\u00e7ando a contar com a representa\u00e7\u00e3o de especialistas de todas as universidades portuguesas parceiras. No final do evento, e no \u00e2mbito das comemora\u00e7\u00f5es dos \u201c10 anos do SESA\u201d, foi atribu\u00eddo pela primeira vez o \u201cPr\u00eamio Jos\u00e9 Maria Jardim\u201d criado com o objetivo de incentivar as produ\u00e7\u00f5es cient\u00edficas de alunos e professores e contribuir de forma significativa para a \u00e1rea de Comunica\u00e7\u00e3o e Informa\u00e7\u00e3o. Na mesma \u00e9poca foi anunciado que este evento cient\u00edfico passaria a ter lugar a cada dois anos em Universidades Luso-Brasileiras, ficando decidido que a pr\u00f3xima edi\u00e7\u00e3o do SESA seria em Coimbra, em 2019, e, em 2021, na Universidade Porto, em parceria com o Instituto Polit\u00e9cnico do Porto.<\/p>\n<p>Atualmente o SESA conta com diversas parcerias interdisciplinares e entre institui\u00e7\u00f5es nacionais e internacionais realizando o lan\u00e7amento de livros de professores das duas institui\u00e7\u00f5es e a participa\u00e7\u00e3o de professores na comiss\u00e3o cient\u00edfica do projeto. Ao todos quatro institui\u00e7\u00f5es lusof\u00f4nicas e 8 nacionais s\u00e3o parceiras do projeto. Na UEPB participam professores de tr\u00eas departamentos e Campi (I, V e IV).<\/p>\n<p><em><strong>Texto:<\/strong> Juliana Marques<\/em><br \/>\n<em><strong>Fotos:<\/strong> Acervo do SESA<\/em><\/p>\n","protected":false},"excerpt":{"rendered":"<p>A comiss\u00e3o organizadora da 9\u00aa edi\u00e7\u00e3o do Semin\u00e1rio de Saberes Arquiv\u00edsticos (SESA) divulgou nesta segunda-feira (8), a lista de trabalhos premiados dentre as comunica\u00e7\u00f5es e p\u00f4steres apresentados durante o evento, que ocorreu de 6 a 9 de mar\u00e7o na Faculdade de Letras da Universidade de Coimbra (FLUC), Portugal. Com uma pesquisa que \u00e9 fruto de <a class=\"leiamais\" href=\"https:\/\/centros.uepb.edu.br\/ccbsa\/trabalho-de-docente-e-egressa-do-campus-v-da-uepb-e-premiado-em-edicao-internacional-do-seminario-de-saberes-arquivisticos\/\">Leia Mais&#8230;<\/a><\/p>\n","protected":false},"author":8,"featured_media":6026,"comment_status":"closed","ping_status":"closed","sticky":false,"template":"","format":"standard","meta":{"footnotes":""},"categories":[3,11],"tags":[],"class_list":["post-6021","post","type-post","status-publish","format-standard","has-post-thumbnail","hentry","category-noticias","category-noticias-destaque-img"],"jetpack_featured_media_url":"https:\/\/centros.uepb.edu.br\/ccbsa\/files\/2019\/04\/SESA-5.jpg","_links":{"self":[{"href":"https:\/\/centros.uepb.edu.br\/ccbsa\/wp-json\/wp\/v2\/posts\/6021","targetHints":{"allow":["GET"]}}],"collection":[{"href":"https:\/\/centros.uepb.edu.br\/ccbsa\/wp-json\/wp\/v2\/posts"}],"about":[{"href":"https:\/\/centros.uepb.edu.br\/ccbsa\/wp-json\/wp\/v2\/types\/post"}],"author":[{"embeddable":true,"href":"https:\/\/centros.uepb.edu.br\/ccbsa\/wp-json\/wp\/v2\/users\/8"}],"replies":[{"embeddable":true,"href":"https:\/\/centros.uepb.edu.br\/ccbsa\/wp-json\/wp\/v2\/comments?post=6021"}],"version-history":[{"count":0,"href":"https:\/\/centros.uepb.edu.br\/ccbsa\/wp-json\/wp\/v2\/posts\/6021\/revisions"}],"wp:featuredmedia":[{"embeddable":true,"href":"https:\/\/centros.uepb.edu.br\/ccbsa\/wp-json\/wp\/v2\/media\/6026"}],"wp:attachment":[{"href":"https:\/\/centros.uepb.edu.br\/ccbsa\/wp-json\/wp\/v2\/media?parent=6021"}],"wp:term":[{"taxonomy":"category","embeddable":true,"href":"https:\/\/centros.uepb.edu.br\/ccbsa\/wp-json\/wp\/v2\/categories?post=6021"},{"taxonomy":"post_tag","embeddable":true,"href":"https:\/\/centros.uepb.edu.br\/ccbsa\/wp-json\/wp\/v2\/tags?post=6021"}],"curies":[{"name":"wp","href":"https:\/\/api.w.org\/{rel}","templated":true}]}}