{"id":6013,"date":"2019-04-09T13:40:34","date_gmt":"2019-04-09T13:40:34","guid":{"rendered":"https:\/\/centros.uepb.edu.br\/ccbsa\/?p=6013"},"modified":"2019-04-09T13:40:34","modified_gmt":"2019-04-09T13:40:34","slug":"campus-v-da-uepb-realiza-palestra-com-representante-da-campus-france-sobre-oportunidade-de-estudos-na-franca","status":"publish","type":"post","link":"https:\/\/centros.uepb.edu.br\/ccbsa\/campus-v-da-uepb-realiza-palestra-com-representante-da-campus-france-sobre-oportunidade-de-estudos-na-franca\/","title":{"rendered":"Campus V da UEPB realiza palestra com representante da Campus France sobre oportunidade de estudos na Fran\u00e7a"},"content":{"rendered":"\n\t\t<style type=\"text\/css\">\n\t\t\t#gallery-1 {\n\t\t\t\tmargin: auto;\n\t\t\t}\n\t\t\t#gallery-1 .gallery-item {\n\t\t\t\tfloat: left;\n\t\t\t\tmargin-top: 10px;\n\t\t\t\ttext-align: center;\n\t\t\t\twidth: 33%;\n\t\t\t}\n\t\t\t#gallery-1 img {\n\t\t\t\tborder: 2px solid #cfcfcf;\n\t\t\t}\n\t\t\t#gallery-1 .gallery-caption {\n\t\t\t\tmargin-left: 0;\n\t\t\t}\n\t\t\t\/* see gallery_shortcode() in wp-includes\/media.php *\/\n\t\t<\/style>\n\t\t<div id='gallery-1' class='gallery galleryid-6013 gallery-columns-3 gallery-size-full'><dl class='gallery-item'>\n\t\t\t<dt class='gallery-icon landscape'>\n\t\t\t\t<a href='https:\/\/centros.uepb.edu.br\/ccbsa\/files\/2019\/04\/IMG_3677.jpg'><img loading=\"lazy\" decoding=\"async\" width=\"840\" height=\"454\" src=\"https:\/\/centros.uepb.edu.br\/ccbsa\/files\/2019\/04\/IMG_3677.jpg\" class=\"attachment-full size-full\" alt=\"\" srcset=\"https:\/\/centros.uepb.edu.br\/ccbsa\/files\/2019\/04\/IMG_3677.jpg 840w, https:\/\/centros.uepb.edu.br\/ccbsa\/files\/2019\/04\/IMG_3677-300x162.jpg 300w, https:\/\/centros.uepb.edu.br\/ccbsa\/files\/2019\/04\/IMG_3677-768x415.jpg 768w, https:\/\/centros.uepb.edu.br\/ccbsa\/files\/2019\/04\/IMG_3677-370x200.jpg 370w\" sizes=\"auto, (max-width: 840px) 100vw, 840px\" \/><\/a>\n\t\t\t<\/dt><\/dl><dl class='gallery-item'>\n\t\t\t<dt class='gallery-icon landscape'>\n\t\t\t\t<a href='https:\/\/centros.uepb.edu.br\/ccbsa\/files\/2019\/04\/IMG_3664.jpg'><img loading=\"lazy\" decoding=\"async\" width=\"840\" height=\"454\" src=\"https:\/\/centros.uepb.edu.br\/ccbsa\/files\/2019\/04\/IMG_3664.jpg\" class=\"attachment-full size-full\" alt=\"\" srcset=\"https:\/\/centros.uepb.edu.br\/ccbsa\/files\/2019\/04\/IMG_3664.jpg 840w, https:\/\/centros.uepb.edu.br\/ccbsa\/files\/2019\/04\/IMG_3664-300x162.jpg 300w, https:\/\/centros.uepb.edu.br\/ccbsa\/files\/2019\/04\/IMG_3664-768x415.jpg 768w, https:\/\/centros.uepb.edu.br\/ccbsa\/files\/2019\/04\/IMG_3664-370x200.jpg 370w\" sizes=\"auto, (max-width: 840px) 100vw, 840px\" \/><\/a>\n\t\t\t<\/dt><\/dl><dl class='gallery-item'>\n\t\t\t<dt class='gallery-icon landscape'>\n\t\t\t\t<a href='https:\/\/centros.uepb.edu.br\/ccbsa\/files\/2019\/04\/IMG_3670.jpg'><img loading=\"lazy\" decoding=\"async\" width=\"840\" height=\"454\" src=\"https:\/\/centros.uepb.edu.br\/ccbsa\/files\/2019\/04\/IMG_3670.jpg\" class=\"attachment-full size-full\" alt=\"\" srcset=\"https:\/\/centros.uepb.edu.br\/ccbsa\/files\/2019\/04\/IMG_3670.jpg 840w, https:\/\/centros.uepb.edu.br\/ccbsa\/files\/2019\/04\/IMG_3670-300x162.jpg 300w, https:\/\/centros.uepb.edu.br\/ccbsa\/files\/2019\/04\/IMG_3670-768x415.jpg 768w, https:\/\/centros.uepb.edu.br\/ccbsa\/files\/2019\/04\/IMG_3670-370x200.jpg 370w\" sizes=\"auto, (max-width: 840px) 100vw, 840px\" \/><\/a>\n\t\t\t<\/dt><\/dl><br style=\"clear: both\" \/><dl class='gallery-item'>\n\t\t\t<dt class='gallery-icon landscape'>\n\t\t\t\t<a href='https:\/\/centros.uepb.edu.br\/ccbsa\/files\/2019\/04\/IMG_3677-1.jpg'><img loading=\"lazy\" decoding=\"async\" width=\"840\" height=\"454\" src=\"https:\/\/centros.uepb.edu.br\/ccbsa\/files\/2019\/04\/IMG_3677-1.jpg\" class=\"attachment-full size-full\" alt=\"\" srcset=\"https:\/\/centros.uepb.edu.br\/ccbsa\/files\/2019\/04\/IMG_3677-1.jpg 840w, https:\/\/centros.uepb.edu.br\/ccbsa\/files\/2019\/04\/IMG_3677-1-300x162.jpg 300w, https:\/\/centros.uepb.edu.br\/ccbsa\/files\/2019\/04\/IMG_3677-1-768x415.jpg 768w, https:\/\/centros.uepb.edu.br\/ccbsa\/files\/2019\/04\/IMG_3677-1-370x200.jpg 370w\" sizes=\"auto, (max-width: 840px) 100vw, 840px\" \/><\/a>\n\t\t\t<\/dt><\/dl><dl class='gallery-item'>\n\t\t\t<dt class='gallery-icon landscape'>\n\t\t\t\t<a href='https:\/\/centros.uepb.edu.br\/ccbsa\/files\/2019\/04\/IMG_3684.jpg'><img loading=\"lazy\" decoding=\"async\" width=\"840\" height=\"454\" src=\"https:\/\/centros.uepb.edu.br\/ccbsa\/files\/2019\/04\/IMG_3684.jpg\" class=\"attachment-full size-full\" alt=\"\" srcset=\"https:\/\/centros.uepb.edu.br\/ccbsa\/files\/2019\/04\/IMG_3684.jpg 840w, https:\/\/centros.uepb.edu.br\/ccbsa\/files\/2019\/04\/IMG_3684-300x162.jpg 300w, https:\/\/centros.uepb.edu.br\/ccbsa\/files\/2019\/04\/IMG_3684-768x415.jpg 768w, https:\/\/centros.uepb.edu.br\/ccbsa\/files\/2019\/04\/IMG_3684-370x200.jpg 370w\" sizes=\"auto, (max-width: 840px) 100vw, 840px\" \/><\/a>\n\t\t\t<\/dt><\/dl>\n\t\t\t<br style='clear: both' \/>\n\t\t<\/div>\n\n<p align=\"justify\">Com a participa\u00e7\u00e3o de estudantes e profissionais interessados em vivenciar a experi\u00eancia de um interc\u00e2mbio na Fran\u00e7a, foi realizada, na manh\u00e3 desta ter\u00e7a-feira (9), no Campus V da Universidade Estadual da Para\u00edba (UEPB) uma palestra sobre \u201cEstudos na Fran\u00e7a\u201d com a representante da Campus France Brasil Let\u00edcia de Pontes.<\/p>\n<p align=\"justify\">Na oportunidade, foram apresentadas as atribui\u00e7\u00f5es da Campus France, que \u00e9 a ag\u00eancia governamental francesa respons\u00e1vel pela promo\u00e7\u00e3o do ensino superior, o acolhimento e a mobilidade internacional, a estrutura do ensino superior franc\u00eas, oportunidades nos n\u00edveis da gradua\u00e7\u00e3o, mestrado e doutorado, procedimentos de candidaturas, bolsas, cursos de franc\u00eas na Fran\u00e7a, custos dos estudos, entre outros temas.<\/p>\n<p align=\"justify\">Promovido pela professora do curso de Rela\u00e7\u00f5es Internacionais, Giuliana Dias Vieira e pela docente do N\u00facleo de L\u00ednguas do Campus V da UEPB e presidente da Associa\u00e7\u00e3o de Professores de Franc\u00eas na Para\u00edba Rossana Koffmann, o evento contou com a presen\u00e7a da diretora da Alian\u00e7a Francesa Elo\u00edse Dumas, da diretora do CCBSA, Jacqueline Echeverr\u00eda Barrancos, e de um p\u00fablico formado, sobretudo, por estudantes de cursos de idiomas e Rela\u00e7\u00f5es Internacionais. O estudante do 1\u00ba per\u00edodo de Rela\u00e7\u00f5es Internacionais, Pedro Nunes destaca que a palestra foi uma oportunidade de conhecer as possibilidades para que ele possa realizar o sonho de estudar fora do pa\u00eds e desenvolver o franc\u00eas. &#8220;Eu j\u00e1 tinha interesse em fazer franc\u00eas fora do pa\u00eds n\u00e3o s\u00f3 por conta da profiss\u00e3o que eu escolhi, j\u00e1 que eu quero ser diplomata, como pela cultura francesa que me atrai. Ent\u00e3o quando eu soube dessa palestra que nos apresenta um leque de op\u00e7\u00f5es eu me interessei e vou aproveitar para sanar todas as duvidas&#8221;, explicou.<\/p>\n<p align=\"justify\">Presente em mais de 110 pa\u00edses, a Campus France atua na orienta\u00e7\u00e3o gratuita sobre estudos superiores na Fran\u00e7a (informa\u00e7\u00f5es gerais, prazos de inscri\u00e7\u00e3o, pr\u00e9-requisitos, procedimento, bolsas etc.); esclarecimento de d\u00favidas e acompanhamento gratuito das candidaturas, no procedimento pr\u00e9-consular obrigat\u00f3rio para a solicita\u00e7\u00e3o do visto de estudante, entre outros.<\/p>\n<p align=\"justify\">Al\u00e9m do Campus V da UEPB a entidade tem visitado outras institui\u00e7\u00f5es em todo o pa\u00eds e a palestra na UEPB, assim como as demais atividades com a finalidade de apresentar as oportunidades de estudos na Fran\u00e7a, \u00e9 gratuita e aberta ao p\u00fablico em geral.<\/p>\n<p align=\"justify\"><em><strong>Texto e fotos:<\/strong> Juliana Marques<\/em><\/p>\n","protected":false},"excerpt":{"rendered":"<p>Com a participa\u00e7\u00e3o de estudantes e profissionais interessados em vivenciar a experi\u00eancia de um interc\u00e2mbio na Fran\u00e7a, foi realizada, na manh\u00e3 desta ter\u00e7a-feira (9), no Campus V da Universidade Estadual da Para\u00edba (UEPB) uma palestra sobre \u201cEstudos na Fran\u00e7a\u201d com a representante da Campus France Brasil Let\u00edcia de Pontes. Na oportunidade, foram apresentadas as atribui\u00e7\u00f5es <a class=\"leiamais\" href=\"https:\/\/centros.uepb.edu.br\/ccbsa\/campus-v-da-uepb-realiza-palestra-com-representante-da-campus-france-sobre-oportunidade-de-estudos-na-franca\/\">Leia Mais&#8230;<\/a><\/p>\n","protected":false},"author":8,"featured_media":6014,"comment_status":"closed","ping_status":"closed","sticky":false,"template":"","format":"standard","meta":{"footnotes":""},"categories":[3,11],"tags":[],"class_list":["post-6013","post","type-post","status-publish","format-standard","has-post-thumbnail","hentry","category-noticias","category-noticias-destaque-img"],"jetpack_featured_media_url":"https:\/\/centros.uepb.edu.br\/ccbsa\/files\/2019\/04\/IMG_3677.jpg","_links":{"self":[{"href":"https:\/\/centros.uepb.edu.br\/ccbsa\/wp-json\/wp\/v2\/posts\/6013","targetHints":{"allow":["GET"]}}],"collection":[{"href":"https:\/\/centros.uepb.edu.br\/ccbsa\/wp-json\/wp\/v2\/posts"}],"about":[{"href":"https:\/\/centros.uepb.edu.br\/ccbsa\/wp-json\/wp\/v2\/types\/post"}],"author":[{"embeddable":true,"href":"https:\/\/centros.uepb.edu.br\/ccbsa\/wp-json\/wp\/v2\/users\/8"}],"replies":[{"embeddable":true,"href":"https:\/\/centros.uepb.edu.br\/ccbsa\/wp-json\/wp\/v2\/comments?post=6013"}],"version-history":[{"count":0,"href":"https:\/\/centros.uepb.edu.br\/ccbsa\/wp-json\/wp\/v2\/posts\/6013\/revisions"}],"wp:featuredmedia":[{"embeddable":true,"href":"https:\/\/centros.uepb.edu.br\/ccbsa\/wp-json\/wp\/v2\/media\/6014"}],"wp:attachment":[{"href":"https:\/\/centros.uepb.edu.br\/ccbsa\/wp-json\/wp\/v2\/media?parent=6013"}],"wp:term":[{"taxonomy":"category","embeddable":true,"href":"https:\/\/centros.uepb.edu.br\/ccbsa\/wp-json\/wp\/v2\/categories?post=6013"},{"taxonomy":"post_tag","embeddable":true,"href":"https:\/\/centros.uepb.edu.br\/ccbsa\/wp-json\/wp\/v2\/tags?post=6013"}],"curies":[{"name":"wp","href":"https:\/\/api.w.org\/{rel}","templated":true}]}}