{"id":5993,"date":"2019-04-01T16:01:22","date_gmt":"2019-04-01T16:01:22","guid":{"rendered":"https:\/\/centros.uepb.edu.br\/ccbsa\/?p=5993"},"modified":"2019-04-23T15:08:17","modified_gmt":"2019-04-23T15:08:17","slug":"festival-de-artes-e-participacao-social-realiza-previa-do-evento-com-rodas-de-conversas-sobre-relacionamentos-abusivos","status":"publish","type":"post","link":"https:\/\/centros.uepb.edu.br\/ccbsa\/festival-de-artes-e-participacao-social-realiza-previa-do-evento-com-rodas-de-conversas-sobre-relacionamentos-abusivos\/","title":{"rendered":"Festival de Artes e Participa\u00e7\u00e3o Social realiza pr\u00e9via do evento com rodas de conversas sobre relacionamentos abusivos"},"content":{"rendered":"<p><a href=\"https:\/\/centros.uepb.edu.br\/ccbsa\/files\/2019\/04\/WhatsApp-Image-2019-04-01-at-18.07.53.jpg\"><img loading=\"lazy\" decoding=\"async\" class=\"aligncenter size-full wp-image-5996 img-responsive\" src=\"https:\/\/centros.uepb.edu.br\/ccbsa\/files\/2019\/04\/WhatsApp-Image-2019-04-01-at-18.07.53.jpg\" alt=\"\" width=\"840\" height=\"454\" srcset=\"https:\/\/centros.uepb.edu.br\/ccbsa\/files\/2019\/04\/WhatsApp-Image-2019-04-01-at-18.07.53.jpg 840w, https:\/\/centros.uepb.edu.br\/ccbsa\/files\/2019\/04\/WhatsApp-Image-2019-04-01-at-18.07.53-300x162.jpg 300w, https:\/\/centros.uepb.edu.br\/ccbsa\/files\/2019\/04\/WhatsApp-Image-2019-04-01-at-18.07.53-768x415.jpg 768w, https:\/\/centros.uepb.edu.br\/ccbsa\/files\/2019\/04\/WhatsApp-Image-2019-04-01-at-18.07.53-370x200.jpg 370w\" sizes=\"auto, (max-width: 840px) 100vw, 840px\" \/><\/a><\/p>\n<p>A comiss\u00e3o organizadora do Festival de Artes e Participa\u00e7\u00e3o Social (FARPAS) da Universidade Estadual da Para\u00edba (UEPB) realizou, na manh\u00e3 desta segunda-feira (1\u00ba), uma roda de conversa sobre relacionamento abusivo que integra a pr\u00e9via do evento denominada \u201cDrops Farpas\u201d. As atividades pr\u00e9-evento seguem nos dias 3 e 5 de abril, \u00e0s 18h30 e 15h30, respectivamente, no audit\u00f3rio do Campus V da UEPB.<\/p>\n<p>O evento conta com m\u00fasica, din\u00e2micas e uma roda de conversa voltada, sobretudo, ao p\u00fablico jovem da UEPB e Escola Estadual de Ensino M\u00e9dio Jos\u00e9 Lins do R\u00eago. A participa\u00e7\u00e3o na atividade requer inscri\u00e7\u00f5es pr\u00e9vias por meio de <a href=\"https:\/\/docs.google.com\/forms\/d\/e\/1FAIpQLSdvPQoYtFQ08AThVebCXibU294SkfIkQo_YobMV7rusNQidzA\/viewform\">formul\u00e1rio eletr\u00f4nico<\/a>.<\/p>\n<p>A terceira edi\u00e7\u00e3o do Farpas ocorrer\u00e1 nos dias 24 e 25 de abril, com o tema \u201cFARPAS 2019 \u2013 O Festival dos sonhos\u201d. Vinculado ao projeto de extens\u00e3o \u201cMem\u00f3ria, sociedade e cidadania (MUDDE): reflex\u00e3o para al\u00e9m dos muros acad\u00eamicos\u201d e \u201cAudiovisualmentes: produzindo e mediando conte\u00fados educacionais como ferramenta de dissemina\u00e7\u00e3o social e comunica\u00e7\u00e3o pedag\u00f3gica\u201d, do curso de Arquivologia, o evento re\u00fane a comunidade acad\u00eamica do Campus V da UEPB e Escola Estadual Jos\u00e9 Lins do R\u00eago para discutir e promover uma reflex\u00e3o sobre temas de relev\u00e2ncia social e pol\u00edtica da atualidade. Tamb\u00e9m haver\u00e1 a\u00e7\u00f5es relacionadas ao \u201cAno Cultural Jackson do Pandeiro\u201d, institu\u00eddo pelo Conselho Universit\u00e1rio da UEPB como forma de lembrar o centen\u00e1rio de nascimento do artista paraibano.<\/p>\n<p>\u201cEscolhemos abordar a quest\u00e3o dos sonhos, n\u00e3o como algo fantasioso ou ut\u00f3pico, mas, como metas a serem alcan\u00e7adas, desafios sociais a serem superados. Sonhamos com uma educa\u00e7\u00e3o melhor, ent\u00e3o o que fazer para buscar alcan\u00e7ar esse sonho? Temos o desafio do primeiro emprego, desejamos um Brasil melhor. Ent\u00e3o nossas atividades ser\u00e3o permeadas por reflex\u00f5es sobre como atingir esses ideais que buscamos. E, por outro lado, considerando que 2019 ser\u00e1 o ano cultural Jackson do Pandeiro, estamos programando algumas atividades ligadas a essa tem\u00e1tica\u201d, explica Henrique Fran\u00e7a.<\/p>\n<p><strong>Outras informa\u00e7\u00f5es:<\/strong> farpascomunicacao@gmail.com \/ <a href=\"https:\/\/www.instagram.com\/farpas2019\/\">https:\/\/www.instagram.com\/farpas2019\/<\/a><\/p>\n<p><em><strong>Texto:<\/strong> Juliana Marques<\/em><br \/>\n<em><strong>Foto:<\/strong> Assessoria de Comunica\u00e7\u00e3o do FARPAS<\/em><\/p>\n","protected":false},"excerpt":{"rendered":"<p>A comiss\u00e3o organizadora do Festival de Artes e Participa\u00e7\u00e3o Social (FARPAS) da Universidade Estadual da Para\u00edba (UEPB) realizou, na manh\u00e3 desta segunda-feira (1\u00ba), uma roda de conversa sobre relacionamento abusivo que integra a pr\u00e9via do evento denominada \u201cDrops Farpas\u201d. As atividades pr\u00e9-evento seguem nos dias 3 e 5 de abril, \u00e0s 18h30 e 15h30, respectivamente, <a class=\"leiamais\" href=\"https:\/\/centros.uepb.edu.br\/ccbsa\/festival-de-artes-e-participacao-social-realiza-previa-do-evento-com-rodas-de-conversas-sobre-relacionamentos-abusivos\/\">Leia Mais&#8230;<\/a><\/p>\n","protected":false},"author":8,"featured_media":5996,"comment_status":"closed","ping_status":"closed","sticky":false,"template":"","format":"standard","meta":{"footnotes":""},"categories":[3,11],"tags":[],"class_list":["post-5993","post","type-post","status-publish","format-standard","has-post-thumbnail","hentry","category-noticias","category-noticias-destaque-img"],"jetpack_featured_media_url":"https:\/\/centros.uepb.edu.br\/ccbsa\/files\/2019\/04\/WhatsApp-Image-2019-04-01-at-18.07.53.jpg","_links":{"self":[{"href":"https:\/\/centros.uepb.edu.br\/ccbsa\/wp-json\/wp\/v2\/posts\/5993","targetHints":{"allow":["GET"]}}],"collection":[{"href":"https:\/\/centros.uepb.edu.br\/ccbsa\/wp-json\/wp\/v2\/posts"}],"about":[{"href":"https:\/\/centros.uepb.edu.br\/ccbsa\/wp-json\/wp\/v2\/types\/post"}],"author":[{"embeddable":true,"href":"https:\/\/centros.uepb.edu.br\/ccbsa\/wp-json\/wp\/v2\/users\/8"}],"replies":[{"embeddable":true,"href":"https:\/\/centros.uepb.edu.br\/ccbsa\/wp-json\/wp\/v2\/comments?post=5993"}],"version-history":[{"count":0,"href":"https:\/\/centros.uepb.edu.br\/ccbsa\/wp-json\/wp\/v2\/posts\/5993\/revisions"}],"wp:featuredmedia":[{"embeddable":true,"href":"https:\/\/centros.uepb.edu.br\/ccbsa\/wp-json\/wp\/v2\/media\/5996"}],"wp:attachment":[{"href":"https:\/\/centros.uepb.edu.br\/ccbsa\/wp-json\/wp\/v2\/media?parent=5993"}],"wp:term":[{"taxonomy":"category","embeddable":true,"href":"https:\/\/centros.uepb.edu.br\/ccbsa\/wp-json\/wp\/v2\/categories?post=5993"},{"taxonomy":"post_tag","embeddable":true,"href":"https:\/\/centros.uepb.edu.br\/ccbsa\/wp-json\/wp\/v2\/tags?post=5993"}],"curies":[{"name":"wp","href":"https:\/\/api.w.org\/{rel}","templated":true}]}}