{"id":5950,"date":"2019-03-20T15:27:13","date_gmt":"2019-03-20T15:27:13","guid":{"rendered":"https:\/\/centros.uepb.edu.br\/ccbsa\/?p=5950"},"modified":"2019-03-20T15:27:13","modified_gmt":"2019-03-20T15:27:13","slug":"comissao-de-representantes-das-categorias-do-campus-v-realizam-visita-para-conhecer-o-bloco-de-salas-da-central-de-aulas","status":"publish","type":"post","link":"https:\/\/centros.uepb.edu.br\/ccbsa\/comissao-de-representantes-das-categorias-do-campus-v-realizam-visita-para-conhecer-o-bloco-de-salas-da-central-de-aulas\/","title":{"rendered":"Comiss\u00e3o de representantes das categorias do Campus V realizam visita para conhecer o bloco de salas da Central de Aulas"},"content":{"rendered":"\n\t\t<style type=\"text\/css\">\n\t\t\t#gallery-1 {\n\t\t\t\tmargin: auto;\n\t\t\t}\n\t\t\t#gallery-1 .gallery-item {\n\t\t\t\tfloat: left;\n\t\t\t\tmargin-top: 10px;\n\t\t\t\ttext-align: center;\n\t\t\t\twidth: 33%;\n\t\t\t}\n\t\t\t#gallery-1 img {\n\t\t\t\tborder: 2px solid #cfcfcf;\n\t\t\t}\n\t\t\t#gallery-1 .gallery-caption {\n\t\t\t\tmargin-left: 0;\n\t\t\t}\n\t\t\t\/* see gallery_shortcode() in wp-includes\/media.php *\/\n\t\t<\/style>\n\t\t<div id='gallery-1' class='gallery galleryid-5950 gallery-columns-3 gallery-size-full'><dl class='gallery-item'>\n\t\t\t<dt class='gallery-icon landscape'>\n\t\t\t\t<a href='https:\/\/centros.uepb.edu.br\/ccbsa\/files\/2019\/03\/IMG_3598.jpg'><img loading=\"lazy\" decoding=\"async\" width=\"840\" height=\"560\" src=\"https:\/\/centros.uepb.edu.br\/ccbsa\/files\/2019\/03\/IMG_3598.jpg\" class=\"attachment-full size-full\" alt=\"\" srcset=\"https:\/\/centros.uepb.edu.br\/ccbsa\/files\/2019\/03\/IMG_3598.jpg 840w, https:\/\/centros.uepb.edu.br\/ccbsa\/files\/2019\/03\/IMG_3598-300x200.jpg 300w, https:\/\/centros.uepb.edu.br\/ccbsa\/files\/2019\/03\/IMG_3598-768x512.jpg 768w, https:\/\/centros.uepb.edu.br\/ccbsa\/files\/2019\/03\/IMG_3598-370x247.jpg 370w\" sizes=\"auto, (max-width: 840px) 100vw, 840px\" \/><\/a>\n\t\t\t<\/dt><\/dl><dl class='gallery-item'>\n\t\t\t<dt class='gallery-icon landscape'>\n\t\t\t\t<a href='https:\/\/centros.uepb.edu.br\/ccbsa\/files\/2019\/03\/IMG_3600-1.jpg'><img loading=\"lazy\" decoding=\"async\" width=\"840\" height=\"454\" src=\"https:\/\/centros.uepb.edu.br\/ccbsa\/files\/2019\/03\/IMG_3600-1.jpg\" class=\"attachment-full size-full\" alt=\"\" srcset=\"https:\/\/centros.uepb.edu.br\/ccbsa\/files\/2019\/03\/IMG_3600-1.jpg 840w, https:\/\/centros.uepb.edu.br\/ccbsa\/files\/2019\/03\/IMG_3600-1-300x162.jpg 300w, https:\/\/centros.uepb.edu.br\/ccbsa\/files\/2019\/03\/IMG_3600-1-768x415.jpg 768w, https:\/\/centros.uepb.edu.br\/ccbsa\/files\/2019\/03\/IMG_3600-1-370x200.jpg 370w\" sizes=\"auto, (max-width: 840px) 100vw, 840px\" \/><\/a>\n\t\t\t<\/dt><\/dl><dl class='gallery-item'>\n\t\t\t<dt class='gallery-icon landscape'>\n\t\t\t\t<a href='https:\/\/centros.uepb.edu.br\/ccbsa\/files\/2019\/03\/IMG_3629.jpg'><img loading=\"lazy\" decoding=\"async\" width=\"840\" height=\"495\" src=\"https:\/\/centros.uepb.edu.br\/ccbsa\/files\/2019\/03\/IMG_3629.jpg\" class=\"attachment-full size-full\" alt=\"\" srcset=\"https:\/\/centros.uepb.edu.br\/ccbsa\/files\/2019\/03\/IMG_3629.jpg 840w, https:\/\/centros.uepb.edu.br\/ccbsa\/files\/2019\/03\/IMG_3629-300x177.jpg 300w, https:\/\/centros.uepb.edu.br\/ccbsa\/files\/2019\/03\/IMG_3629-768x453.jpg 768w, https:\/\/centros.uepb.edu.br\/ccbsa\/files\/2019\/03\/IMG_3629-370x218.jpg 370w\" sizes=\"auto, (max-width: 840px) 100vw, 840px\" \/><\/a>\n\t\t\t<\/dt><\/dl><br style=\"clear: both\" \/><dl class='gallery-item'>\n\t\t\t<dt class='gallery-icon landscape'>\n\t\t\t\t<a href='https:\/\/centros.uepb.edu.br\/ccbsa\/files\/2019\/03\/IMG_3635.jpg'><img loading=\"lazy\" decoding=\"async\" width=\"840\" height=\"560\" src=\"https:\/\/centros.uepb.edu.br\/ccbsa\/files\/2019\/03\/IMG_3635.jpg\" class=\"attachment-full size-full\" alt=\"\" srcset=\"https:\/\/centros.uepb.edu.br\/ccbsa\/files\/2019\/03\/IMG_3635.jpg 840w, https:\/\/centros.uepb.edu.br\/ccbsa\/files\/2019\/03\/IMG_3635-300x200.jpg 300w, https:\/\/centros.uepb.edu.br\/ccbsa\/files\/2019\/03\/IMG_3635-768x512.jpg 768w, https:\/\/centros.uepb.edu.br\/ccbsa\/files\/2019\/03\/IMG_3635-370x247.jpg 370w\" sizes=\"auto, (max-width: 840px) 100vw, 840px\" \/><\/a>\n\t\t\t<\/dt><\/dl><dl class='gallery-item'>\n\t\t\t<dt class='gallery-icon landscape'>\n\t\t\t\t<a href='https:\/\/centros.uepb.edu.br\/ccbsa\/files\/2019\/03\/IMG_3642.jpg'><img loading=\"lazy\" decoding=\"async\" width=\"840\" height=\"620\" src=\"https:\/\/centros.uepb.edu.br\/ccbsa\/files\/2019\/03\/IMG_3642.jpg\" class=\"attachment-full size-full\" alt=\"\" srcset=\"https:\/\/centros.uepb.edu.br\/ccbsa\/files\/2019\/03\/IMG_3642.jpg 840w, https:\/\/centros.uepb.edu.br\/ccbsa\/files\/2019\/03\/IMG_3642-300x221.jpg 300w, https:\/\/centros.uepb.edu.br\/ccbsa\/files\/2019\/03\/IMG_3642-768x567.jpg 768w, https:\/\/centros.uepb.edu.br\/ccbsa\/files\/2019\/03\/IMG_3642-370x273.jpg 370w\" sizes=\"auto, (max-width: 840px) 100vw, 840px\" \/><\/a>\n\t\t\t<\/dt><\/dl><dl class='gallery-item'>\n\t\t\t<dt class='gallery-icon landscape'>\n\t\t\t\t<a href='https:\/\/centros.uepb.edu.br\/ccbsa\/files\/2019\/03\/IMG_3653.jpg'><img loading=\"lazy\" decoding=\"async\" width=\"840\" height=\"560\" src=\"https:\/\/centros.uepb.edu.br\/ccbsa\/files\/2019\/03\/IMG_3653.jpg\" class=\"attachment-full size-full\" alt=\"\" srcset=\"https:\/\/centros.uepb.edu.br\/ccbsa\/files\/2019\/03\/IMG_3653.jpg 840w, https:\/\/centros.uepb.edu.br\/ccbsa\/files\/2019\/03\/IMG_3653-300x200.jpg 300w, https:\/\/centros.uepb.edu.br\/ccbsa\/files\/2019\/03\/IMG_3653-768x512.jpg 768w, https:\/\/centros.uepb.edu.br\/ccbsa\/files\/2019\/03\/IMG_3653-370x247.jpg 370w\" sizes=\"auto, (max-width: 840px) 100vw, 840px\" \/><\/a>\n\t\t\t<\/dt><\/dl><br style=\"clear: both\" \/>\n\t\t<\/div>\n\n<p>Com o objetivo de possibilitar \u00e0 comunidade acad\u00eamica um acompanhamento permanente e uma rela\u00e7\u00e3o de transpar\u00eancia diante do andamento das obras no bloco de salas da Central de Aulas, uma comitiva de representantes das coordena\u00e7\u00f5es de cursos, docentes, t\u00e9cnicos-administrativos e discentes do Campus V acompanhados pelos diretores do Centro de Ci\u00eancias Biol\u00f3gicas e Sociais Aplicadas (CCBSA) e de respons\u00e1veis pelo setor de infraestrutura do Campus V e Link Engenharia, que executa a obra, participou de uma visita \u00e0s depend\u00eancias do novo espa\u00e7o que ser\u00e1 utilizado pelos cursos de gradua\u00e7\u00e3o e p\u00f3s-gradua\u00e7\u00e3o do Campus V da Universidade Estadual da Para\u00edba (UEPB).<\/p>\n<p>A obra, que conta com um investimento de mais de 9 milh\u00f5es de reais por parte do Governo do Estado, est\u00e1 na fase de instala\u00e7\u00e3o de cer\u00e2mica, forros de gesso, pintura e acabamentos finais. A previs\u00e3o \u00e9 que at\u00e9 o fim do primeiro semestre de 2019 o pr\u00e9dio seja entregue.<\/p>\n<p>A respons\u00e1vel pela SUPLAN, engenheira Simone Guimar\u00e3es, lembrou que a obra est\u00e1 seguindo o cronograma planejado e a entrega do bloco de salas para a comunidade acad\u00eamica da UEPB est\u00e1 sendo programada para agosto de 2019. \u201cFizemos algumas adapta\u00e7\u00f5es no projeto porque no ato da licita\u00e7\u00e3o alguns itens ficaram de fora, a exemplo da urbaniza\u00e7\u00e3o e ilumina\u00e7\u00e3o da \u00e1rea externa, devido a isso o valor da obra aumentou para aproximadamente 9 milh\u00f5es. Com essa obra buscamos melhorar a vida de todo o corpo docente e discente que aqui vai se instalar, oferecer condi\u00e7\u00f5es de salubridade, bem-estar para todos que usufru\u00edrem dessas instala\u00e7\u00f5es. Ficamos felizes em poder fazer parte disso e estamos programando um grande evento na inaugura\u00e7\u00e3o em agosto, quando vamos fazer a entrega para a comunidade da UEPB que merece essa alegria\u201d, avalia Simone.<\/p>\n<p>Segundo os respons\u00e1veis pela equipe de infraestrutura do Campus V o setor est\u00e1 acompanhando os ajustes finais da obra para verificar as necessidades de adequa\u00e7\u00e3o dos espa\u00e7os \u00e0s atividades dos cursos de gradua\u00e7\u00e3o e p\u00f3s-gradua\u00e7\u00e3o do CCBSA. Nesse sentido, est\u00e3o sendo tomadas provid\u00eancias quanto a quest\u00f5es como a instala\u00e7\u00e3o de c\u00e2meras de monitoramento, rede wi-fi, melhorias no cabeamento para utiliza\u00e7\u00e3o de data-shows, amplia\u00e7\u00e3o da capacidade da atual subesta\u00e7\u00e3o el\u00e9trica, aquisi\u00e7\u00e3o de suportes e data shows para as salas de aula, liga\u00e7\u00e3o entre o estacionamento da frente e da \u00e1rea de tr\u00e1s do pr\u00e9dio do Campus, entre outras.<\/p>\n<p><em><strong>Texto e fotos:<\/strong>\u00a0Juliana Marques<\/em><\/p>\n","protected":false},"excerpt":{"rendered":"<p>Com o objetivo de possibilitar \u00e0 comunidade acad\u00eamica um acompanhamento permanente e uma rela\u00e7\u00e3o de transpar\u00eancia diante do andamento das obras no bloco de salas da Central de Aulas, uma comitiva de representantes das coordena\u00e7\u00f5es de cursos, docentes, t\u00e9cnicos-administrativos e discentes do Campus V acompanhados pelos diretores do Centro de Ci\u00eancias Biol\u00f3gicas e Sociais Aplicadas <a class=\"leiamais\" href=\"https:\/\/centros.uepb.edu.br\/ccbsa\/comissao-de-representantes-das-categorias-do-campus-v-realizam-visita-para-conhecer-o-bloco-de-salas-da-central-de-aulas\/\">Leia Mais&#8230;<\/a><\/p>\n","protected":false},"author":8,"featured_media":5951,"comment_status":"closed","ping_status":"closed","sticky":false,"template":"","format":"standard","meta":{"footnotes":""},"categories":[3,11],"tags":[],"class_list":["post-5950","post","type-post","status-publish","format-standard","has-post-thumbnail","hentry","category-noticias","category-noticias-destaque-img"],"jetpack_featured_media_url":"https:\/\/centros.uepb.edu.br\/ccbsa\/files\/2019\/03\/IMG_3600.jpg","_links":{"self":[{"href":"https:\/\/centros.uepb.edu.br\/ccbsa\/wp-json\/wp\/v2\/posts\/5950","targetHints":{"allow":["GET"]}}],"collection":[{"href":"https:\/\/centros.uepb.edu.br\/ccbsa\/wp-json\/wp\/v2\/posts"}],"about":[{"href":"https:\/\/centros.uepb.edu.br\/ccbsa\/wp-json\/wp\/v2\/types\/post"}],"author":[{"embeddable":true,"href":"https:\/\/centros.uepb.edu.br\/ccbsa\/wp-json\/wp\/v2\/users\/8"}],"replies":[{"embeddable":true,"href":"https:\/\/centros.uepb.edu.br\/ccbsa\/wp-json\/wp\/v2\/comments?post=5950"}],"version-history":[{"count":0,"href":"https:\/\/centros.uepb.edu.br\/ccbsa\/wp-json\/wp\/v2\/posts\/5950\/revisions"}],"wp:featuredmedia":[{"embeddable":true,"href":"https:\/\/centros.uepb.edu.br\/ccbsa\/wp-json\/wp\/v2\/media\/5951"}],"wp:attachment":[{"href":"https:\/\/centros.uepb.edu.br\/ccbsa\/wp-json\/wp\/v2\/media?parent=5950"}],"wp:term":[{"taxonomy":"category","embeddable":true,"href":"https:\/\/centros.uepb.edu.br\/ccbsa\/wp-json\/wp\/v2\/categories?post=5950"},{"taxonomy":"post_tag","embeddable":true,"href":"https:\/\/centros.uepb.edu.br\/ccbsa\/wp-json\/wp\/v2\/tags?post=5950"}],"curies":[{"name":"wp","href":"https:\/\/api.w.org\/{rel}","templated":true}]}}