{"id":5926,"date":"2019-03-18T15:14:23","date_gmt":"2019-03-18T15:14:23","guid":{"rendered":"https:\/\/centros.uepb.edu.br\/ccbsa\/?p=5926"},"modified":"2019-03-20T15:54:00","modified_gmt":"2019-03-20T15:54:00","slug":"direcao-do-campus-v-em-parceria-com-a-academia-de-cordel-do-vale-paraiba-realiza-sarau-em-homenagem-ao-dia-da-mulher","status":"publish","type":"post","link":"https:\/\/centros.uepb.edu.br\/ccbsa\/direcao-do-campus-v-em-parceria-com-a-academia-de-cordel-do-vale-paraiba-realiza-sarau-em-homenagem-ao-dia-da-mulher\/","title":{"rendered":"Dire\u00e7\u00e3o do Campus V em parceria com a Academia de Cordel do Vale Para\u00edba realiza sarau em homenagem ao dia da mulher"},"content":{"rendered":"\n\t\t<style type=\"text\/css\">\n\t\t\t#gallery-1 {\n\t\t\t\tmargin: auto;\n\t\t\t}\n\t\t\t#gallery-1 .gallery-item {\n\t\t\t\tfloat: left;\n\t\t\t\tmargin-top: 10px;\n\t\t\t\ttext-align: center;\n\t\t\t\twidth: 33%;\n\t\t\t}\n\t\t\t#gallery-1 img {\n\t\t\t\tborder: 2px solid #cfcfcf;\n\t\t\t}\n\t\t\t#gallery-1 .gallery-caption {\n\t\t\t\tmargin-left: 0;\n\t\t\t}\n\t\t\t\/* see gallery_shortcode() in wp-includes\/media.php *\/\n\t\t<\/style>\n\t\t<div id='gallery-1' class='gallery galleryid-5926 gallery-columns-3 gallery-size-full'><dl class='gallery-item'>\n\t\t\t<dt class='gallery-icon landscape'>\n\t\t\t\t<a href='https:\/\/centros.uepb.edu.br\/ccbsa\/direcao-do-campus-v-em-parceria-com-a-academia-de-cordel-do-vale-paraiba-realiza-sarau-em-homenagem-ao-dia-da-mulher\/img_3451\/'><img loading=\"lazy\" decoding=\"async\" width=\"840\" height=\"542\" src=\"https:\/\/centros.uepb.edu.br\/ccbsa\/files\/2019\/03\/IMG_3451.jpg\" class=\"attachment-full size-full\" alt=\"\" srcset=\"https:\/\/centros.uepb.edu.br\/ccbsa\/files\/2019\/03\/IMG_3451.jpg 840w, https:\/\/centros.uepb.edu.br\/ccbsa\/files\/2019\/03\/IMG_3451-300x194.jpg 300w, https:\/\/centros.uepb.edu.br\/ccbsa\/files\/2019\/03\/IMG_3451-768x496.jpg 768w, https:\/\/centros.uepb.edu.br\/ccbsa\/files\/2019\/03\/IMG_3451-370x239.jpg 370w\" sizes=\"auto, (max-width: 840px) 100vw, 840px\" \/><\/a>\n\t\t\t<\/dt><\/dl><dl class='gallery-item'>\n\t\t\t<dt class='gallery-icon landscape'>\n\t\t\t\t<a href='https:\/\/centros.uepb.edu.br\/ccbsa\/direcao-do-campus-v-em-parceria-com-a-academia-de-cordel-do-vale-paraiba-realiza-sarau-em-homenagem-ao-dia-da-mulher\/img_3489-2\/'><img loading=\"lazy\" decoding=\"async\" width=\"840\" height=\"474\" src=\"https:\/\/centros.uepb.edu.br\/ccbsa\/files\/2019\/03\/IMG_3489-1.jpg\" class=\"attachment-full size-full\" alt=\"\" srcset=\"https:\/\/centros.uepb.edu.br\/ccbsa\/files\/2019\/03\/IMG_3489-1.jpg 840w, https:\/\/centros.uepb.edu.br\/ccbsa\/files\/2019\/03\/IMG_3489-1-300x169.jpg 300w, https:\/\/centros.uepb.edu.br\/ccbsa\/files\/2019\/03\/IMG_3489-1-768x433.jpg 768w, https:\/\/centros.uepb.edu.br\/ccbsa\/files\/2019\/03\/IMG_3489-1-370x209.jpg 370w\" sizes=\"auto, (max-width: 840px) 100vw, 840px\" \/><\/a>\n\t\t\t<\/dt><\/dl><dl class='gallery-item'>\n\t\t\t<dt class='gallery-icon landscape'>\n\t\t\t\t<a href='https:\/\/centros.uepb.edu.br\/ccbsa\/direcao-do-campus-v-em-parceria-com-a-academia-de-cordel-do-vale-paraiba-realiza-sarau-em-homenagem-ao-dia-da-mulher\/img_3499\/'><img loading=\"lazy\" decoding=\"async\" width=\"840\" height=\"538\" src=\"https:\/\/centros.uepb.edu.br\/ccbsa\/files\/2019\/03\/IMG_3499.jpg\" class=\"attachment-full size-full\" alt=\"\" srcset=\"https:\/\/centros.uepb.edu.br\/ccbsa\/files\/2019\/03\/IMG_3499.jpg 840w, https:\/\/centros.uepb.edu.br\/ccbsa\/files\/2019\/03\/IMG_3499-300x192.jpg 300w, https:\/\/centros.uepb.edu.br\/ccbsa\/files\/2019\/03\/IMG_3499-768x492.jpg 768w, https:\/\/centros.uepb.edu.br\/ccbsa\/files\/2019\/03\/IMG_3499-370x237.jpg 370w\" sizes=\"auto, (max-width: 840px) 100vw, 840px\" \/><\/a>\n\t\t\t<\/dt><\/dl><br style=\"clear: both\" \/><dl class='gallery-item'>\n\t\t\t<dt class='gallery-icon landscape'>\n\t\t\t\t<a href='https:\/\/centros.uepb.edu.br\/ccbsa\/direcao-do-campus-v-em-parceria-com-a-academia-de-cordel-do-vale-paraiba-realiza-sarau-em-homenagem-ao-dia-da-mulher\/img_3508\/'><img loading=\"lazy\" decoding=\"async\" width=\"840\" height=\"520\" src=\"https:\/\/centros.uepb.edu.br\/ccbsa\/files\/2019\/03\/IMG_3508.jpg\" class=\"attachment-full size-full\" alt=\"\" srcset=\"https:\/\/centros.uepb.edu.br\/ccbsa\/files\/2019\/03\/IMG_3508.jpg 840w, https:\/\/centros.uepb.edu.br\/ccbsa\/files\/2019\/03\/IMG_3508-300x186.jpg 300w, https:\/\/centros.uepb.edu.br\/ccbsa\/files\/2019\/03\/IMG_3508-768x475.jpg 768w, https:\/\/centros.uepb.edu.br\/ccbsa\/files\/2019\/03\/IMG_3508-370x229.jpg 370w\" sizes=\"auto, (max-width: 840px) 100vw, 840px\" \/><\/a>\n\t\t\t<\/dt><\/dl><dl class='gallery-item'>\n\t\t\t<dt class='gallery-icon landscape'>\n\t\t\t\t<a href='https:\/\/centros.uepb.edu.br\/ccbsa\/direcao-do-campus-v-em-parceria-com-a-academia-de-cordel-do-vale-paraiba-realiza-sarau-em-homenagem-ao-dia-da-mulher\/img_3513\/'><img loading=\"lazy\" decoding=\"async\" width=\"840\" height=\"518\" src=\"https:\/\/centros.uepb.edu.br\/ccbsa\/files\/2019\/03\/IMG_3513.jpg\" class=\"attachment-full size-full\" alt=\"\" srcset=\"https:\/\/centros.uepb.edu.br\/ccbsa\/files\/2019\/03\/IMG_3513.jpg 840w, https:\/\/centros.uepb.edu.br\/ccbsa\/files\/2019\/03\/IMG_3513-300x185.jpg 300w, https:\/\/centros.uepb.edu.br\/ccbsa\/files\/2019\/03\/IMG_3513-768x474.jpg 768w, https:\/\/centros.uepb.edu.br\/ccbsa\/files\/2019\/03\/IMG_3513-370x228.jpg 370w\" sizes=\"auto, (max-width: 840px) 100vw, 840px\" \/><\/a>\n\t\t\t<\/dt><\/dl><dl class='gallery-item'>\n\t\t\t<dt class='gallery-icon landscape'>\n\t\t\t\t<a href='https:\/\/centros.uepb.edu.br\/ccbsa\/direcao-do-campus-v-em-parceria-com-a-academia-de-cordel-do-vale-paraiba-realiza-sarau-em-homenagem-ao-dia-da-mulher\/img_3518\/'><img loading=\"lazy\" decoding=\"async\" width=\"840\" height=\"593\" src=\"https:\/\/centros.uepb.edu.br\/ccbsa\/files\/2019\/03\/IMG_3518.jpg\" class=\"attachment-full size-full\" alt=\"\" srcset=\"https:\/\/centros.uepb.edu.br\/ccbsa\/files\/2019\/03\/IMG_3518.jpg 840w, https:\/\/centros.uepb.edu.br\/ccbsa\/files\/2019\/03\/IMG_3518-300x212.jpg 300w, https:\/\/centros.uepb.edu.br\/ccbsa\/files\/2019\/03\/IMG_3518-768x542.jpg 768w, https:\/\/centros.uepb.edu.br\/ccbsa\/files\/2019\/03\/IMG_3518-370x261.jpg 370w\" sizes=\"auto, (max-width: 840px) 100vw, 840px\" \/><\/a>\n\t\t\t<\/dt><\/dl><br style=\"clear: both\" \/><dl class='gallery-item'>\n\t\t\t<dt class='gallery-icon landscape'>\n\t\t\t\t<a href='https:\/\/centros.uepb.edu.br\/ccbsa\/direcao-do-campus-v-em-parceria-com-a-academia-de-cordel-do-vale-paraiba-realiza-sarau-em-homenagem-ao-dia-da-mulher\/img_3542\/'><img loading=\"lazy\" decoding=\"async\" width=\"840\" height=\"491\" src=\"https:\/\/centros.uepb.edu.br\/ccbsa\/files\/2019\/03\/IMG_3542.jpg\" class=\"attachment-full size-full\" alt=\"\" srcset=\"https:\/\/centros.uepb.edu.br\/ccbsa\/files\/2019\/03\/IMG_3542.jpg 840w, https:\/\/centros.uepb.edu.br\/ccbsa\/files\/2019\/03\/IMG_3542-300x175.jpg 300w, https:\/\/centros.uepb.edu.br\/ccbsa\/files\/2019\/03\/IMG_3542-768x449.jpg 768w, https:\/\/centros.uepb.edu.br\/ccbsa\/files\/2019\/03\/IMG_3542-370x216.jpg 370w\" sizes=\"auto, (max-width: 840px) 100vw, 840px\" \/><\/a>\n\t\t\t<\/dt><\/dl><dl class='gallery-item'>\n\t\t\t<dt class='gallery-icon portrait'>\n\t\t\t\t<a href='https:\/\/centros.uepb.edu.br\/ccbsa\/direcao-do-campus-v-em-parceria-com-a-academia-de-cordel-do-vale-paraiba-realiza-sarau-em-homenagem-ao-dia-da-mulher\/img_3543\/'><img loading=\"lazy\" decoding=\"async\" width=\"840\" height=\"1260\" src=\"https:\/\/centros.uepb.edu.br\/ccbsa\/files\/2019\/03\/IMG_3543.jpg\" class=\"attachment-full size-full\" alt=\"\" srcset=\"https:\/\/centros.uepb.edu.br\/ccbsa\/files\/2019\/03\/IMG_3543.jpg 840w, https:\/\/centros.uepb.edu.br\/ccbsa\/files\/2019\/03\/IMG_3543-200x300.jpg 200w, https:\/\/centros.uepb.edu.br\/ccbsa\/files\/2019\/03\/IMG_3543-768x1152.jpg 768w, https:\/\/centros.uepb.edu.br\/ccbsa\/files\/2019\/03\/IMG_3543-683x1024.jpg 683w, https:\/\/centros.uepb.edu.br\/ccbsa\/files\/2019\/03\/IMG_3543-370x555.jpg 370w\" sizes=\"auto, (max-width: 840px) 100vw, 840px\" \/><\/a>\n\t\t\t<\/dt><\/dl><dl class='gallery-item'>\n\t\t\t<dt class='gallery-icon landscape'>\n\t\t\t\t<a href='https:\/\/centros.uepb.edu.br\/ccbsa\/direcao-do-campus-v-em-parceria-com-a-academia-de-cordel-do-vale-paraiba-realiza-sarau-em-homenagem-ao-dia-da-mulher\/img_3549\/'><img loading=\"lazy\" decoding=\"async\" width=\"840\" height=\"560\" src=\"https:\/\/centros.uepb.edu.br\/ccbsa\/files\/2019\/03\/IMG_3549.jpg\" class=\"attachment-full size-full\" alt=\"\" srcset=\"https:\/\/centros.uepb.edu.br\/ccbsa\/files\/2019\/03\/IMG_3549.jpg 840w, https:\/\/centros.uepb.edu.br\/ccbsa\/files\/2019\/03\/IMG_3549-300x200.jpg 300w, https:\/\/centros.uepb.edu.br\/ccbsa\/files\/2019\/03\/IMG_3549-768x512.jpg 768w, https:\/\/centros.uepb.edu.br\/ccbsa\/files\/2019\/03\/IMG_3549-370x247.jpg 370w\" sizes=\"auto, (max-width: 840px) 100vw, 840px\" \/><\/a>\n\t\t\t<\/dt><\/dl><br style=\"clear: both\" \/><dl class='gallery-item'>\n\t\t\t<dt class='gallery-icon landscape'>\n\t\t\t\t<a href='https:\/\/centros.uepb.edu.br\/ccbsa\/direcao-do-campus-v-em-parceria-com-a-academia-de-cordel-do-vale-paraiba-realiza-sarau-em-homenagem-ao-dia-da-mulher\/img_3551\/'><img loading=\"lazy\" decoding=\"async\" width=\"840\" height=\"636\" src=\"https:\/\/centros.uepb.edu.br\/ccbsa\/files\/2019\/03\/IMG_3551.jpg\" class=\"attachment-full size-full\" alt=\"\" srcset=\"https:\/\/centros.uepb.edu.br\/ccbsa\/files\/2019\/03\/IMG_3551.jpg 840w, https:\/\/centros.uepb.edu.br\/ccbsa\/files\/2019\/03\/IMG_3551-300x227.jpg 300w, https:\/\/centros.uepb.edu.br\/ccbsa\/files\/2019\/03\/IMG_3551-768x581.jpg 768w, https:\/\/centros.uepb.edu.br\/ccbsa\/files\/2019\/03\/IMG_3551-370x280.jpg 370w\" sizes=\"auto, (max-width: 840px) 100vw, 840px\" \/><\/a>\n\t\t\t<\/dt><\/dl><dl class='gallery-item'>\n\t\t\t<dt class='gallery-icon landscape'>\n\t\t\t\t<a href='https:\/\/centros.uepb.edu.br\/ccbsa\/direcao-do-campus-v-em-parceria-com-a-academia-de-cordel-do-vale-paraiba-realiza-sarau-em-homenagem-ao-dia-da-mulher\/img_3558\/'><img loading=\"lazy\" decoding=\"async\" width=\"840\" height=\"534\" src=\"https:\/\/centros.uepb.edu.br\/ccbsa\/files\/2019\/03\/IMG_3558.jpg\" class=\"attachment-full size-full\" alt=\"\" srcset=\"https:\/\/centros.uepb.edu.br\/ccbsa\/files\/2019\/03\/IMG_3558.jpg 840w, https:\/\/centros.uepb.edu.br\/ccbsa\/files\/2019\/03\/IMG_3558-300x191.jpg 300w, https:\/\/centros.uepb.edu.br\/ccbsa\/files\/2019\/03\/IMG_3558-768x488.jpg 768w, https:\/\/centros.uepb.edu.br\/ccbsa\/files\/2019\/03\/IMG_3558-370x235.jpg 370w\" sizes=\"auto, (max-width: 840px) 100vw, 840px\" \/><\/a>\n\t\t\t<\/dt><\/dl><dl class='gallery-item'>\n\t\t\t<dt class='gallery-icon landscape'>\n\t\t\t\t<a href='https:\/\/centros.uepb.edu.br\/ccbsa\/direcao-do-campus-v-em-parceria-com-a-academia-de-cordel-do-vale-paraiba-realiza-sarau-em-homenagem-ao-dia-da-mulher\/img_3560\/'><img loading=\"lazy\" decoding=\"async\" width=\"840\" height=\"566\" src=\"https:\/\/centros.uepb.edu.br\/ccbsa\/files\/2019\/03\/IMG_3560.jpg\" class=\"attachment-full size-full\" alt=\"\" srcset=\"https:\/\/centros.uepb.edu.br\/ccbsa\/files\/2019\/03\/IMG_3560.jpg 840w, https:\/\/centros.uepb.edu.br\/ccbsa\/files\/2019\/03\/IMG_3560-300x202.jpg 300w, https:\/\/centros.uepb.edu.br\/ccbsa\/files\/2019\/03\/IMG_3560-768x517.jpg 768w, https:\/\/centros.uepb.edu.br\/ccbsa\/files\/2019\/03\/IMG_3560-370x249.jpg 370w\" sizes=\"auto, (max-width: 840px) 100vw, 840px\" \/><\/a>\n\t\t\t<\/dt><\/dl><br style=\"clear: both\" \/><dl class='gallery-item'>\n\t\t\t<dt class='gallery-icon landscape'>\n\t\t\t\t<a href='https:\/\/centros.uepb.edu.br\/ccbsa\/direcao-do-campus-v-em-parceria-com-a-academia-de-cordel-do-vale-paraiba-realiza-sarau-em-homenagem-ao-dia-da-mulher\/img_3570\/'><img loading=\"lazy\" decoding=\"async\" width=\"840\" height=\"626\" src=\"https:\/\/centros.uepb.edu.br\/ccbsa\/files\/2019\/03\/IMG_3570.jpg\" class=\"attachment-full size-full\" alt=\"\" srcset=\"https:\/\/centros.uepb.edu.br\/ccbsa\/files\/2019\/03\/IMG_3570.jpg 840w, https:\/\/centros.uepb.edu.br\/ccbsa\/files\/2019\/03\/IMG_3570-300x224.jpg 300w, https:\/\/centros.uepb.edu.br\/ccbsa\/files\/2019\/03\/IMG_3570-768x572.jpg 768w, https:\/\/centros.uepb.edu.br\/ccbsa\/files\/2019\/03\/IMG_3570-370x276.jpg 370w\" sizes=\"auto, (max-width: 840px) 100vw, 840px\" \/><\/a>\n\t\t\t<\/dt><\/dl>\n\t\t\t<br style='clear: both' \/>\n\t\t<\/div>\n\n<p>Uma noite de homenagens, protestos, exalta\u00e7\u00e3o \u00e0 cultura nordestina, tendo a poesia de cordel como elemento norteador. Assim pode ser definido o \u201cSarau Po\u00e9tico em Homenagem ao dia da Mulher: uma express\u00e3o da mais rica cultura do Nordeste\u201d, realizado pela dire\u00e7\u00e3o do Centro de Ci\u00eancias Biol\u00f3gicas e Sociais Aplicadas (CCBSA) da Universidade Estadual da Para\u00edba (UEPB), em Jo\u00e3o Pessoa, em parceria com a Academia de Cordel do Vale do Para\u00edba (ACVPB), na sexta-feira (15).<\/p>\n<p>Durante o evento foram apresentadas poesias dos membros da ACVPB em homenagem \u00e0s mulheres; apresenta\u00e7\u00e3o de Aboio em Verso com a Poetisa Shyrlaine Brand\u00e3o; leitura de poesias de novos talentos e membros da comunidade acad\u00eamica; lan\u00e7amentos de livros e de folhetos e venda de folhetos e de xilogravuras.<\/p>\n<p>A diretora do CCBSA, professora Jacqueline Echeverr\u00eda Barrancos, destacou a import\u00e2ncia desse evento para discutir tem\u00e1ticas relevantes relacionadas \u00e0s mulheres por interm\u00e9dio de um dos maiores patrim\u00f4nios do nordeste: o cordel. Na ocasi\u00e3o, a diretora homenageou a deputada Cida Ramos, representada pela assessora Rafaela Ramalho, com a comenda de \u201cAmiga do Campus V\u201d, pelos relevantes trabalhos prestados \u00e0 comunidade pessoense; e a professora Manuela Maia, como reconhecimento \u00e0s pesquisas empreendidas pela docente relacionadas \u00e0 tem\u00e1tica do cordel.<\/p>\n<p>Para a professora Manuela Maia, que realiza estudos na \u00e1rea de cordel h\u00e1 10 anos, eventos dessa natureza podem aproximar a sociedade da universidade utilizando a linguagem da poesia de cordel para abordar tem\u00e1ticas sociais relevantes como o feminic\u00eddio, as pol\u00edticas sociais, a viol\u00eancia, entre outros.<\/p>\n<p>O presidente da Academia de Cordel do Vale do Para\u00edba, Marconi Ara\u00fajo, destacou a relev\u00e2ncia desse Sarau para reunir poetas conhecidos e an\u00f4nimos e promover a cultura nordestina em sua ess\u00eancia. O poeta enalteceu os trabalhos que estavam sendo lan\u00e7ados:\u201cSementes de Marielle: legado de luta e resist\u00eancia\u201d, de autoria pr\u00f3pria, e \u201ccantadores do povo\u201d, de Chico Mulungu, al\u00e9m de folhetos como \u201cO drama de Mariana e Brumadinho sob o olhar da poesia\u201d, que contou com a participa\u00e7\u00e3o de 64 poetas de todo o pa\u00eds que constru\u00edram coletivamente, em menos de 48 horas, via aplicativo de mensagens, a poesia publicada pela ACVPB.<\/p>\n<p>Na oportunidade, foi realizada a entrega do trof\u00e9u Violeta Formiga \u00e0 cirandeira conhecida como V\u00f3 Mera e \u00e0 vereadora Sandra Marrocos. \u201cEstou muito emocionada com essa homenagem, at\u00e9 para que as pessoas notem que temos cultura e riqueza aqui na nossa terra. Onde eu chego, em eventos por todo o pa\u00eds vejo que as pessoas querem me ouvir cantar e ver minha apresenta\u00e7\u00e3o, o que mostra que h\u00e1 espa\u00e7o para n\u00f3s e precisamos valorizar os poetas e artistas do nordeste\u201d, explicou V\u00f3 Mera.<\/p>\n<p>A vereadora Sandra Marrocos, tamb\u00e9m visivelmente comovida com a outorga, relembrou a trajet\u00f3ria de mulheres com um trabalho e uma milit\u00e2ncia relevantes para a categoria, a exemplo de V\u00f3 Mera, a presidenta Dilma Rousseff e a vereadora Marielle Franco, e dedicou o trof\u00e9u a essas \u201crepresenta\u00e7\u00f5es de for\u00e7a e luta feminina\u201d.<\/p>\n<p><em><strong>Texto de fotos:<\/strong> Juliana Marques<\/em><\/p>\n","protected":false},"excerpt":{"rendered":"<p>Uma noite de homenagens, protestos, exalta\u00e7\u00e3o \u00e0 cultura nordestina, tendo a poesia de cordel como elemento norteador. Assim pode ser definido o \u201cSarau Po\u00e9tico em Homenagem ao dia da Mulher: uma express\u00e3o da mais rica cultura do Nordeste\u201d, realizado pela dire\u00e7\u00e3o do Centro de Ci\u00eancias Biol\u00f3gicas e Sociais Aplicadas (CCBSA) da Universidade Estadual da Para\u00edba <a class=\"leiamais\" href=\"https:\/\/centros.uepb.edu.br\/ccbsa\/direcao-do-campus-v-em-parceria-com-a-academia-de-cordel-do-vale-paraiba-realiza-sarau-em-homenagem-ao-dia-da-mulher\/\">Leia Mais&#8230;<\/a><\/p>\n","protected":false},"author":8,"featured_media":5961,"comment_status":"closed","ping_status":"closed","sticky":false,"template":"","format":"standard","meta":{"footnotes":""},"categories":[3,11],"tags":[],"class_list":["post-5926","post","type-post","status-publish","format-standard","has-post-thumbnail","hentry","category-noticias","category-noticias-destaque-img"],"jetpack_featured_media_url":"https:\/\/centros.uepb.edu.br\/ccbsa\/files\/2019\/03\/IMG_3489-2.jpg","_links":{"self":[{"href":"https:\/\/centros.uepb.edu.br\/ccbsa\/wp-json\/wp\/v2\/posts\/5926","targetHints":{"allow":["GET"]}}],"collection":[{"href":"https:\/\/centros.uepb.edu.br\/ccbsa\/wp-json\/wp\/v2\/posts"}],"about":[{"href":"https:\/\/centros.uepb.edu.br\/ccbsa\/wp-json\/wp\/v2\/types\/post"}],"author":[{"embeddable":true,"href":"https:\/\/centros.uepb.edu.br\/ccbsa\/wp-json\/wp\/v2\/users\/8"}],"replies":[{"embeddable":true,"href":"https:\/\/centros.uepb.edu.br\/ccbsa\/wp-json\/wp\/v2\/comments?post=5926"}],"version-history":[{"count":0,"href":"https:\/\/centros.uepb.edu.br\/ccbsa\/wp-json\/wp\/v2\/posts\/5926\/revisions"}],"wp:featuredmedia":[{"embeddable":true,"href":"https:\/\/centros.uepb.edu.br\/ccbsa\/wp-json\/wp\/v2\/media\/5961"}],"wp:attachment":[{"href":"https:\/\/centros.uepb.edu.br\/ccbsa\/wp-json\/wp\/v2\/media?parent=5926"}],"wp:term":[{"taxonomy":"category","embeddable":true,"href":"https:\/\/centros.uepb.edu.br\/ccbsa\/wp-json\/wp\/v2\/categories?post=5926"},{"taxonomy":"post_tag","embeddable":true,"href":"https:\/\/centros.uepb.edu.br\/ccbsa\/wp-json\/wp\/v2\/tags?post=5926"}],"curies":[{"name":"wp","href":"https:\/\/api.w.org\/{rel}","templated":true}]}}