{"id":5913,"date":"2019-03-12T15:32:19","date_gmt":"2019-03-12T15:32:19","guid":{"rendered":"https:\/\/centros.uepb.edu.br\/ccbsa\/?p=5913"},"modified":"2019-03-12T15:33:18","modified_gmt":"2019-03-12T15:33:18","slug":"direcao-do-ccbsa-realiza-reuniao-geral-para-apresentar-planta-do-bloco-de-salas-de-aulas","status":"publish","type":"post","link":"https:\/\/centros.uepb.edu.br\/ccbsa\/direcao-do-ccbsa-realiza-reuniao-geral-para-apresentar-planta-do-bloco-de-salas-de-aulas\/","title":{"rendered":"Dire\u00e7\u00e3o do CCBSA realiza reuni\u00e3o geral com a comunidade acad\u00eamica para apresentar planta do bloco de salas de aulas"},"content":{"rendered":"\n\t\t<style type=\"text\/css\">\n\t\t\t#gallery-1 {\n\t\t\t\tmargin: auto;\n\t\t\t}\n\t\t\t#gallery-1 .gallery-item {\n\t\t\t\tfloat: left;\n\t\t\t\tmargin-top: 10px;\n\t\t\t\ttext-align: center;\n\t\t\t\twidth: 33%;\n\t\t\t}\n\t\t\t#gallery-1 img {\n\t\t\t\tborder: 2px solid #cfcfcf;\n\t\t\t}\n\t\t\t#gallery-1 .gallery-caption {\n\t\t\t\tmargin-left: 0;\n\t\t\t}\n\t\t\t\/* see gallery_shortcode() in wp-includes\/media.php *\/\n\t\t<\/style>\n\t\t<div id='gallery-1' class='gallery galleryid-5913 gallery-columns-3 gallery-size-full'><dl class='gallery-item'>\n\t\t\t<dt class='gallery-icon landscape'>\n\t\t\t\t<a href='https:\/\/centros.uepb.edu.br\/ccbsa\/files\/2019\/03\/IMG_3394.jpg'><img loading=\"lazy\" decoding=\"async\" width=\"840\" height=\"560\" src=\"https:\/\/centros.uepb.edu.br\/ccbsa\/files\/2019\/03\/IMG_3394.jpg\" class=\"attachment-full size-full\" alt=\"\" srcset=\"https:\/\/centros.uepb.edu.br\/ccbsa\/files\/2019\/03\/IMG_3394.jpg 840w, https:\/\/centros.uepb.edu.br\/ccbsa\/files\/2019\/03\/IMG_3394-300x200.jpg 300w, https:\/\/centros.uepb.edu.br\/ccbsa\/files\/2019\/03\/IMG_3394-768x512.jpg 768w, https:\/\/centros.uepb.edu.br\/ccbsa\/files\/2019\/03\/IMG_3394-370x247.jpg 370w\" sizes=\"auto, (max-width: 840px) 100vw, 840px\" \/><\/a>\n\t\t\t<\/dt><\/dl><dl class='gallery-item'>\n\t\t\t<dt class='gallery-icon landscape'>\n\t\t\t\t<a href='https:\/\/centros.uepb.edu.br\/ccbsa\/files\/2019\/03\/IMG_3407.jpg'><img loading=\"lazy\" decoding=\"async\" width=\"840\" height=\"560\" src=\"https:\/\/centros.uepb.edu.br\/ccbsa\/files\/2019\/03\/IMG_3407.jpg\" class=\"attachment-full size-full\" alt=\"\" srcset=\"https:\/\/centros.uepb.edu.br\/ccbsa\/files\/2019\/03\/IMG_3407.jpg 840w, https:\/\/centros.uepb.edu.br\/ccbsa\/files\/2019\/03\/IMG_3407-300x200.jpg 300w, https:\/\/centros.uepb.edu.br\/ccbsa\/files\/2019\/03\/IMG_3407-768x512.jpg 768w, https:\/\/centros.uepb.edu.br\/ccbsa\/files\/2019\/03\/IMG_3407-370x247.jpg 370w\" sizes=\"auto, (max-width: 840px) 100vw, 840px\" \/><\/a>\n\t\t\t<\/dt><\/dl><dl class='gallery-item'>\n\t\t\t<dt class='gallery-icon landscape'>\n\t\t\t\t<a href='https:\/\/centros.uepb.edu.br\/ccbsa\/files\/2019\/03\/IMG_3415.jpg'><img loading=\"lazy\" decoding=\"async\" width=\"840\" height=\"454\" src=\"https:\/\/centros.uepb.edu.br\/ccbsa\/files\/2019\/03\/IMG_3415.jpg\" class=\"attachment-full size-full\" alt=\"\" srcset=\"https:\/\/centros.uepb.edu.br\/ccbsa\/files\/2019\/03\/IMG_3415.jpg 840w, https:\/\/centros.uepb.edu.br\/ccbsa\/files\/2019\/03\/IMG_3415-300x162.jpg 300w, https:\/\/centros.uepb.edu.br\/ccbsa\/files\/2019\/03\/IMG_3415-768x415.jpg 768w, https:\/\/centros.uepb.edu.br\/ccbsa\/files\/2019\/03\/IMG_3415-370x200.jpg 370w\" sizes=\"auto, (max-width: 840px) 100vw, 840px\" \/><\/a>\n\t\t\t<\/dt><\/dl><br style=\"clear: both\" \/><dl class='gallery-item'>\n\t\t\t<dt class='gallery-icon landscape'>\n\t\t\t\t<a href='https:\/\/centros.uepb.edu.br\/ccbsa\/files\/2019\/03\/IMG_3419.jpg'><img loading=\"lazy\" decoding=\"async\" width=\"840\" height=\"560\" src=\"https:\/\/centros.uepb.edu.br\/ccbsa\/files\/2019\/03\/IMG_3419.jpg\" class=\"attachment-full size-full\" alt=\"\" srcset=\"https:\/\/centros.uepb.edu.br\/ccbsa\/files\/2019\/03\/IMG_3419.jpg 840w, https:\/\/centros.uepb.edu.br\/ccbsa\/files\/2019\/03\/IMG_3419-300x200.jpg 300w, https:\/\/centros.uepb.edu.br\/ccbsa\/files\/2019\/03\/IMG_3419-768x512.jpg 768w, https:\/\/centros.uepb.edu.br\/ccbsa\/files\/2019\/03\/IMG_3419-370x247.jpg 370w\" sizes=\"auto, (max-width: 840px) 100vw, 840px\" \/><\/a>\n\t\t\t<\/dt><\/dl><dl class='gallery-item'>\n\t\t\t<dt class='gallery-icon landscape'>\n\t\t\t\t<a href='https:\/\/centros.uepb.edu.br\/ccbsa\/files\/2019\/03\/IMG_3432.jpg'><img loading=\"lazy\" decoding=\"async\" width=\"840\" height=\"527\" src=\"https:\/\/centros.uepb.edu.br\/ccbsa\/files\/2019\/03\/IMG_3432.jpg\" class=\"attachment-full size-full\" alt=\"\" srcset=\"https:\/\/centros.uepb.edu.br\/ccbsa\/files\/2019\/03\/IMG_3432.jpg 840w, https:\/\/centros.uepb.edu.br\/ccbsa\/files\/2019\/03\/IMG_3432-300x188.jpg 300w, https:\/\/centros.uepb.edu.br\/ccbsa\/files\/2019\/03\/IMG_3432-768x482.jpg 768w, https:\/\/centros.uepb.edu.br\/ccbsa\/files\/2019\/03\/IMG_3432-370x232.jpg 370w\" sizes=\"auto, (max-width: 840px) 100vw, 840px\" \/><\/a>\n\t\t\t<\/dt><\/dl><dl class='gallery-item'>\n\t\t\t<dt class='gallery-icon landscape'>\n\t\t\t\t<a href='https:\/\/centros.uepb.edu.br\/ccbsa\/files\/2019\/03\/IMG_3439.jpg'><img loading=\"lazy\" decoding=\"async\" width=\"840\" height=\"560\" src=\"https:\/\/centros.uepb.edu.br\/ccbsa\/files\/2019\/03\/IMG_3439.jpg\" class=\"attachment-full size-full\" alt=\"\" srcset=\"https:\/\/centros.uepb.edu.br\/ccbsa\/files\/2019\/03\/IMG_3439.jpg 840w, https:\/\/centros.uepb.edu.br\/ccbsa\/files\/2019\/03\/IMG_3439-300x200.jpg 300w, https:\/\/centros.uepb.edu.br\/ccbsa\/files\/2019\/03\/IMG_3439-768x512.jpg 768w, https:\/\/centros.uepb.edu.br\/ccbsa\/files\/2019\/03\/IMG_3439-370x247.jpg 370w\" sizes=\"auto, (max-width: 840px) 100vw, 840px\" \/><\/a>\n\t\t\t<\/dt><\/dl><br style=\"clear: both\" \/><dl class='gallery-item'>\n\t\t\t<dt class='gallery-icon landscape'>\n\t\t\t\t<a href='https:\/\/centros.uepb.edu.br\/ccbsa\/files\/2019\/03\/IMG_3426.jpg'><img loading=\"lazy\" decoding=\"async\" width=\"840\" height=\"560\" src=\"https:\/\/centros.uepb.edu.br\/ccbsa\/files\/2019\/03\/IMG_3426.jpg\" class=\"attachment-full size-full\" alt=\"\" srcset=\"https:\/\/centros.uepb.edu.br\/ccbsa\/files\/2019\/03\/IMG_3426.jpg 840w, https:\/\/centros.uepb.edu.br\/ccbsa\/files\/2019\/03\/IMG_3426-300x200.jpg 300w, https:\/\/centros.uepb.edu.br\/ccbsa\/files\/2019\/03\/IMG_3426-768x512.jpg 768w, https:\/\/centros.uepb.edu.br\/ccbsa\/files\/2019\/03\/IMG_3426-370x247.jpg 370w\" sizes=\"auto, (max-width: 840px) 100vw, 840px\" \/><\/a>\n\t\t\t<\/dt><\/dl>\n\t\t\t<br style='clear: both' \/>\n\t\t<\/div>\n\n<p>A dire\u00e7\u00e3o do Centro de Ci\u00eancias Biol\u00f3gicas e Sociais Aplicadas (CCBSA) da Universidade Estadual da Para\u00edba (UEPB) realizou, na manh\u00e3 desta ter\u00e7a-feira (12), uma reuni\u00e3o geral destinada \u00e0 apresenta\u00e7\u00e3o da planta do bloco de salas de aula que ser\u00e1 entregue para a utiliza\u00e7\u00e3o dos cursos do Campus V da UEPB.<\/p>\n<p>Na oportunidade, a diretora do Campus V, professora Jacqueline Echeverr\u00eda Barrancos, apresentou um breve hist\u00f3rico do Campus desde a cria\u00e7\u00e3o, um relato sobre as instala\u00e7\u00f5es que abrigaram os cursos do CCBSA e as mobiliza\u00e7\u00f5es e articula\u00e7\u00f5es que permitiram a articula\u00e7\u00e3o junto ao Governo do Estado para a constru\u00e7\u00e3o do bloco de salas de aula que integra o Complexo Educacional Jos\u00e9 Lins do R\u00eago e ser\u00e1 destinado, ap\u00f3s a conclus\u00e3o, para os cursos de gradua\u00e7\u00e3o e p\u00f3s-gradua\u00e7\u00e3o do Campus V.<\/p>\n<p>O diretor-adjunto do CCBSA, professor \u00canio Wocyli Dantas, destacou que a perspectiva \u00e9 que a obra, que \u00e9 de responsabilidade do Governo do Estado, seja inaugurada em agosto, para atender os estudantes no in\u00edcio do per\u00edodo letivo 2019.2. Para tanto, a equipe de infraestrutura do Campus V est\u00e1 acompanhando os ajustes finais da obra para verificar as necessidades de adequa\u00e7\u00e3o dos espa\u00e7os \u00e0s atividades dos cursos de gradua\u00e7\u00e3o e p\u00f3s-gradua\u00e7\u00e3o do CCBSA. Nesse sentido, est\u00e3o sendo tomadas provid\u00eancias quanto a quest\u00f5es como a instala\u00e7\u00e3o de c\u00e2meras de monitoramento, rede wi-fi, melhorias no cabeamento para utiliza\u00e7\u00e3o de data-shows, amplia\u00e7\u00e3o da capacidade da atual subesta\u00e7\u00e3o el\u00e9trica, aquisi\u00e7\u00e3o de suportes e data shows para as salas de aula, liga\u00e7\u00e3o entre o estacionamento da frente e da \u00e1rea de tr\u00e1s do pr\u00e9dio do Campus, entre outras.<\/p>\n<p>Al\u00e9m dos diretores do CCBSA, compuseram a mesa de discuss\u00f5es o discente de Rela\u00e7\u00f5es Internacionais, Hallisson Cordeiro J\u00fanior, o representante dos docentes, Sanderson Dornelles e o t\u00e9cnico-administrativo Kayo Coutinho, que na ocasi\u00e3o apresentou a planta baixa do pr\u00e9dio. Ap\u00f3s a apresenta\u00e7\u00e3o os presentes na reuni\u00e3o puderam fazer questionamentos e observa\u00e7\u00f5es. No dia 18 de mar\u00e7o est\u00e1 agendada uma visita t\u00e9cnica \u00e0 obra com os coordenadores dos cursos, representantes dos discentes, docentes e t\u00e9cnicos-administrativos. Tamb\u00e9m ser\u00e3o discutidas de forma democr\u00e1tica e colaborativa entre todos os segmentos do Campus, quest\u00f5es referentes ao ordenamento e distribui\u00e7\u00e3o de espa\u00e7os de laborat\u00f3rios, salas administrativas entre outros setores do Campus.<\/p>\n<p><strong>Sobre a obra<\/strong><\/p>\n<p>A obra, que conta com um investimento de mais de 9 milh\u00f5es de reais por parte do Governo do Estado, est\u00e1 na fase de instala\u00e7\u00e3o de cer\u00e2mica, forros de gesso, pintura e acabamentos finais. A previs\u00e3o \u00e9 que at\u00e9 o fim do primeiro semestre de 2019 o pr\u00e9dio seja entregue.<\/p>\n<p>A respons\u00e1vel pela SUPLAN, engenheira Simone Guimar\u00e3es, lembrou que a obra est\u00e1 seguindo o cronograma planejado e a entrega do bloco de salas para a comunidade acad\u00eamica da UEPB est\u00e1 sendo programada para agosto de 2019. \u201cFizemos algumas adapta\u00e7\u00f5es no projeto porque no ato da licita\u00e7\u00e3o alguns itens ficaram de fora, a exemplo da urbaniza\u00e7\u00e3o e ilumina\u00e7\u00e3o da \u00e1rea externa, devido a isso o valor da obra aumentou para aproximadamente 9 milh\u00f5es. Com essa obra buscamos melhorar a vida de todo o corpo docente e discente que aqui vai se instalar, oferecer condi\u00e7\u00f5es de salubridade, bem-estar para todos que usufru\u00edrem dessas instala\u00e7\u00f5es. Ficamos felizes em poder fazer parte disso e estamos programando um grande evento na inaugura\u00e7\u00e3o em agosto, quando vamos fazer a entrega para a comunidade da UEPB que merece essa alegria\u201d, avalia Simone.<\/p>\n<p><em><strong>Texto e fotos:<\/strong> Juliana Marques<\/em><\/p>\n","protected":false},"excerpt":{"rendered":"<p>A dire\u00e7\u00e3o do Centro de Ci\u00eancias Biol\u00f3gicas e Sociais Aplicadas (CCBSA) da Universidade Estadual da Para\u00edba (UEPB) realizou, na manh\u00e3 desta ter\u00e7a-feira (12), uma reuni\u00e3o geral destinada \u00e0 apresenta\u00e7\u00e3o da planta do bloco de salas de aula que ser\u00e1 entregue para a utiliza\u00e7\u00e3o dos cursos do Campus V da UEPB. Na oportunidade, a diretora do <a class=\"leiamais\" href=\"https:\/\/centros.uepb.edu.br\/ccbsa\/direcao-do-ccbsa-realiza-reuniao-geral-para-apresentar-planta-do-bloco-de-salas-de-aulas\/\">Leia Mais&#8230;<\/a><\/p>\n","protected":false},"author":8,"featured_media":5916,"comment_status":"closed","ping_status":"closed","sticky":false,"template":"","format":"standard","meta":{"footnotes":""},"categories":[3,11],"tags":[],"class_list":["post-5913","post","type-post","status-publish","format-standard","has-post-thumbnail","hentry","category-noticias","category-noticias-destaque-img"],"jetpack_featured_media_url":"https:\/\/centros.uepb.edu.br\/ccbsa\/files\/2019\/03\/IMG_3415.jpg","_links":{"self":[{"href":"https:\/\/centros.uepb.edu.br\/ccbsa\/wp-json\/wp\/v2\/posts\/5913","targetHints":{"allow":["GET"]}}],"collection":[{"href":"https:\/\/centros.uepb.edu.br\/ccbsa\/wp-json\/wp\/v2\/posts"}],"about":[{"href":"https:\/\/centros.uepb.edu.br\/ccbsa\/wp-json\/wp\/v2\/types\/post"}],"author":[{"embeddable":true,"href":"https:\/\/centros.uepb.edu.br\/ccbsa\/wp-json\/wp\/v2\/users\/8"}],"replies":[{"embeddable":true,"href":"https:\/\/centros.uepb.edu.br\/ccbsa\/wp-json\/wp\/v2\/comments?post=5913"}],"version-history":[{"count":0,"href":"https:\/\/centros.uepb.edu.br\/ccbsa\/wp-json\/wp\/v2\/posts\/5913\/revisions"}],"wp:featuredmedia":[{"embeddable":true,"href":"https:\/\/centros.uepb.edu.br\/ccbsa\/wp-json\/wp\/v2\/media\/5916"}],"wp:attachment":[{"href":"https:\/\/centros.uepb.edu.br\/ccbsa\/wp-json\/wp\/v2\/media?parent=5913"}],"wp:term":[{"taxonomy":"category","embeddable":true,"href":"https:\/\/centros.uepb.edu.br\/ccbsa\/wp-json\/wp\/v2\/categories?post=5913"},{"taxonomy":"post_tag","embeddable":true,"href":"https:\/\/centros.uepb.edu.br\/ccbsa\/wp-json\/wp\/v2\/tags?post=5913"}],"curies":[{"name":"wp","href":"https:\/\/api.w.org\/{rel}","templated":true}]}}