{"id":590,"date":"2013-08-01T15:08:38","date_gmt":"2013-08-01T15:08:38","guid":{"rendered":"\/ccbsa\/?p=590"},"modified":"2013-08-01T15:10:10","modified_gmt":"2013-08-01T15:10:10","slug":"pesquisadores-da-uepb-e-de-portugal-estudam-as-condicoes-ecologicas-dos-estuarios-da-paraiba","status":"publish","type":"post","link":"https:\/\/centros.uepb.edu.br\/ccbsa\/pesquisadores-da-uepb-e-de-portugal-estudam-as-condicoes-ecologicas-dos-estuarios-da-paraiba\/","title":{"rendered":"Pesquisadores da UEPB e de Portugal estudam as condi\u00e7\u00f5es ecol\u00f3gicas dos estu\u00e1rios da Para\u00edba"},"content":{"rendered":"<p><a href=\"http:\/\/centros.ascom.uepb.edu.br\/ccbsa\/files\/2013\/08\/Joana-Aulamod.jpg\"><img loading=\"lazy\" decoding=\"async\" class=\"alignleft size-thumbnail wp-image-594 img-responsive\" alt=\"Joana Aulamod\" src=\"http:\/\/centros.ascom.uepb.edu.br\/ccbsa\/files\/2013\/08\/Joana-Aulamod-150x150.jpg\" width=\"150\" height=\"150\" \/><\/a>\u201cQue li\u00e7\u00f5es retirar do funcionamento ecol\u00f3gico em sistemas estuarinos da Para\u00edba? An\u00e1lise do efeito de perturba\u00e7\u00f5es naturais e antr\u00f3picas\u201d, esse \u00e9 o t\u00edtulo do projeto coordenado por pesquisadores do Programa de P\u00f3s-Gradua\u00e7\u00e3o em Ecologia e Conserva\u00e7\u00e3o (PPGEC) da Universidade Estadual da Para\u00edba, que foi contemplado pelo edital Ci\u00eancias sem Fronteiras, na linha \u201cPesquisador visitante\u201d, que traz \u00e0 Para\u00edba a pesquisadora do Instituto de Mar e Ambiente (IMAR-CMA) vinculado \u00e0 Universidade de Coimbra, em Portugal, Joana Mateus Patr\u00edcio.<\/p>\n<p>A participa\u00e7\u00e3o da professora Joana Patr\u00edcio nesta pesquisa foi viabilizada considerando a experi\u00eancia e a destacada produ\u00e7\u00e3o cient\u00edfica na \u00e1rea de ecologia de sistemas costeiros e estuarinos. Esta coopera\u00e7\u00e3o tem o intuito de propiciar a forma\u00e7\u00e3o avan\u00e7ada em n\u00edvel de p\u00f3s-gradua\u00e7\u00e3o; o desenvolvimento de a\u00e7\u00f5es de investiga\u00e7\u00e3o em colabora\u00e7\u00e3o entre IMAR e PPGEC, tendo em conta a utiliza\u00e7\u00e3o e adapta\u00e7\u00e3o de ferramentas de avalia\u00e7\u00e3o da condi\u00e7\u00e3o ecol\u00f3gica em ecossistemas aqu\u00e1ticos estuarinos.<\/p>\n<p>O projeto deve ser executado at\u00e9 dezembro de 2015 nas depend\u00eancias dos C\u00e2mpus I e V da UEPB, e insere-se numa estrat\u00e9gia institucional de consolida\u00e7\u00e3o e expans\u00e3o do estudo de Ecologia e Conserva\u00e7\u00e3o de Ecossistemas Costeiros e Marinhos. Neste contexto, busca-se o desenvolvimento e a adequa\u00e7\u00e3o do uso de ferramentas de avalia\u00e7\u00e3o da condi\u00e7\u00e3o ecol\u00f3gica em ecossistemas estuarinos tropicais. Os estudos ser\u00e3o realizados no Rio Para\u00edba do Norte, que \u00e9 localizado na regi\u00e3o metropolitana de Jo\u00e3o Pessoa e \u00e9 considerado muito impactado no aspecto ambiental, e o estu\u00e1rio da Barra de Mamanguape, localizado na \u00c1rea de Prote\u00e7\u00e3o Ambiental de Barra de Mamanguape, e \u00e9 tido como bem preservado.<\/p>\n<p>De acordo com a professora da UEPB Ana L\u00facia Vendel, que integra a pesquisa, \u201cos resultados obtidos para estes estu\u00e1rios poder\u00e3o servir de <a href=\"http:\/\/centros.ascom.uepb.edu.br\/ccbsa\/files\/2013\/08\/Trabalho-p\u00f3s-coleta-em-laborat\u00f3rioedi.jpg\"><img loading=\"lazy\" decoding=\"async\" class=\"alignright size-thumbnail wp-image-591 img-responsive\" alt=\"Trabalho p\u00f3s coleta em laborat\u00f3rioedi\" src=\"http:\/\/centros.ascom.uepb.edu.br\/ccbsa\/files\/2013\/08\/Trabalho-p\u00f3s-coleta-em-laborat\u00f3rioedi-150x150.jpg\" width=\"150\" height=\"150\" \/><\/a>par\u00e2metro para outros ecossistemas estuarinos tropicais, constituindo uma relevante e inovadora contribui\u00e7\u00e3o cient\u00edfica na compreens\u00e3o e manejo destes importantes sistemas naturais\u201d. Est\u00e3o envolvidos no projeto os professores da UEPB, Ana L\u00facia Vendel, Thelma L\u00facia Dias, Andr\u00e9 Luiz Pessanha, Joseline Molozzi, \u00canio Wocyli Dantas, Jos\u00e9 Etham Barbosa, e outros dez docentes, t\u00e9cnicos e estudantes de mestrado e gradua\u00e7\u00e3o da UEPB.<\/p>\n<p>O projeto recebeu financiamento de R$ 142.365,84 para material de custeio e capital e bolsas para pesquisadores, com recursos provenientes da Coordena\u00e7\u00e3o de Aperfei\u00e7oamento de Pessoal de N\u00edvel Superior, Capes. A iniciativa encontra-se em fase inicial de execu\u00e7\u00e3o, com a primeira tarefa do projeto voltada \u00e0 caracteriza\u00e7\u00e3o hidrol\u00f3gica, f\u00edsico-qu\u00edmica e biol\u00f3gica dos estu\u00e1rios paraibanos, prevista para ocorrer de 2 a 23 de agosto, sendo de 5 a 9 de agosto a visita ao Estu\u00e1rio de Barra de Mamanguape, e de 17 a 20 de agosto, a ida ao Rio Para\u00edba do Norte. Esta primeira etapa contar\u00e1 com a participa\u00e7\u00e3o da professora portuguesa Joana Mateus Patr\u00edcio.<\/p>\n<p>A equipe envolvida no projeto destaca que a iniciativa possibilita n\u00e3o s\u00f3 o interc\u00e2mbio entre grupos de pesquisa nacional e internacional, como busca suprir uma lacuna de estudos de car\u00e1ter mundial que analisem, de forma integrada e simult\u00e2nea, a estrutura e o funcionamento de comunidades com interesse ecol\u00f3gico e econ\u00f4mico em sistemas estuarinos tropicais. \u201cA perspectiva \u00e9 que esta pesquisa contribua de forma real para a cria\u00e7\u00e3o e implementa\u00e7\u00e3o de legisla\u00e7\u00e3o no sentido de proteger e conservar ecossistemas de fronteira entre o ambiente terrestre e o marinho\u201d, avalia a professora Ana L\u00facia Vendel.<\/p>\n<p>&nbsp;<\/p>\n","protected":false},"excerpt":{"rendered":"<p>\u201cQue li\u00e7\u00f5es retirar do funcionamento ecol\u00f3gico em sistemas estuarinos da Para\u00edba? An\u00e1lise do efeito de perturba\u00e7\u00f5es naturais e antr\u00f3picas\u201d, esse \u00e9 o t\u00edtulo do projeto coordenado por pesquisadores do Programa de P\u00f3s-Gradua\u00e7\u00e3o em Ecologia e Conserva\u00e7\u00e3o (PPGEC) da Universidade Estadual da Para\u00edba, que foi contemplado pelo edital Ci\u00eancias sem Fronteiras, na linha \u201cPesquisador visitante\u201d, que <a class=\"leiamais\" href=\"https:\/\/centros.uepb.edu.br\/ccbsa\/pesquisadores-da-uepb-e-de-portugal-estudam-as-condicoes-ecologicas-dos-estuarios-da-paraiba\/\">Leia Mais&#8230;<\/a><\/p>\n","protected":false},"author":8,"featured_media":591,"comment_status":"open","ping_status":"open","sticky":false,"template":"","format":"standard","meta":{"footnotes":""},"categories":[6],"tags":[],"class_list":["post-590","post","type-post","status-publish","format-standard","has-post-thumbnail","hentry","category-slide"],"jetpack_featured_media_url":"https:\/\/centros.uepb.edu.br\/ccbsa\/files\/2013\/08\/Trabalho-p\u00f3s-coleta-em-laborat\u00f3rioedi.jpg","_links":{"self":[{"href":"https:\/\/centros.uepb.edu.br\/ccbsa\/wp-json\/wp\/v2\/posts\/590","targetHints":{"allow":["GET"]}}],"collection":[{"href":"https:\/\/centros.uepb.edu.br\/ccbsa\/wp-json\/wp\/v2\/posts"}],"about":[{"href":"https:\/\/centros.uepb.edu.br\/ccbsa\/wp-json\/wp\/v2\/types\/post"}],"author":[{"embeddable":true,"href":"https:\/\/centros.uepb.edu.br\/ccbsa\/wp-json\/wp\/v2\/users\/8"}],"replies":[{"embeddable":true,"href":"https:\/\/centros.uepb.edu.br\/ccbsa\/wp-json\/wp\/v2\/comments?post=590"}],"version-history":[{"count":0,"href":"https:\/\/centros.uepb.edu.br\/ccbsa\/wp-json\/wp\/v2\/posts\/590\/revisions"}],"wp:featuredmedia":[{"embeddable":true,"href":"https:\/\/centros.uepb.edu.br\/ccbsa\/wp-json\/wp\/v2\/media\/591"}],"wp:attachment":[{"href":"https:\/\/centros.uepb.edu.br\/ccbsa\/wp-json\/wp\/v2\/media?parent=590"}],"wp:term":[{"taxonomy":"category","embeddable":true,"href":"https:\/\/centros.uepb.edu.br\/ccbsa\/wp-json\/wp\/v2\/categories?post=590"},{"taxonomy":"post_tag","embeddable":true,"href":"https:\/\/centros.uepb.edu.br\/ccbsa\/wp-json\/wp\/v2\/tags?post=590"}],"curies":[{"name":"wp","href":"https:\/\/api.w.org\/{rel}","templated":true}]}}