{"id":59,"date":"2013-05-17T19:50:13","date_gmt":"2013-05-17T19:50:13","guid":{"rendered":"\/ccbsa\/?p=59"},"modified":"2013-06-03T17:35:01","modified_gmt":"2013-06-03T17:35:01","slug":"violencia-contra-a-mulher-e-tema-de-palestra-promovida-pela-universidade-estadual-e-tribunal-de-justica-da-paraiba","status":"publish","type":"post","link":"https:\/\/centros.uepb.edu.br\/ccbsa\/violencia-contra-a-mulher-e-tema-de-palestra-promovida-pela-universidade-estadual-e-tribunal-de-justica-da-paraiba\/","title":{"rendered":"Viol\u00eancia contra a mulher \u00e9 tema de palestra promovida pela Universidade Estadual e Tribunal de Justi\u00e7a da Para\u00edba"},"content":{"rendered":"<p><a href=\"http:\/\/centros.ascom.uepb.edu.br\/ccbsa\/files\/2013\/05\/Direito-das-mulheres-s\u00e3o-abordados-em-palestra.jpg\"><img loading=\"lazy\" decoding=\"async\" class=\"size-medium wp-image-62 alignleft img-responsive\" alt=\"Direito-das-mulheres-s\u00e3o-abordados-em-palestra\" src=\"http:\/\/centros.ascom.uepb.edu.br\/ccbsa\/files\/2013\/05\/Direito-das-mulheres-s\u00e3o-abordados-em-palestra-300x225.jpg\" width=\"300\" height=\"225\" srcset=\"https:\/\/centros.uepb.edu.br\/ccbsa\/files\/2013\/05\/Direito-das-mulheres-s\u00e3o-abordados-em-palestra-300x225.jpg 300w, https:\/\/centros.uepb.edu.br\/ccbsa\/files\/2013\/05\/Direito-das-mulheres-s\u00e3o-abordados-em-palestra.jpg 800w\" sizes=\"auto, (max-width: 300px) 100vw, 300px\" \/><\/a>Com a presen\u00e7a de estudantes, professores, moradores dos bairros do Cristo e Rangel, foi realizada na noite desta quinta-feira (16), no Campus V da Universidade Estadual da Para\u00edba (UEPB), a palestra \u201cViol\u00eancia dom\u00e9stica: um problema de todos e de todas\u201d, uma a\u00e7\u00e3o do projeto \u201cJusti\u00e7a em seu bairro: mulher merece respeito\u201d, promovida pelo Tribunal de Justi\u00e7a da Para\u00edba, por meio do Juizado de Viol\u00eancia Dom\u00e9stica e Familiar contra a Mulher da Comarca de Jo\u00e3o Pessoa.<\/p>\n<p>A palestra foi ministrada pela ju\u00edza Rita de C\u00e1ssia Andrade que discutiu a Lei Maria da Penha, apresentou dados da viol\u00eancia contra a mulher e tratou de situa\u00e7\u00f5es emblem\u00e1ticas de viol\u00eancia, em especial os casos que marcaram Campus V da UEPB. Durante o evento foram relembrados casos como os assassinatos da professora Briggida Roseli de Azevedo, morta por estrangulamento aos 27 anos de idade, em junho de 2012, e da estudante do ensino m\u00e9dio Amanda Kelly Targino Fernandes, de 17 anos, assassinada a tiros no bairro do Jos\u00e9 Am\u00e9rico, em janeiro deste ano.<\/p>\n<p>O irm\u00e3o da professora Briggida, Ikaro Louren\u00e7o, esteve presente, e, emocionado, agradeceu as demonstra\u00e7\u00f5es de afeto que tem recebido e destacou a import\u00e2ncia de se discutir a viol\u00eancia contra a mulher. O diretor do Centro de Ci\u00eancias Biol\u00f3gicas e Sociais Aplicadas, professor Francisco Jaime, tamb\u00e9m enfatizou a relev\u00e2ncia da discuss\u00e3o, e ressaltou que esta a\u00e7\u00e3o possibilita aos moradores o contato com a universidade e a vis\u00e3o do espa\u00e7o acad\u00eamico como um local pronto a receb\u00ea-los e atendar as demandas da comunidade.<\/p>\n<p>De acordo com a ju\u00edza Rita de C\u00e1ssia, o projeto \u201cJusti\u00e7a em seu bairro\u201d, foi criado como forma de levar esclarecimentos e orienta\u00e7\u00e3o \u00e0 comunidade sobre um problema que acomete \u00e0 sociedade brasileira e paraibana em todas as esferas. \u201cCom base na minha experi\u00eancia no juizado, na observ\u00e2ncia di\u00e1ria dos conflitos que surgiam, o perfil das v\u00edtimas, dos agressores, a aus\u00eancia de conhecimento da lei, falta de di\u00e1logo, eu busquei uma forma de informar, educar, mostrar caminhos que a popula\u00e7\u00e3o pode trilhar para resolver essas quest\u00f5es, com o interm\u00e9dio dos \u00f3rg\u00e3os que est\u00e3o \u00e0 disposi\u00e7\u00e3o destas mulheres e que elas, geralmente, desconhecem\u201d, explicou.<\/p>\n<p>Esse \u00e9 o s\u00e9timo bairro atendido pelo projeto e segundo Rita de C\u00e1ssia, a escolha dos locais atendidos \u00e9 baseada num levantamento realizado pela Secretaria de Seguran\u00e7a e Assist\u00eancia Social do Estado, que aponta os locais com maiores \u00edndices de viol\u00eancia dom\u00e9stica e familiar em Jo\u00e3o Pessoa. Durante a palestra, uma equipe multidisciplinar do Juizado de Viol\u00eancia Dom\u00e9stica e Familiar contra a Mulher da Comarca de Jo\u00e3o Pessoa esteve atendendo \u00e0 popula\u00e7\u00e3o e orientando sobre os procedimentos a serem tomados para resolver problemas relacionados \u00e0 viol\u00eancia contra a mulher.<\/p>\n<p>Al\u00e9m dos profissionais do TJPB, estiveram presentes no evento as delegadas Maisa Felix e Renata Matias, respons\u00e1veis pelas delegacias da mulher, em Jo\u00e3o Pessoa e a advogada Sanduza Albuquerque. O evento contou ainda com uma apresenta\u00e7\u00e3o da Banda Marcial Jo\u00e3o XXIII, composta por integrantes da Escola Municipal Jo\u00e3o XXIII, que executou o Hino Nacional Brasileiro al\u00e9m de cl\u00e1ssicos da m\u00fasica nacional e internacional.<\/p>\n<p>&nbsp;<\/p>\n","protected":false},"excerpt":{"rendered":"<p>Com a presen\u00e7a de estudantes, professores, moradores dos bairros do Cristo e Rangel, foi realizada na noite desta quinta-feira (16), no Campus V da Universidade Estadual da Para\u00edba (UEPB), a palestra \u201cViol\u00eancia dom\u00e9stica: um problema de todos e de todas\u201d, uma a\u00e7\u00e3o do projeto \u201cJusti\u00e7a em seu bairro: mulher merece respeito\u201d, promovida pelo Tribunal de <a class=\"leiamais\" href=\"https:\/\/centros.uepb.edu.br\/ccbsa\/violencia-contra-a-mulher-e-tema-de-palestra-promovida-pela-universidade-estadual-e-tribunal-de-justica-da-paraiba\/\">Leia Mais&#8230;<\/a><\/p>\n","protected":false},"author":1,"featured_media":73,"comment_status":"open","ping_status":"open","sticky":false,"template":"","format":"standard","meta":{"footnotes":""},"categories":[3,5],"tags":[],"class_list":["post-59","post","type-post","status-publish","format-standard","has-post-thumbnail","hentry","category-noticias","category-visiveis"],"jetpack_featured_media_url":"https:\/\/centros.uepb.edu.br\/ccbsa\/files\/2013\/05\/Direito-das-mulheres.png","_links":{"self":[{"href":"https:\/\/centros.uepb.edu.br\/ccbsa\/wp-json\/wp\/v2\/posts\/59","targetHints":{"allow":["GET"]}}],"collection":[{"href":"https:\/\/centros.uepb.edu.br\/ccbsa\/wp-json\/wp\/v2\/posts"}],"about":[{"href":"https:\/\/centros.uepb.edu.br\/ccbsa\/wp-json\/wp\/v2\/types\/post"}],"author":[{"embeddable":true,"href":"https:\/\/centros.uepb.edu.br\/ccbsa\/wp-json\/wp\/v2\/users\/1"}],"replies":[{"embeddable":true,"href":"https:\/\/centros.uepb.edu.br\/ccbsa\/wp-json\/wp\/v2\/comments?post=59"}],"version-history":[{"count":0,"href":"https:\/\/centros.uepb.edu.br\/ccbsa\/wp-json\/wp\/v2\/posts\/59\/revisions"}],"wp:featuredmedia":[{"embeddable":true,"href":"https:\/\/centros.uepb.edu.br\/ccbsa\/wp-json\/wp\/v2\/media\/73"}],"wp:attachment":[{"href":"https:\/\/centros.uepb.edu.br\/ccbsa\/wp-json\/wp\/v2\/media?parent=59"}],"wp:term":[{"taxonomy":"category","embeddable":true,"href":"https:\/\/centros.uepb.edu.br\/ccbsa\/wp-json\/wp\/v2\/categories?post=59"},{"taxonomy":"post_tag","embeddable":true,"href":"https:\/\/centros.uepb.edu.br\/ccbsa\/wp-json\/wp\/v2\/tags?post=59"}],"curies":[{"name":"wp","href":"https:\/\/api.w.org\/{rel}","templated":true}]}}