{"id":5872,"date":"2019-02-20T15:34:29","date_gmt":"2019-02-20T15:34:29","guid":{"rendered":"https:\/\/centros.uepb.edu.br\/ccbsa\/?p=5872"},"modified":"2019-02-20T15:34:29","modified_gmt":"2019-02-20T15:34:29","slug":"associativismo-e-mercado-de-trabalho-dos-arquivistas-e-tema-de-discussao-realizada-nesta-quarta-feira-20-no-curso-de-arquivologia","status":"publish","type":"post","link":"https:\/\/centros.uepb.edu.br\/ccbsa\/associativismo-e-mercado-de-trabalho-dos-arquivistas-e-tema-de-discussao-realizada-nesta-quarta-feira-20-no-curso-de-arquivologia\/","title":{"rendered":"Associativismo e mercado de trabalho dos arquivistas \u00e9 tema de discuss\u00e3o realizada nesta quarta-feira (20) no curso de Arquivologia"},"content":{"rendered":"\n\t\t<style type=\"text\/css\">\n\t\t\t#gallery-1 {\n\t\t\t\tmargin: auto;\n\t\t\t}\n\t\t\t#gallery-1 .gallery-item {\n\t\t\t\tfloat: left;\n\t\t\t\tmargin-top: 10px;\n\t\t\t\ttext-align: center;\n\t\t\t\twidth: 33%;\n\t\t\t}\n\t\t\t#gallery-1 img {\n\t\t\t\tborder: 2px solid #cfcfcf;\n\t\t\t}\n\t\t\t#gallery-1 .gallery-caption {\n\t\t\t\tmargin-left: 0;\n\t\t\t}\n\t\t\t\/* see gallery_shortcode() in wp-includes\/media.php *\/\n\t\t<\/style>\n\t\t<div id='gallery-1' class='gallery galleryid-5872 gallery-columns-3 gallery-size-full'><dl class='gallery-item'>\n\t\t\t<dt class='gallery-icon landscape'>\n\t\t\t\t<a href='https:\/\/centros.uepb.edu.br\/ccbsa\/files\/2019\/02\/IMG_3373.jpg'><img loading=\"lazy\" decoding=\"async\" width=\"840\" height=\"495\" src=\"https:\/\/centros.uepb.edu.br\/ccbsa\/files\/2019\/02\/IMG_3373.jpg\" class=\"attachment-full size-full\" alt=\"\" srcset=\"https:\/\/centros.uepb.edu.br\/ccbsa\/files\/2019\/02\/IMG_3373.jpg 840w, https:\/\/centros.uepb.edu.br\/ccbsa\/files\/2019\/02\/IMG_3373-300x177.jpg 300w, https:\/\/centros.uepb.edu.br\/ccbsa\/files\/2019\/02\/IMG_3373-768x453.jpg 768w, https:\/\/centros.uepb.edu.br\/ccbsa\/files\/2019\/02\/IMG_3373-370x218.jpg 370w\" sizes=\"auto, (max-width: 840px) 100vw, 840px\" \/><\/a>\n\t\t\t<\/dt><\/dl><dl class='gallery-item'>\n\t\t\t<dt class='gallery-icon landscape'>\n\t\t\t\t<a href='https:\/\/centros.uepb.edu.br\/ccbsa\/files\/2019\/02\/IMG_3365.jpg'><img loading=\"lazy\" decoding=\"async\" width=\"840\" height=\"575\" src=\"https:\/\/centros.uepb.edu.br\/ccbsa\/files\/2019\/02\/IMG_3365.jpg\" class=\"attachment-full size-full\" alt=\"\" srcset=\"https:\/\/centros.uepb.edu.br\/ccbsa\/files\/2019\/02\/IMG_3365.jpg 840w, https:\/\/centros.uepb.edu.br\/ccbsa\/files\/2019\/02\/IMG_3365-300x205.jpg 300w, https:\/\/centros.uepb.edu.br\/ccbsa\/files\/2019\/02\/IMG_3365-768x526.jpg 768w, https:\/\/centros.uepb.edu.br\/ccbsa\/files\/2019\/02\/IMG_3365-370x253.jpg 370w\" sizes=\"auto, (max-width: 840px) 100vw, 840px\" \/><\/a>\n\t\t\t<\/dt><\/dl><dl class='gallery-item'>\n\t\t\t<dt class='gallery-icon landscape'>\n\t\t\t\t<a href='https:\/\/centros.uepb.edu.br\/ccbsa\/files\/2019\/02\/IMG_3363.jpg'><img loading=\"lazy\" decoding=\"async\" width=\"840\" height=\"454\" src=\"https:\/\/centros.uepb.edu.br\/ccbsa\/files\/2019\/02\/IMG_3363.jpg\" class=\"attachment-full size-full\" alt=\"\" srcset=\"https:\/\/centros.uepb.edu.br\/ccbsa\/files\/2019\/02\/IMG_3363.jpg 840w, https:\/\/centros.uepb.edu.br\/ccbsa\/files\/2019\/02\/IMG_3363-300x162.jpg 300w, https:\/\/centros.uepb.edu.br\/ccbsa\/files\/2019\/02\/IMG_3363-768x415.jpg 768w, https:\/\/centros.uepb.edu.br\/ccbsa\/files\/2019\/02\/IMG_3363-370x200.jpg 370w\" sizes=\"auto, (max-width: 840px) 100vw, 840px\" \/><\/a>\n\t\t\t<\/dt><\/dl><br style=\"clear: both\" \/><dl class='gallery-item'>\n\t\t\t<dt class='gallery-icon landscape'>\n\t\t\t\t<a href='https:\/\/centros.uepb.edu.br\/ccbsa\/files\/2019\/02\/IMG_3359.jpg'><img loading=\"lazy\" decoding=\"async\" width=\"840\" height=\"497\" src=\"https:\/\/centros.uepb.edu.br\/ccbsa\/files\/2019\/02\/IMG_3359.jpg\" class=\"attachment-full size-full\" alt=\"\" srcset=\"https:\/\/centros.uepb.edu.br\/ccbsa\/files\/2019\/02\/IMG_3359.jpg 840w, https:\/\/centros.uepb.edu.br\/ccbsa\/files\/2019\/02\/IMG_3359-300x178.jpg 300w, https:\/\/centros.uepb.edu.br\/ccbsa\/files\/2019\/02\/IMG_3359-768x454.jpg 768w, https:\/\/centros.uepb.edu.br\/ccbsa\/files\/2019\/02\/IMG_3359-370x219.jpg 370w\" sizes=\"auto, (max-width: 840px) 100vw, 840px\" \/><\/a>\n\t\t\t<\/dt><\/dl>\n\t\t\t<br style='clear: both' \/>\n\t\t<\/div>\n\n<p>\u201cArquivista, visibilidade profissional: forma\u00e7\u00e3o, associativismo e mercado de trabalho\u201d, esse \u00e9 o tema da discuss\u00e3o realizada nesta\u00a0quarta-feira (20), pela manh\u00e3, para estudantes do curso de Arquivologia, tendo como ministrante a professora da Universidade de Bras\u00edlia \u2013 UnB, Katia Isabelli Melo. A atividades integra a programa\u00e7\u00e3o organizada pela coordena\u00e7\u00e3o de Arquivologia da Universidade Estadual da Para\u00edba (UEPB) para in\u00edcio do per\u00edodo letivo 2019.1.<\/p>\n<p>Na ocasi\u00e3o, a professora Katia Isabelli, que \u00e9 doutora em <em>Archivos y Bibliotecas en el entorno digital <\/em>pela <em>Universidad Carlos III de Madrid<\/em>, apresentou algumas quest\u00f5es discutidas em seu livro cujo t\u00edtulo \u00e9 o mesmo da palestra realizada no Campus V da UEPB, tais como: a visibilidade do profissional de arquivos, os espa\u00e7os de ensino na Arquiv\u00edstica, os coletivos e associa\u00e7\u00f5es profissionais da \u00e1rea de Arquivologia, entre outros temas.<\/p>\n<p>Al\u00e9m da palestra, a coordena\u00e7\u00e3o com o apoio da equipe de arquivistas do curso programou para essa quarta-feira (20), nos turnos da manh\u00e3 e noite, uma visita dos calouros do per\u00edodo letivo 2019.1 aos diversos setores do Campus V. Essa iniciativa busca apresentar os servi\u00e7os prestados em todo o Campus e orientar os feras sobre os procedimentos acad\u00eamicos e administrativos que podem ser necess\u00e1rios para cada estudantes ao longo da forma\u00e7\u00e3o.<\/p>\n<p><span style=\"line-height: 1.4em\">Na quinta-feira, 21 de fevereiro, ser\u00e1 realizada a mesa de discuss\u00e3o &#8220;Lei de Arquivo do Estado da Para\u00edba \u2013 mecanismo e perspectivas\u201d com Irene Fernandes, L\u00facia Guerra, Ana Andr\u00e9a e Esmeralda Porf\u00edrio. A atividade foi pensada a partir da aprova\u00e7\u00e3o da Lei 11.263 que disp\u00f5e sobre a cria\u00e7\u00e3o do Arquivo P\u00fablico do Estado da Para\u00edba, do Sistema Estadual de Arquivos e define as diretrizes da pol\u00edtica estadual de arquivos p\u00fablicos e arquivos privados de interesse p\u00fablico e social.<\/span><\/p>\n<p>\u201cA aprova\u00e7\u00e3o da Lei que cria o Arquivo P\u00fablico do Estado a Para\u00edba \u00e9 uma vit\u00f3ria que precisa ser comemorada, difundida e, ainda mais, fortalecida para que saia do texto e se torne realidade. Da\u00ed a import\u00e2ncia de apresentar, conversar a respeito. Para que toda a comunidade que faz a Arquivologia na Para\u00edba se engaje nesse desafio. Na semana de abertura do per\u00edodo letivo 2019.1, o Curso de Arquivologia da UEPB abra\u00e7a essa causa\u201d, explica o professor Henrique Fran\u00e7a.<\/p>\n<p>De acordo com o professor Josemar Henrique de Melo, proponente dessa discuss\u00e3o, \u00e9 importante que todos os estudantes de Arquivologia integrem esse debate. \u201c\u00c9 muito importante a participa\u00e7\u00e3o dos nossos estudantes, tendo em vista que a cria\u00e7\u00e3o de um Arquivo P\u00fablico no Estado possibilita o surgimento de um laborat\u00f3rio para os discentes, bem como um espa\u00e7o de trabalho e de est\u00e1gio. \u00c9 importante destacar que quando fal\u00e1vamos sobre Arquivos P\u00fablico t\u00ednhamos que ir \u00e0 Recife para vermos um, agora podemos ver aqui e podemos acompanhar as etapas de trabalho de uma institui\u00e7\u00e3o deste porte. Ent\u00e3o, essa Lei \u00e9 a base para a concretiza\u00e7\u00e3o de uma luta a muito desenvolvida na Para\u00edba e hoje podemos comemorar o in\u00edcio das atividades fazendo parte de um projeto que \u00e9 muito maior que apenas Jo\u00e3o Pessoa, \u00e9 um projeto que engloba todo o Estado\u201d, avalia o professor Josemar.<\/p>\n<p><em>Texto: Juliana Marques<\/em><\/p>\n","protected":false},"excerpt":{"rendered":"<p>\u201cArquivista, visibilidade profissional: forma\u00e7\u00e3o, associativismo e mercado de trabalho\u201d, esse \u00e9 o tema da discuss\u00e3o realizada nesta\u00a0quarta-feira (20), pela manh\u00e3, para estudantes do curso de Arquivologia, tendo como ministrante a professora da Universidade de Bras\u00edlia \u2013 UnB, Katia Isabelli Melo. A atividades integra a programa\u00e7\u00e3o organizada pela coordena\u00e7\u00e3o de Arquivologia da Universidade Estadual da Para\u00edba <a class=\"leiamais\" href=\"https:\/\/centros.uepb.edu.br\/ccbsa\/associativismo-e-mercado-de-trabalho-dos-arquivistas-e-tema-de-discussao-realizada-nesta-quarta-feira-20-no-curso-de-arquivologia\/\">Leia Mais&#8230;<\/a><\/p>\n","protected":false},"author":8,"featured_media":5877,"comment_status":"closed","ping_status":"closed","sticky":false,"template":"","format":"standard","meta":{"footnotes":""},"categories":[3,11],"tags":[],"class_list":["post-5872","post","type-post","status-publish","format-standard","has-post-thumbnail","hentry","category-noticias","category-noticias-destaque-img"],"jetpack_featured_media_url":"https:\/\/centros.uepb.edu.br\/ccbsa\/files\/2019\/02\/IMG_3373-1.jpg","_links":{"self":[{"href":"https:\/\/centros.uepb.edu.br\/ccbsa\/wp-json\/wp\/v2\/posts\/5872","targetHints":{"allow":["GET"]}}],"collection":[{"href":"https:\/\/centros.uepb.edu.br\/ccbsa\/wp-json\/wp\/v2\/posts"}],"about":[{"href":"https:\/\/centros.uepb.edu.br\/ccbsa\/wp-json\/wp\/v2\/types\/post"}],"author":[{"embeddable":true,"href":"https:\/\/centros.uepb.edu.br\/ccbsa\/wp-json\/wp\/v2\/users\/8"}],"replies":[{"embeddable":true,"href":"https:\/\/centros.uepb.edu.br\/ccbsa\/wp-json\/wp\/v2\/comments?post=5872"}],"version-history":[{"count":0,"href":"https:\/\/centros.uepb.edu.br\/ccbsa\/wp-json\/wp\/v2\/posts\/5872\/revisions"}],"wp:featuredmedia":[{"embeddable":true,"href":"https:\/\/centros.uepb.edu.br\/ccbsa\/wp-json\/wp\/v2\/media\/5877"}],"wp:attachment":[{"href":"https:\/\/centros.uepb.edu.br\/ccbsa\/wp-json\/wp\/v2\/media?parent=5872"}],"wp:term":[{"taxonomy":"category","embeddable":true,"href":"https:\/\/centros.uepb.edu.br\/ccbsa\/wp-json\/wp\/v2\/categories?post=5872"},{"taxonomy":"post_tag","embeddable":true,"href":"https:\/\/centros.uepb.edu.br\/ccbsa\/wp-json\/wp\/v2\/tags?post=5872"}],"curies":[{"name":"wp","href":"https:\/\/api.w.org\/{rel}","templated":true}]}}