{"id":5868,"date":"2019-02-20T14:29:22","date_gmt":"2019-02-20T14:29:22","guid":{"rendered":"https:\/\/centros.uepb.edu.br\/ccbsa\/?p=5868"},"modified":"2019-02-20T14:29:22","modified_gmt":"2019-02-20T14:29:22","slug":"9a-edicao-do-seminario-de-saberes-arquivisticos-sera-realizado-de-6-a-9-de-marco-de-2019-em-portugal","status":"publish","type":"post","link":"https:\/\/centros.uepb.edu.br\/ccbsa\/9a-edicao-do-seminario-de-saberes-arquivisticos-sera-realizado-de-6-a-9-de-marco-de-2019-em-portugal\/","title":{"rendered":"9\u00aa edi\u00e7\u00e3o do Semin\u00e1rio de Saberes Arquiv\u00edsticos ser\u00e1 realizado de 6 a 9 de mar\u00e7o de 2019 em Portugal"},"content":{"rendered":"<p><a href=\"https:\/\/centros.uepb.edu.br\/ccbsa\/files\/2018\/12\/29a5155d-0459-4fa1-8be8-8df2b6d4b35a.jpg\"><img loading=\"lazy\" decoding=\"async\" class=\"aligncenter wp-image-5650 size-full img-responsive\" src=\"https:\/\/centros.uepb.edu.br\/ccbsa\/files\/2018\/12\/29a5155d-0459-4fa1-8be8-8df2b6d4b35a.jpg\" alt=\"\" width=\"840\" height=\"454\" srcset=\"https:\/\/centros.uepb.edu.br\/ccbsa\/files\/2018\/12\/29a5155d-0459-4fa1-8be8-8df2b6d4b35a.jpg 840w, https:\/\/centros.uepb.edu.br\/ccbsa\/files\/2018\/12\/29a5155d-0459-4fa1-8be8-8df2b6d4b35a-300x162.jpg 300w, https:\/\/centros.uepb.edu.br\/ccbsa\/files\/2018\/12\/29a5155d-0459-4fa1-8be8-8df2b6d4b35a-768x415.jpg 768w, https:\/\/centros.uepb.edu.br\/ccbsa\/files\/2018\/12\/29a5155d-0459-4fa1-8be8-8df2b6d4b35a-370x200.jpg 370w\" sizes=\"auto, (max-width: 840px) 100vw, 840px\" \/><\/a><\/p>\n<p>O Semin\u00e1rio de Saberes Arquiv\u00edsticos (SESA), projeto vinculado ao curso de Arquivologia do Campus V da Universidade Estadual da Para\u00edba (UEPB), est\u00e1 com inscri\u00e7\u00f5es abertas para a 9\u00aa edi\u00e7\u00e3o do evento que este ano ocorre de 6 a 9 de mar\u00e7o na Faculdade de Letras da Universidade de Coimbra (FLUC), Portugal.<\/p>\n<p>Com a tem\u00e1tica principal \u201cArquivo(s) e Identidade(s)\u201d a programa\u00e7\u00e3o do evento e trabalhos a serem apresentados est\u00e3o vinculados a um dos eixos tem\u00e1ticos: \u201cArquivo(s) e mem\u00f3ria(s)\u201d; \u201cEpistemologia e Ci\u00eancia da Informa\u00e7\u00e3o\u201d; \u201cGest\u00e3o de Arquivos\u201d; \u201cArquivos Digitais\u201d; \u201cComunica\u00e7\u00e3o e acesso \u00e0 informa\u00e7\u00e3o\u201d e \u201cEmpreendedorismo e inova\u00e7\u00e3o em arquivos\u201d.<\/p>\n<p>De acordo com a comiss\u00e3o organizadora do evento a 1\u00aa edi\u00e7\u00e3o do SESA em Portugal pretende tornar-se uma refer\u00eancia n\u00e3o apenas em termos luso-brasileiros, mas tamb\u00e9m em toda a rede coberta pela Comunidade dos Pa\u00edses de L\u00edngua Portuguesa. Com o objetivo primordial de promover o di\u00e1logo entre especialistas de v\u00e1rios pa\u00edses em Saberes Arquiv\u00edsticos, a 9\u00aa edi\u00e7\u00e3o do evento pretende tamb\u00e9m alargar o debate e discutir o contributo dos Arquivos para a constitui\u00e7\u00e3o da mem\u00f3ria coletiva dos pa\u00edses da Lusofonia e para a sua afirma\u00e7\u00e3o como agentes culturais determinantes para a cria\u00e7\u00e3o da identidade e para a moderniza\u00e7\u00e3o administrativa e desenvolvimento dos diversos pa\u00edses de l\u00edngua oficial portuguesa.<\/p>\n<p>As inscri\u00e7\u00f5es no SESA 2019, para o p\u00fablico, investigadores, estudantes da FLUC e outros estudantes, em geral, sem apresenta\u00e7\u00e3o de comunica\u00e7\u00e3o, realizam-se na <a href=\"https:\/\/lojas.ci.uc.pt\/uc\/index.php?cPath=28_357\">loja virtual da FLUC<\/a>.<\/p>\n<p><strong>Sobre o projeto SESA<\/strong><\/p>\n<p>Nascido em 2007 como projeto-piloto de ensino de g\u00eaneros acad\u00eamicos aplicado a um componente curricular do Curso de Arquivologia da Universidade Estadual da Para\u00edba (UEPB) o projeto SESA buscava discutir a escrita acad\u00eamica a partir do acompanhamento da produ\u00e7\u00e3o de artigos cient\u00edficos por parte dos discentes. Ainda em 2007 surgiram as primeiras discuss\u00f5es para a coopera\u00e7\u00e3o acad\u00eamica do curso de Arquivologia da UEPB com a Universidade do Porto (UP).<\/p>\n<p>Em 2012, transformou-se num projeto internacional, de natureza luso-brasileira, passando a incluir como parceiras a Universidade de Coimbra(UC), a Universidade do Porto(UP), a Universidade de Aveiro(UA) e o Instituto Polit\u00e9cnico do Porto (IPP).<\/p>\n<p>Al\u00e9m de eventos, cursos de orat\u00f3ria, excurs\u00f5es pedag\u00f3gicas, mostras de linguagens, palestras, mesas-redondas e publica\u00e7\u00f5es de artigos, o SESA tem promovido lan\u00e7amento de livros que s\u00e3o resultado das produ\u00e7\u00f5es coletivas dos discentes e docentes vinculados ao projeto.<\/p>\n<p>A partir da sua 8\u00aa edi\u00e7\u00e3o, realizada em 2017, no Campus I da UFPB, em Jo\u00e3o Pessoa, o SESA ganhou uma dimens\u00e3o internacional, come\u00e7ando a contar com a representa\u00e7\u00e3o de especialistas de todas as universidades portuguesas parceiras. No final do evento, e no \u00e2mbito das comemora\u00e7\u00f5es dos \u201c10 anos do SESA\u201d, foi atribu\u00eddo pela primeira vez o \u201cPr\u00eamio Jos\u00e9 Maria Jardim\u201d criado com o objetivo de incentivar as produ\u00e7\u00f5es cient\u00edficas de alunos e professores e contribuir de forma significativa para a \u00e1rea de Comunica\u00e7\u00e3o e Informa\u00e7\u00e3o. Na mesma \u00e9poca foi anunciado que este evento cient\u00edfico passaria a ter lugar a cada dois anos em Universidades Luso-Brasileiras, ficando decidido que a pr\u00f3xima edi\u00e7\u00e3o do SESA seria em Coimbra, em 2019, e, em 2021, na Universidade Porto, em parceria com o Instituto Polit\u00e9cnico do Porto.<\/p>\n<p>Atualmente o SESA conta com diversas parcerias interdisciplinares e entre institui\u00e7\u00f5es nacionais e internacionais realizando o lan\u00e7amento de livros de professores das duas institui\u00e7\u00f5es e a participa\u00e7\u00e3o de professores na comiss\u00e3o cient\u00edfica do projeto. Ao todos quatro institui\u00e7\u00f5es lusof\u00f4nicas e 8 nacionais s\u00e3o parceiras do projeto. Na UEPB participam professores de tr\u00eas departamentos e <em>Campi<\/em> (I, V e IV).<\/p>\n<p><em>Texto: Juliana Marques<\/em><\/p>\n","protected":false},"excerpt":{"rendered":"<p>O Semin\u00e1rio de Saberes Arquiv\u00edsticos (SESA), projeto vinculado ao curso de Arquivologia do Campus V da Universidade Estadual da Para\u00edba (UEPB), est\u00e1 com inscri\u00e7\u00f5es abertas para a 9\u00aa edi\u00e7\u00e3o do evento que este ano ocorre de 6 a 9 de mar\u00e7o na Faculdade de Letras da Universidade de Coimbra (FLUC), Portugal. Com a tem\u00e1tica principal <a class=\"leiamais\" href=\"https:\/\/centros.uepb.edu.br\/ccbsa\/9a-edicao-do-seminario-de-saberes-arquivisticos-sera-realizado-de-6-a-9-de-marco-de-2019-em-portugal\/\">Leia Mais&#8230;<\/a><\/p>\n","protected":false},"author":8,"featured_media":5650,"comment_status":"closed","ping_status":"closed","sticky":false,"template":"","format":"standard","meta":{"footnotes":""},"categories":[3,11],"tags":[],"class_list":["post-5868","post","type-post","status-publish","format-standard","has-post-thumbnail","hentry","category-noticias","category-noticias-destaque-img"],"jetpack_featured_media_url":"https:\/\/centros.uepb.edu.br\/ccbsa\/files\/2018\/12\/29a5155d-0459-4fa1-8be8-8df2b6d4b35a.jpg","_links":{"self":[{"href":"https:\/\/centros.uepb.edu.br\/ccbsa\/wp-json\/wp\/v2\/posts\/5868","targetHints":{"allow":["GET"]}}],"collection":[{"href":"https:\/\/centros.uepb.edu.br\/ccbsa\/wp-json\/wp\/v2\/posts"}],"about":[{"href":"https:\/\/centros.uepb.edu.br\/ccbsa\/wp-json\/wp\/v2\/types\/post"}],"author":[{"embeddable":true,"href":"https:\/\/centros.uepb.edu.br\/ccbsa\/wp-json\/wp\/v2\/users\/8"}],"replies":[{"embeddable":true,"href":"https:\/\/centros.uepb.edu.br\/ccbsa\/wp-json\/wp\/v2\/comments?post=5868"}],"version-history":[{"count":0,"href":"https:\/\/centros.uepb.edu.br\/ccbsa\/wp-json\/wp\/v2\/posts\/5868\/revisions"}],"wp:featuredmedia":[{"embeddable":true,"href":"https:\/\/centros.uepb.edu.br\/ccbsa\/wp-json\/wp\/v2\/media\/5650"}],"wp:attachment":[{"href":"https:\/\/centros.uepb.edu.br\/ccbsa\/wp-json\/wp\/v2\/media?parent=5868"}],"wp:term":[{"taxonomy":"category","embeddable":true,"href":"https:\/\/centros.uepb.edu.br\/ccbsa\/wp-json\/wp\/v2\/categories?post=5868"},{"taxonomy":"post_tag","embeddable":true,"href":"https:\/\/centros.uepb.edu.br\/ccbsa\/wp-json\/wp\/v2\/tags?post=5868"}],"curies":[{"name":"wp","href":"https:\/\/api.w.org\/{rel}","templated":true}]}}