{"id":5856,"date":"2019-02-19T15:38:47","date_gmt":"2019-02-19T15:38:47","guid":{"rendered":"https:\/\/centros.uepb.edu.br\/ccbsa\/?p=5856"},"modified":"2019-02-21T15:38:54","modified_gmt":"2019-02-21T15:38:54","slug":"pro-reitoria-estudantil-e-coordenadoria-de-relacoes-internacionais-participam-de-programacao-voltada-aos-calouros-do-campus-v","status":"publish","type":"post","link":"https:\/\/centros.uepb.edu.br\/ccbsa\/pro-reitoria-estudantil-e-coordenadoria-de-relacoes-internacionais-participam-de-programacao-voltada-aos-calouros-do-campus-v\/","title":{"rendered":"Pro-reitoria Estudantil e Coordenadoria de Rela\u00e7\u00f5es Internacionais participam de programa\u00e7\u00e3o voltada aos calouros do Campus V"},"content":{"rendered":"\n\t\t<style type=\"text\/css\">\n\t\t\t#gallery-1 {\n\t\t\t\tmargin: auto;\n\t\t\t}\n\t\t\t#gallery-1 .gallery-item {\n\t\t\t\tfloat: left;\n\t\t\t\tmargin-top: 10px;\n\t\t\t\ttext-align: center;\n\t\t\t\twidth: 33%;\n\t\t\t}\n\t\t\t#gallery-1 img {\n\t\t\t\tborder: 2px solid #cfcfcf;\n\t\t\t}\n\t\t\t#gallery-1 .gallery-caption {\n\t\t\t\tmargin-left: 0;\n\t\t\t}\n\t\t\t\/* see gallery_shortcode() in wp-includes\/media.php *\/\n\t\t<\/style>\n\t\t<div id='gallery-1' class='gallery galleryid-5856 gallery-columns-3 gallery-size-full'><dl class='gallery-item'>\n\t\t\t<dt class='gallery-icon landscape'>\n\t\t\t\t<a href='https:\/\/centros.uepb.edu.br\/ccbsa\/files\/2019\/02\/IMG_3269.jpg'><img loading=\"lazy\" decoding=\"async\" width=\"840\" height=\"492\" src=\"https:\/\/centros.uepb.edu.br\/ccbsa\/files\/2019\/02\/IMG_3269.jpg\" class=\"attachment-full size-full\" alt=\"\" srcset=\"https:\/\/centros.uepb.edu.br\/ccbsa\/files\/2019\/02\/IMG_3269.jpg 840w, https:\/\/centros.uepb.edu.br\/ccbsa\/files\/2019\/02\/IMG_3269-300x176.jpg 300w, https:\/\/centros.uepb.edu.br\/ccbsa\/files\/2019\/02\/IMG_3269-768x450.jpg 768w, https:\/\/centros.uepb.edu.br\/ccbsa\/files\/2019\/02\/IMG_3269-370x217.jpg 370w\" sizes=\"auto, (max-width: 840px) 100vw, 840px\" \/><\/a>\n\t\t\t<\/dt><\/dl><dl class='gallery-item'>\n\t\t\t<dt class='gallery-icon landscape'>\n\t\t\t\t<a href='https:\/\/centros.uepb.edu.br\/ccbsa\/files\/2019\/02\/IMG_3282.jpg'><img loading=\"lazy\" decoding=\"async\" width=\"840\" height=\"435\" src=\"https:\/\/centros.uepb.edu.br\/ccbsa\/files\/2019\/02\/IMG_3282.jpg\" class=\"attachment-full size-full\" alt=\"\" srcset=\"https:\/\/centros.uepb.edu.br\/ccbsa\/files\/2019\/02\/IMG_3282.jpg 840w, https:\/\/centros.uepb.edu.br\/ccbsa\/files\/2019\/02\/IMG_3282-300x155.jpg 300w, https:\/\/centros.uepb.edu.br\/ccbsa\/files\/2019\/02\/IMG_3282-768x398.jpg 768w, https:\/\/centros.uepb.edu.br\/ccbsa\/files\/2019\/02\/IMG_3282-370x192.jpg 370w\" sizes=\"auto, (max-width: 840px) 100vw, 840px\" \/><\/a>\n\t\t\t<\/dt><\/dl><dl class='gallery-item'>\n\t\t\t<dt class='gallery-icon landscape'>\n\t\t\t\t<a href='https:\/\/centros.uepb.edu.br\/ccbsa\/files\/2019\/02\/IMG_3289.jpg'><img loading=\"lazy\" decoding=\"async\" width=\"840\" height=\"580\" src=\"https:\/\/centros.uepb.edu.br\/ccbsa\/files\/2019\/02\/IMG_3289.jpg\" class=\"attachment-full size-full\" alt=\"\" srcset=\"https:\/\/centros.uepb.edu.br\/ccbsa\/files\/2019\/02\/IMG_3289.jpg 840w, https:\/\/centros.uepb.edu.br\/ccbsa\/files\/2019\/02\/IMG_3289-300x207.jpg 300w, https:\/\/centros.uepb.edu.br\/ccbsa\/files\/2019\/02\/IMG_3289-768x530.jpg 768w, https:\/\/centros.uepb.edu.br\/ccbsa\/files\/2019\/02\/IMG_3289-370x255.jpg 370w\" sizes=\"auto, (max-width: 840px) 100vw, 840px\" \/><\/a>\n\t\t\t<\/dt><\/dl><br style=\"clear: both\" \/><dl class='gallery-item'>\n\t\t\t<dt class='gallery-icon landscape'>\n\t\t\t\t<a href='https:\/\/centros.uepb.edu.br\/ccbsa\/files\/2019\/02\/IMG_3299.jpg'><img loading=\"lazy\" decoding=\"async\" width=\"840\" height=\"529\" src=\"https:\/\/centros.uepb.edu.br\/ccbsa\/files\/2019\/02\/IMG_3299.jpg\" class=\"attachment-full size-full\" alt=\"\" srcset=\"https:\/\/centros.uepb.edu.br\/ccbsa\/files\/2019\/02\/IMG_3299.jpg 840w, https:\/\/centros.uepb.edu.br\/ccbsa\/files\/2019\/02\/IMG_3299-300x189.jpg 300w, https:\/\/centros.uepb.edu.br\/ccbsa\/files\/2019\/02\/IMG_3299-768x484.jpg 768w, https:\/\/centros.uepb.edu.br\/ccbsa\/files\/2019\/02\/IMG_3299-370x233.jpg 370w\" sizes=\"auto, (max-width: 840px) 100vw, 840px\" \/><\/a>\n\t\t\t<\/dt><\/dl><dl class='gallery-item'>\n\t\t\t<dt class='gallery-icon landscape'>\n\t\t\t\t<a href='https:\/\/centros.uepb.edu.br\/ccbsa\/files\/2019\/02\/IMG_3303-1.jpg'><img loading=\"lazy\" decoding=\"async\" width=\"840\" height=\"454\" src=\"https:\/\/centros.uepb.edu.br\/ccbsa\/files\/2019\/02\/IMG_3303-1.jpg\" class=\"attachment-full size-full\" alt=\"\" srcset=\"https:\/\/centros.uepb.edu.br\/ccbsa\/files\/2019\/02\/IMG_3303-1.jpg 840w, https:\/\/centros.uepb.edu.br\/ccbsa\/files\/2019\/02\/IMG_3303-1-300x162.jpg 300w, https:\/\/centros.uepb.edu.br\/ccbsa\/files\/2019\/02\/IMG_3303-1-768x415.jpg 768w, https:\/\/centros.uepb.edu.br\/ccbsa\/files\/2019\/02\/IMG_3303-1-370x200.jpg 370w\" sizes=\"auto, (max-width: 840px) 100vw, 840px\" \/><\/a>\n\t\t\t<\/dt><\/dl><dl class='gallery-item'>\n\t\t\t<dt class='gallery-icon landscape'>\n\t\t\t\t<a href='https:\/\/centros.uepb.edu.br\/ccbsa\/files\/2019\/02\/IMG_3314.jpg'><img loading=\"lazy\" decoding=\"async\" width=\"840\" height=\"491\" src=\"https:\/\/centros.uepb.edu.br\/ccbsa\/files\/2019\/02\/IMG_3314.jpg\" class=\"attachment-full size-full\" alt=\"\" srcset=\"https:\/\/centros.uepb.edu.br\/ccbsa\/files\/2019\/02\/IMG_3314.jpg 840w, https:\/\/centros.uepb.edu.br\/ccbsa\/files\/2019\/02\/IMG_3314-300x175.jpg 300w, https:\/\/centros.uepb.edu.br\/ccbsa\/files\/2019\/02\/IMG_3314-768x449.jpg 768w, https:\/\/centros.uepb.edu.br\/ccbsa\/files\/2019\/02\/IMG_3314-370x216.jpg 370w\" sizes=\"auto, (max-width: 840px) 100vw, 840px\" \/><\/a>\n\t\t\t<\/dt><\/dl><br style=\"clear: both\" \/><dl class='gallery-item'>\n\t\t\t<dt class='gallery-icon landscape'>\n\t\t\t\t<a href='https:\/\/centros.uepb.edu.br\/ccbsa\/files\/2019\/02\/IMG_3336.jpg'><img loading=\"lazy\" decoding=\"async\" width=\"840\" height=\"582\" src=\"https:\/\/centros.uepb.edu.br\/ccbsa\/files\/2019\/02\/IMG_3336.jpg\" class=\"attachment-full size-full\" alt=\"\" srcset=\"https:\/\/centros.uepb.edu.br\/ccbsa\/files\/2019\/02\/IMG_3336.jpg 840w, https:\/\/centros.uepb.edu.br\/ccbsa\/files\/2019\/02\/IMG_3336-300x208.jpg 300w, https:\/\/centros.uepb.edu.br\/ccbsa\/files\/2019\/02\/IMG_3336-768x532.jpg 768w, https:\/\/centros.uepb.edu.br\/ccbsa\/files\/2019\/02\/IMG_3336-370x256.jpg 370w\" sizes=\"auto, (max-width: 840px) 100vw, 840px\" \/><\/a>\n\t\t\t<\/dt><\/dl><dl class='gallery-item'>\n\t\t\t<dt class='gallery-icon landscape'>\n\t\t\t\t<a href='https:\/\/centros.uepb.edu.br\/ccbsa\/files\/2019\/02\/IMG_3343.jpg'><img loading=\"lazy\" decoding=\"async\" width=\"840\" height=\"499\" src=\"https:\/\/centros.uepb.edu.br\/ccbsa\/files\/2019\/02\/IMG_3343.jpg\" class=\"attachment-full size-full\" alt=\"\" srcset=\"https:\/\/centros.uepb.edu.br\/ccbsa\/files\/2019\/02\/IMG_3343.jpg 840w, https:\/\/centros.uepb.edu.br\/ccbsa\/files\/2019\/02\/IMG_3343-300x178.jpg 300w, https:\/\/centros.uepb.edu.br\/ccbsa\/files\/2019\/02\/IMG_3343-768x456.jpg 768w, https:\/\/centros.uepb.edu.br\/ccbsa\/files\/2019\/02\/IMG_3343-370x220.jpg 370w\" sizes=\"auto, (max-width: 840px) 100vw, 840px\" \/><\/a>\n\t\t\t<\/dt><\/dl>\n\t\t\t<br style='clear: both' \/>\n\t\t<\/div>\n\n<p>Com o objetivo de apresentar aos calouros do per\u00edodo letivo 2019.1 os diversos servi\u00e7os oferecidos pela Pro-reitoria Estudantil, Coordenadoria de Rela\u00e7\u00f5es Internacionais e Biblioteca Afonso Pereira, foi realizada, na manh\u00e3 desta ter\u00e7a-feira (19), no audit\u00f3rio do Campus V da Universidade Estadual da Para\u00edba (UEPB) uma rodada de conversa entre os representantes dos referidos setores e os estudantes. A atividade, que tamb\u00e9m ocorrer\u00e1 no turno da noite, integra a programa\u00e7\u00e3o de recep\u00e7\u00e3o aos feras organizada pelas coordena\u00e7\u00f5es dos cursos de gradua\u00e7\u00e3o do Centro de Ci\u00eancias Biol\u00f3gicas e Sociais Aplicadas (CCBSA) com o apoio da dire\u00e7\u00e3o de Centro que dever\u00e1 ocorrer durante esta primeira semana de aulas.<\/p>\n<p>A bibliotec\u00e1ria Liliane Braga Rolim apresentou os diversos servi\u00e7os presenciais e virtuais oferecidos pela Biblioteca Afonso Pereira e pela equipe de profissionais que atuam no local e os recursos oferecidos para fornecer suporte informacional \u00e0s atividades acad\u00eamicas de ensino, pesquisa e extens\u00e3o.<\/p>\n<p>A pro-reitora Estudantil da UEPB, N\u00fabia Nascimento, fez uma explana\u00e7\u00e3o sobre os diversos programas de assist\u00eancia estudantil oferecidos pela PROEST, os pr\u00e9-requisitos para solicita\u00e7\u00e3o de bolsa manuten\u00e7\u00e3o, o atendimento psicossocial realizado pelo setor de acordo com as demandas dos estudantes, entre outros. A pro-reitora esclareceu, ainda, que ap\u00f3s o recadastramento dos bolsistas de programas de assist\u00eancia estudantil, ser\u00e1 lan\u00e7ado o edital 2019.1 para o programa de bolsa manuten\u00e7\u00e3o.<\/p>\n<p>Na oportunidade o futuro coordenador da coordenadoria de Rela\u00e7\u00f5es Internacionais (CoRI), Cl\u00e1udio Lucena e o secret\u00e1rio executivo da CoRI, Christiano Cordeiro Soares, apresentaram as iniciativas e oportunidades de internacionaliza\u00e7\u00e3o da UEPB, a exemplo do programa Erasmus+ Solidaris. O estudante de Psicologia da UEPB, \u00canio Neves, que chegou recentemente de uma experi\u00eancia de interc\u00e2mbio na Universidade de Coimbra, apresentou a viv\u00eancia acad\u00eamica e pessoal conquistada nesse per\u00edodo.<\/p>\n<p><strong>O papel da universidade<\/strong><\/p>\n<p>A abertura da programa\u00e7\u00e3o de recep\u00e7\u00e3o aos calouros do per\u00edodo letivo 2019.1 contou com a apresenta\u00e7\u00e3o musical de Lula Marinho e Beto Tavares, artistas e estudantes de Arquivologia. Na sequ\u00eancia os docentes de cada curso presentes no evento, a diretora do CCBSA, professora Jacqueline Echeverr\u00eda Barrancos, e os coordenadores de cursos foram apresentados aos estudantes.<\/p>\n<p>Durante o turno da manh\u00e3 foi realizada a discuss\u00e3o, que tamb\u00e9m ser\u00e1 realizada \u00e0 noite: \u201cO papel da universidade no mundo contempor\u00e2neo\u201d. Na ocasi\u00e3o, os coordenadores e coordenadores-adjuntos dos cursos de gradua\u00e7\u00e3o abordaram o conceito e o papel da universidade, a hist\u00f3ria da UEPB, entre outras quest\u00f5es.<\/p>\n<p>O evento prosseguiu na ter\u00e7a-feira (19), \u00e0s 9 e 19h, com a apresenta\u00e7\u00e3o dos diversos setores que comp\u00f5em o Centro de Ci\u00eancias Biol\u00f3gicas e Sociais Aplicadas (CCBSA), secretarias, bibliotecas, laborat\u00f3rios, Pro-reitoria Estudantil, Coordenadoria de Rela\u00e7\u00f5es Internacionais e Coordena\u00e7\u00e3o de Esporte e Lazer. Na quarta e quinta-feira, 20 e 21 de fevereiro, cada curso fez sua programa\u00e7\u00e3o espec\u00edfica.<\/p>\n<p>O coordenador do curso de Arquivologia, professor Henrique Fran\u00e7a, destaca a import\u00e2ncia de iniciativas como essa que integra os p\u00fablicos do tr\u00eas cursos de gradua\u00e7\u00e3o do Campus V. \u201c\u00c9 uma alegria poder participar, pela primeira vez, de uma atividade de abertura de per\u00edodo letivo de forma integrada e cooperativa, somando esfor\u00e7os no di\u00e1logo e fortalecimento das pontes acad\u00eamicas entre os cursos de Arquivologia, Biologia e Rela\u00e7\u00f5es Internacionais. A proposta \u00e9 acolhermos os novos alunos do Campus V, al\u00e9m de apresentarmos a eles e aos demais que porventura n\u00e3o conhe\u00e7am a estrutura acad\u00eamica do Campus, nossas particularidades e motiv\u00e1-los a essa cultura integradora. Esse, sem d\u00favida, \u00e9 um dos pap\u00e9is da universidade no mundo contempor\u00e2neo, que por sinal \u00e9 tema do di\u00e1logo que levaremos \u00e0 comunidade, durante essa a\u00e7\u00e3o\u201d.<\/p>\n<p><strong>Arquivologia<\/strong><\/p>\n<p>Na quarta-feira, a partir das 9h30, a coordena\u00e7\u00e3o do curso de Arquivologia promoveu a palestra \u201cArquivista, visibilidade profissional: forma\u00e7\u00e3o, associativismo e mercado de trabalho\u201d, com Katia Isabelli Melo, docente da Universidade de Bras\u00edlia \u2013 UnB. Na ocasi\u00e3o, a docente tamb\u00e9m apresentar\u00e1 o livro com o mesmo nome da palestra.<\/p>\n<p>A programa\u00e7\u00e3o seguiu, nesta quinta-feira (21) com a mesa de discuss\u00e3o \u201cLei de Arquivo do Estado da Para\u00edba \u2013 mecanismo e perspectivas\u201d com Irene Fernandes, L\u00facia Guerra, Ana Andr\u00e9a e Esmeralda Porf\u00edrio. A atividade foi pensada a partir da aprova\u00e7\u00e3o da Lei 11.263 que disp\u00f5e sobre a cria\u00e7\u00e3o do Arquivo P\u00fablico do Estado da Para\u00edba, do Sistema Estadual de Arquivos e define as diretrizes da pol\u00edtica estadual de arquivos p\u00fablicos e arquivos privados de interesse p\u00fablico e social.<\/p>\n<p>\u201cA aprova\u00e7\u00e3o da Lei que cria o Arquivo P\u00fablico do Estado a Para\u00edba \u00e9 uma vit\u00f3ria que precisa ser comemorada, difundida e, ainda mais, fortalecida para que saia do texto e se torne realidade. Da\u00ed a import\u00e2ncia de apresentar, conversar a respeito. Para que toda a comunidade que faz a Arquivologia na Para\u00edba se engaje nesse desafio. Na semana de abertura do per\u00edodo letivo 2019.1, o Curso de Arquivologia da UEPB abra\u00e7a essa causa\u201d, explica o professor Henrique Fran\u00e7a.<\/p>\n<p>De acordo com o professor Josemar Henrique de Melo, proponente dessa discuss\u00e3o, \u00e9 importante que todos os estudantes de Arquivologia integrem esse debate. \u201c\u00c9 muito importante a participa\u00e7\u00e3o dos nossos estudantes, tendo em vista que a cria\u00e7\u00e3o de um Arquivo P\u00fablico no Estado possibilita o surgimento de um laborat\u00f3rio para os discentes, bem como um espa\u00e7o de trabalho e de est\u00e1gio. \u00c9 importante destacar que quando fal\u00e1vamos sobre Arquivos P\u00fablico t\u00ednhamos que ir \u00e0 Recife para vermos um, agora podemos ver aqui e podemos acompanhar as etapas de trabalho de uma institui\u00e7\u00e3o deste porte. Ent\u00e3o, essa Lei \u00e9 a base para a concretiza\u00e7\u00e3o de uma luta a muito desenvolvida na Para\u00edba e hoje podemos comemorar o in\u00edcio das atividades fazendo parte de um projeto que \u00e9 muito maior que apenas Jo\u00e3o Pessoa, \u00e9 um projeto que engloba todo o Estado\u201d, avalia o professor Josemar.<\/p>\n<p><strong>Ci\u00eancias Biol\u00f3gicas<\/strong><\/p>\n<p>Os calouros da Gradua\u00e7\u00e3o em Ci\u00eancias Biol\u00f3gicas tiveram um momento de recep\u00e7\u00e3o realizado pela coordena\u00e7\u00e3o do bacharelado na manh\u00e3 desta quarta-feira (20) com a apresenta\u00e7\u00e3o do Projeto Pedag\u00f3gico do Curso (PPC). Al\u00e9m disso, quest\u00f5es como os projetos de pesquisa e extens\u00e3o, apresenta\u00e7\u00e3o do Centro Acad\u00eamico e mais detalhes do curso ser\u00e3o abordados no componente curricular \u201cIntrodu\u00e7\u00e3o \u00e0s Ci\u00eancias Biol\u00f3gicas\u201d.<\/p>\n<p><strong>Rela\u00e7\u00f5es Internacionais<\/strong><\/p>\n<p>O bacharelado em Rela\u00e7\u00f5es Internacionais promoveu na quarta-feira (20) nos turnos da manh\u00e3 e noite, na sala do P1, uma apresenta\u00e7\u00e3o do PPC, do Manual do Estudante, projetos de pesquisa e extens\u00e3o.<br \/>\nNa quinta-feira, 21 de fevereiro, a coordena\u00e7\u00e3o do curso promoveu uma roda de conversa destinada aos calouros com a participa\u00e7\u00e3o de egressos do referido bacharelado e Centro Acad\u00eamico.<\/p>\n<p><em>Texto e fotos:\u00a0Juliana Marques<\/em><\/p>\n","protected":false},"excerpt":{"rendered":"<p>Com o objetivo de apresentar aos calouros do per\u00edodo letivo 2019.1 os diversos servi\u00e7os oferecidos pela Pro-reitoria Estudantil, Coordenadoria de Rela\u00e7\u00f5es Internacionais e Biblioteca Afonso Pereira, foi realizada, na manh\u00e3 desta ter\u00e7a-feira (19), no audit\u00f3rio do Campus V da Universidade Estadual da Para\u00edba (UEPB) uma rodada de conversa entre os representantes dos referidos setores e <a class=\"leiamais\" href=\"https:\/\/centros.uepb.edu.br\/ccbsa\/pro-reitoria-estudantil-e-coordenadoria-de-relacoes-internacionais-participam-de-programacao-voltada-aos-calouros-do-campus-v\/\">Leia Mais&#8230;<\/a><\/p>\n","protected":false},"author":8,"featured_media":5857,"comment_status":"closed","ping_status":"closed","sticky":false,"template":"","format":"standard","meta":{"footnotes":""},"categories":[3,11],"tags":[],"class_list":["post-5856","post","type-post","status-publish","format-standard","has-post-thumbnail","hentry","category-noticias","category-noticias-destaque-img"],"jetpack_featured_media_url":"https:\/\/centros.uepb.edu.br\/ccbsa\/files\/2019\/02\/IMG_3303.jpg","_links":{"self":[{"href":"https:\/\/centros.uepb.edu.br\/ccbsa\/wp-json\/wp\/v2\/posts\/5856","targetHints":{"allow":["GET"]}}],"collection":[{"href":"https:\/\/centros.uepb.edu.br\/ccbsa\/wp-json\/wp\/v2\/posts"}],"about":[{"href":"https:\/\/centros.uepb.edu.br\/ccbsa\/wp-json\/wp\/v2\/types\/post"}],"author":[{"embeddable":true,"href":"https:\/\/centros.uepb.edu.br\/ccbsa\/wp-json\/wp\/v2\/users\/8"}],"replies":[{"embeddable":true,"href":"https:\/\/centros.uepb.edu.br\/ccbsa\/wp-json\/wp\/v2\/comments?post=5856"}],"version-history":[{"count":0,"href":"https:\/\/centros.uepb.edu.br\/ccbsa\/wp-json\/wp\/v2\/posts\/5856\/revisions"}],"wp:featuredmedia":[{"embeddable":true,"href":"https:\/\/centros.uepb.edu.br\/ccbsa\/wp-json\/wp\/v2\/media\/5857"}],"wp:attachment":[{"href":"https:\/\/centros.uepb.edu.br\/ccbsa\/wp-json\/wp\/v2\/media?parent=5856"}],"wp:term":[{"taxonomy":"category","embeddable":true,"href":"https:\/\/centros.uepb.edu.br\/ccbsa\/wp-json\/wp\/v2\/categories?post=5856"},{"taxonomy":"post_tag","embeddable":true,"href":"https:\/\/centros.uepb.edu.br\/ccbsa\/wp-json\/wp\/v2\/tags?post=5856"}],"curies":[{"name":"wp","href":"https:\/\/api.w.org\/{rel}","templated":true}]}}