{"id":580,"date":"2013-07-31T18:55:31","date_gmt":"2013-07-31T18:55:31","guid":{"rendered":"\/ccbsa\/?p=580"},"modified":"2013-07-31T19:05:24","modified_gmt":"2013-07-31T19:05:24","slug":"projeto-de-professores-do-ensino-medio-reune-atividades-de-combate-ao-preconceito","status":"publish","type":"post","link":"https:\/\/centros.uepb.edu.br\/ccbsa\/projeto-de-professores-do-ensino-medio-reune-atividades-de-combate-ao-preconceito\/","title":{"rendered":"Projeto de professores do Ensino M\u00e9dio re\u00fane atividades de combate ao preconceito"},"content":{"rendered":"<p><a href=\"http:\/\/centros.ascom.uepb.edu.br\/ccbsa\/files\/2013\/07\/DSC04068mod.jpg\"><img loading=\"lazy\" decoding=\"async\" class=\"alignleft size-thumbnail wp-image-581 img-responsive\" alt=\"DSC04068mod\" src=\"http:\/\/centros.ascom.uepb.edu.br\/ccbsa\/files\/2013\/07\/DSC04068mod-150x150.jpg\" width=\"150\" height=\"150\" \/><\/a>Discutir no ambiente escolar a homofobia e as diversas formas de preconceito presentes em nossa sociedade, esse \u00e9 o intuito do projeto \u201cEducando para uma escola livre de preconceito\u201d, que teve uma de suas a\u00e7\u00f5es realizadas nesta quarta-feira (31) nas depend\u00eancias do Campus V da Universidade Estadual da Para\u00edba, com a participa\u00e7\u00e3o de servidores da UEPB.<\/p>\n<p>Foram abordadas por meio de v\u00eddeos, slides, cartazes e discuss\u00e3o em sala de aula tem\u00e1ticas como a multiculturalismo na escola e o respeito \u00e0s diferen\u00e7as. Esta mesma a\u00e7\u00e3o foi executada anteriormente para docentes, estudantes e pais de alunos, com o objetivo de inserir a comunidade escolar como um todo nesta discuss\u00e3o.<\/p>\n<p>A iniciativa que \u00e9 coordenada pela professora do ensino m\u00e9dio da Escola Jos\u00e9 Lins do R\u00eago, Ana G\u00f3is, e que conta com a participa\u00e7\u00e3o de outros seis docentes da institui\u00e7\u00e3o, recebe o apoio do CCBSA e conta com o envolvimento de discentes dos cursos de gradua\u00e7\u00e3o da UEPB.<\/p>\n<p>A pr\u00f3xima a\u00e7\u00e3o do projeto ocorrer\u00e1 durante as comemora\u00e7\u00f5es alusivas ao dia do estudante, no dia 6 de agosto, \u00e0s 15h30, no audit\u00f3rio Pioneiros, quando ser\u00e1 realizada uma palestra sobre direitos humanos, a atividade \u00e9 aberta \u00e0 comunidade.<\/p>\n","protected":false},"excerpt":{"rendered":"<p>Discutir no ambiente escolar a homofobia e as diversas formas de preconceito presentes em nossa sociedade, esse \u00e9 o intuito do projeto \u201cEducando para uma escola livre de preconceito\u201d, que teve uma de suas a\u00e7\u00f5es realizadas nesta quarta-feira (31) nas depend\u00eancias do Campus V da Universidade Estadual da Para\u00edba, com a participa\u00e7\u00e3o de servidores da <a class=\"leiamais\" href=\"https:\/\/centros.uepb.edu.br\/ccbsa\/projeto-de-professores-do-ensino-medio-reune-atividades-de-combate-ao-preconceito\/\">Leia Mais&#8230;<\/a><\/p>\n","protected":false},"author":8,"featured_media":0,"comment_status":"open","ping_status":"open","sticky":false,"template":"","format":"standard","meta":{"footnotes":""},"categories":[3,5],"tags":[],"class_list":["post-580","post","type-post","status-publish","format-standard","hentry","category-noticias","category-visiveis"],"jetpack_featured_media_url":"","_links":{"self":[{"href":"https:\/\/centros.uepb.edu.br\/ccbsa\/wp-json\/wp\/v2\/posts\/580","targetHints":{"allow":["GET"]}}],"collection":[{"href":"https:\/\/centros.uepb.edu.br\/ccbsa\/wp-json\/wp\/v2\/posts"}],"about":[{"href":"https:\/\/centros.uepb.edu.br\/ccbsa\/wp-json\/wp\/v2\/types\/post"}],"author":[{"embeddable":true,"href":"https:\/\/centros.uepb.edu.br\/ccbsa\/wp-json\/wp\/v2\/users\/8"}],"replies":[{"embeddable":true,"href":"https:\/\/centros.uepb.edu.br\/ccbsa\/wp-json\/wp\/v2\/comments?post=580"}],"version-history":[{"count":0,"href":"https:\/\/centros.uepb.edu.br\/ccbsa\/wp-json\/wp\/v2\/posts\/580\/revisions"}],"wp:attachment":[{"href":"https:\/\/centros.uepb.edu.br\/ccbsa\/wp-json\/wp\/v2\/media?parent=580"}],"wp:term":[{"taxonomy":"category","embeddable":true,"href":"https:\/\/centros.uepb.edu.br\/ccbsa\/wp-json\/wp\/v2\/categories?post=580"},{"taxonomy":"post_tag","embeddable":true,"href":"https:\/\/centros.uepb.edu.br\/ccbsa\/wp-json\/wp\/v2\/tags?post=580"}],"curies":[{"name":"wp","href":"https:\/\/api.w.org\/{rel}","templated":true}]}}