{"id":574,"date":"2013-07-31T18:25:47","date_gmt":"2013-07-31T18:25:47","guid":{"rendered":"\/ccbsa\/?p=574"},"modified":"2013-07-31T20:01:37","modified_gmt":"2013-07-31T20:01:37","slug":"direcao-do-ccbsa-e-comissao-discutem-sobre-as-negociacoes-para-a-instalacao-do-campus-v-em-espaco-proprio","status":"publish","type":"post","link":"https:\/\/centros.uepb.edu.br\/ccbsa\/direcao-do-ccbsa-e-comissao-discutem-sobre-as-negociacoes-para-a-instalacao-do-campus-v-em-espaco-proprio\/","title":{"rendered":"Dire\u00e7\u00e3o do CCBSA e comiss\u00e3o discutem sobre a instala\u00e7\u00e3o do Campus V em espa\u00e7o pr\u00f3prio"},"content":{"rendered":"<p><a href=\"http:\/\/centros.ascom.uepb.edu.br\/ccbsa\/files\/2013\/07\/DSC04078mod.jpg\"><img loading=\"lazy\" decoding=\"async\" class=\"alignleft size-thumbnail wp-image-575 img-responsive\" alt=\"DSC04078mod\" src=\"http:\/\/centros.ascom.uepb.edu.br\/ccbsa\/files\/2013\/07\/DSC04078mod-150x150.jpg\" width=\"150\" height=\"150\" \/><\/a>Foi realizada, na tarde desta quarta-feira (31), uma reuni\u00e3o entre a dire\u00e7\u00e3o do Centro de Ci\u00eancias Biol\u00f3gicas e Sociais Aplicadas e a Comiss\u00e3o Permanente para a instala\u00e7\u00e3o do Campus V, com o intuito de manter os representantes da comunidade acad\u00eamica informados sobre as negocia\u00e7\u00f5es, que est\u00e3o em andamento, para a instala\u00e7\u00e3o do CCBSA em um espa\u00e7o pr\u00f3prio e definitivo.<\/p>\n<p>Estiveram presentes al\u00e9m do diretor Francisco Jaime Mendon\u00e7a e da diretora adjunta Giuliana Dias Vieira, o docente do curso de Ci\u00eancias Biol\u00f3gicas \u00c9lvio S\u00e9rgio Medeiros, o professor de Arquivologia Josemar Henrique de Melo e as t\u00e9cnicas administrativas, Sandra Maranh\u00e3o e Juliana Marques.<\/p>\n<p>Na oportunidade a dire\u00e7\u00e3o do CCBSA destacou que desde o in\u00edcio do mandato, em outubro de 2012, tem mantido o di\u00e1logo com a reitoria e Governo do Estado, por interm\u00e9dio da Secretaria de Educa\u00e7\u00e3o, na busca por alternativas vi\u00e1veis para a consolida\u00e7\u00e3o do Campus da UEPB em Jo\u00e3o Pessoa.<\/p>\n<p>Neste sentido, est\u00e3o sendo visitados alguns espa\u00e7os que poder\u00e3o comportar a estrutura do Campus V, inclusive projetando-se o crescimento e necessidade de novos espa\u00e7os a longo prazo.\u00a0 \u201cEstamos empenhados e buscando formas de viabilizar nossa estrutura pr\u00f3pria, esse foi, inclusive, um dos nossos principais pontos da campanha. Atualmente funcionamos na capacidade m\u00e1xima desse pr\u00e9dio atual, mas, s\u00f3 pretendemos sair daqui quando formos para o nosso espa\u00e7o definitivo, e acredito que, no ritmo que est\u00e3o as negocia\u00e7\u00f5es, em breve poderemos comemorar conquistas nesse sentido\u201d, avalia o professor Francisco Jaime.<\/p>\n<p>Os integrantes da comiss\u00e3o enfatizaram a import\u00e2ncia de serem considerados aspectos como localiza\u00e7\u00e3o, seguran\u00e7a, mobilidade e infraestrutura antes de ser acertado o local definitivo de instala\u00e7\u00e3o do Campus V.<\/p>\n<p>De acordo com a dire\u00e7\u00e3o do CCBSA as negocia\u00e7\u00f5es ainda est\u00e3o sendo realizadas, algumas reuni\u00f5es j\u00e1 est\u00e3o agendadas com o Governo do Estado e reitoria para discutir esse assunto para que a decis\u00e3o tomada seja a mais vi\u00e1vel e acertada, considerando que n\u00e3o haja nenhum preju\u00edzo aos docentes, discentes e t\u00e9cnicos administrativos que s\u00e3o coparticipes neste processo.<\/p>\n<p>Ap\u00f3s as reuni\u00f5es, alcan\u00e7ando-se avan\u00e7os significativos a dire\u00e7\u00e3o deve convocar outro encontro para que\u00a0a comiss\u00e3o possa colaborar com os encaminhamentos, e, posteriormente, a comunidade acad\u00eamica ser\u00e1 informada sobre a decis\u00e3o tomada.<\/p>\n","protected":false},"excerpt":{"rendered":"<p>Foi realizada, na tarde desta quarta-feira (31), uma reuni\u00e3o entre a dire\u00e7\u00e3o do Centro de Ci\u00eancias Biol\u00f3gicas e Sociais Aplicadas e a Comiss\u00e3o Permanente para a instala\u00e7\u00e3o do Campus V, com o intuito de manter os representantes da comunidade acad\u00eamica informados sobre as negocia\u00e7\u00f5es, que est\u00e3o em andamento, para a instala\u00e7\u00e3o do CCBSA em um <a class=\"leiamais\" href=\"https:\/\/centros.uepb.edu.br\/ccbsa\/direcao-do-ccbsa-e-comissao-discutem-sobre-as-negociacoes-para-a-instalacao-do-campus-v-em-espaco-proprio\/\">Leia Mais&#8230;<\/a><\/p>\n","protected":false},"author":8,"featured_media":583,"comment_status":"open","ping_status":"open","sticky":false,"template":"","format":"standard","meta":{"footnotes":""},"categories":[6],"tags":[],"class_list":["post-574","post","type-post","status-publish","format-standard","has-post-thumbnail","hentry","category-slide"],"jetpack_featured_media_url":"https:\/\/centros.uepb.edu.br\/ccbsa\/files\/2013\/07\/DSC04076mod.jpg","_links":{"self":[{"href":"https:\/\/centros.uepb.edu.br\/ccbsa\/wp-json\/wp\/v2\/posts\/574","targetHints":{"allow":["GET"]}}],"collection":[{"href":"https:\/\/centros.uepb.edu.br\/ccbsa\/wp-json\/wp\/v2\/posts"}],"about":[{"href":"https:\/\/centros.uepb.edu.br\/ccbsa\/wp-json\/wp\/v2\/types\/post"}],"author":[{"embeddable":true,"href":"https:\/\/centros.uepb.edu.br\/ccbsa\/wp-json\/wp\/v2\/users\/8"}],"replies":[{"embeddable":true,"href":"https:\/\/centros.uepb.edu.br\/ccbsa\/wp-json\/wp\/v2\/comments?post=574"}],"version-history":[{"count":0,"href":"https:\/\/centros.uepb.edu.br\/ccbsa\/wp-json\/wp\/v2\/posts\/574\/revisions"}],"wp:featuredmedia":[{"embeddable":true,"href":"https:\/\/centros.uepb.edu.br\/ccbsa\/wp-json\/wp\/v2\/media\/583"}],"wp:attachment":[{"href":"https:\/\/centros.uepb.edu.br\/ccbsa\/wp-json\/wp\/v2\/media?parent=574"}],"wp:term":[{"taxonomy":"category","embeddable":true,"href":"https:\/\/centros.uepb.edu.br\/ccbsa\/wp-json\/wp\/v2\/categories?post=574"},{"taxonomy":"post_tag","embeddable":true,"href":"https:\/\/centros.uepb.edu.br\/ccbsa\/wp-json\/wp\/v2\/tags?post=574"}],"curies":[{"name":"wp","href":"https:\/\/api.w.org\/{rel}","templated":true}]}}