{"id":5621,"date":"2018-12-14T15:10:32","date_gmt":"2018-12-14T15:10:32","guid":{"rendered":"https:\/\/centros.uepb.edu.br\/ccbsa\/?p=5621"},"modified":"2018-12-17T12:10:22","modified_gmt":"2018-12-17T12:10:22","slug":"professor-josemar-henrique-de-melo-e-eleito-paraninfo-das-turmas-concluintes-do-ccbsa-do-periodo-letivo-2018-1","status":"publish","type":"post","link":"https:\/\/centros.uepb.edu.br\/ccbsa\/professor-josemar-henrique-de-melo-e-eleito-paraninfo-das-turmas-concluintes-do-ccbsa-do-periodo-letivo-2018-1\/","title":{"rendered":"Professor Josemar Henrique de Melo \u00e9 eleito paraninfo das turmas concluintes do CCBSA do per\u00edodo letivo 2018.1"},"content":{"rendered":"<p><a href=\"https:\/\/centros.uepb.edu.br\/ccbsa\/files\/2018\/12\/JOSEMAR.png\"><img loading=\"lazy\" decoding=\"async\" class=\"aligncenter size-full wp-image-5622 img-responsive\" src=\"https:\/\/centros.uepb.edu.br\/ccbsa\/files\/2018\/12\/JOSEMAR.png\" alt=\"\" width=\"840\" height=\"454\" srcset=\"https:\/\/centros.uepb.edu.br\/ccbsa\/files\/2018\/12\/JOSEMAR.png 840w, https:\/\/centros.uepb.edu.br\/ccbsa\/files\/2018\/12\/JOSEMAR-300x162.png 300w, https:\/\/centros.uepb.edu.br\/ccbsa\/files\/2018\/12\/JOSEMAR-768x415.png 768w, https:\/\/centros.uepb.edu.br\/ccbsa\/files\/2018\/12\/JOSEMAR-370x200.png 370w\" sizes=\"auto, (max-width: 840px) 100vw, 840px\" \/><\/a><\/p>\n<p>Com uma trajet\u00f3ria de milit\u00e2ncia no movimento sindical e em defesa do Campus V da Universidade Estadual da Para\u00edba (UEPB) e da Arquivologia paraibana, o professor do curso de Arquivologia da UEPB, Josemar Henrique de Melo, foi escolhido paraninfo das turmas concluintes do per\u00edodo letivo 2018.1 de Arquivologia, Ci\u00eancias Biol\u00f3gicas e Rela\u00e7\u00f5es Internacionais do Centro de Ci\u00eancias Biol\u00f3gicas e Sociais Aplicadas e Administra\u00e7\u00e3o P\u00fablica, do Polo de Educa\u00e7\u00e3o a Dist\u00e2ncia de Jo\u00e3o Pessoa.<\/p>\n<p>Graduado em Hist\u00f3ria pela Universidade Federal de Pernambuco, mestre em Ci\u00eancia da Informa\u00e7\u00e3o pela Universidade Federal da Para\u00edba e Doutor em Documenta\u00e7\u00e3o pela Universidade do Porto (Portugal) com reconhecimento em Ci\u00eancia da Informa\u00e7\u00e3o pela Universidade Federal de Minas Gerais, Josemar Henrique de Melo teve uma carreira dedicada, sobretudo, ao trabalho em arquivos de institui\u00e7\u00f5es p\u00fablicas e privadas, o que culminou com o ingresso no corpo docente da UEPB em 2008.<\/p>\n<p>Atualmente o docente \u00e9 respons\u00e1vel por ministrar componentes curriculares de Fundamentos Arquiv\u00edsticos, Documentos Digitais e Gest\u00e3o de Documentos. Al\u00e9m disso, \u00e9 pesquisador na \u00e1rea de Ci\u00eancia da Informa\u00e7\u00e3o com \u00eanfase em Arquivologia, atuando principalmente nos seguintes temas: arquivos, sistemas de arquivos, gest\u00e3o documental, administra\u00e7\u00e3o em Arquiv\u00edstica, arquivos coloniais, documentos digitais e epistemologia arquiv\u00edstica e pesquisador em Hist\u00f3ria, com \u00eanfase em Hist\u00f3ria luso-brasileira.<\/p>\n<p>Al\u00e9m da atua\u00e7\u00e3o acad\u00eamica, Josemar Henrique tamb\u00e9m integra a Comiss\u00e3o Provis\u00f3ria do Arquivo P\u00fablico da Para\u00edba (CPAP) e acompanhou o trabalho de implanta\u00e7\u00e3o do Arquivo da Prefeitura de Jo\u00e3o Pessoa. \u201cEu tenho procurado dar a minha contribui\u00e7\u00e3o para que a Arquivologia paraibana se consolide e para fortalecer o curso de Arquivologia da UEPB e acredito que essa homenagem \u00e9 uma forma de reconhecimento dos alunos que acompanham esse meu esfor\u00e7o cotidiano a favor de uma \u00e1rea que eu abracei\u201d, avalia o docente.<\/p>\n<p>O professor ainda manifestou a alegria de ter sido escolhido paraninfo entre tantos nomes importantes na hist\u00f3ria do CCBSA, cuja tradi\u00e7\u00e3o \u00e9 eleger como paraninfos docentes, pesquisadores e t\u00e9cnico-administrativos que integram a comunidade acad\u00eamica do Campus V. \u201cFiquei muito lisonjeado, n\u00e3o esperava ser homenageado dessa forma, e s\u00f3 tenho a agradecer a todos os estudantes que me confiaram essa miss\u00e3o\u201d, comemora Josemar.<\/p>\n<p><strong>Cola\u00e7\u00e3o de Grau 2018.1<\/strong><\/p>\n<p>A cerim\u00f4nia de cola\u00e7\u00e3o de grau do Centro de Ci\u00eancias Biol\u00f3gicas e Sociais Aplicadas ocorrer\u00e1 no dia 18 de dezembro, \u00e0s 10h, no audit\u00f3rio do Centro de Forma\u00e7\u00e3o de Educadores Professora Elisa Bezerra Mineiros, localizada \u00e0 Rua Rita Xavier de Oliveira S\/N, Mangabeira.<\/p>\n<p>Em reuni\u00e3o realizada junto ao cerimonial da UEPB no dia 13 de novembro, foram escolhidos os formandos Maurina Pinheiro da Silva (Arquivologia), Otoniel Gon\u00e7alves de Lima (Ci\u00eancias Biol\u00f3gicas) e Larissa de Oliveira Viegas (Rela\u00e7\u00f5es Internacionais), para colar grau representando os demais concluintes. A formanda Maria Eduarda C\u00e2mara do curso de Rela\u00e7\u00f5es Internacionais, ser\u00e1 a juramentista.<\/p>\n<p>Outras informa\u00e7\u00f5es: (83) 3223-1128<\/p>\n<p><em><strong>Texto e foto:<\/strong> Juliana Marques<\/em><\/p>\n","protected":false},"excerpt":{"rendered":"<p>Com uma trajet\u00f3ria de milit\u00e2ncia no movimento sindical e em defesa do Campus V da Universidade Estadual da Para\u00edba (UEPB) e da Arquivologia paraibana, o professor do curso de Arquivologia da UEPB, Josemar Henrique de Melo, foi escolhido paraninfo das turmas concluintes do per\u00edodo letivo 2018.1 de Arquivologia, Ci\u00eancias Biol\u00f3gicas e Rela\u00e7\u00f5es Internacionais do Centro <a class=\"leiamais\" href=\"https:\/\/centros.uepb.edu.br\/ccbsa\/professor-josemar-henrique-de-melo-e-eleito-paraninfo-das-turmas-concluintes-do-ccbsa-do-periodo-letivo-2018-1\/\">Leia Mais&#8230;<\/a><\/p>\n","protected":false},"author":8,"featured_media":5622,"comment_status":"closed","ping_status":"closed","sticky":false,"template":"","format":"standard","meta":{"footnotes":""},"categories":[3,11],"tags":[],"class_list":["post-5621","post","type-post","status-publish","format-standard","has-post-thumbnail","hentry","category-noticias","category-noticias-destaque-img"],"jetpack_featured_media_url":"https:\/\/centros.uepb.edu.br\/ccbsa\/files\/2018\/12\/JOSEMAR.png","_links":{"self":[{"href":"https:\/\/centros.uepb.edu.br\/ccbsa\/wp-json\/wp\/v2\/posts\/5621","targetHints":{"allow":["GET"]}}],"collection":[{"href":"https:\/\/centros.uepb.edu.br\/ccbsa\/wp-json\/wp\/v2\/posts"}],"about":[{"href":"https:\/\/centros.uepb.edu.br\/ccbsa\/wp-json\/wp\/v2\/types\/post"}],"author":[{"embeddable":true,"href":"https:\/\/centros.uepb.edu.br\/ccbsa\/wp-json\/wp\/v2\/users\/8"}],"replies":[{"embeddable":true,"href":"https:\/\/centros.uepb.edu.br\/ccbsa\/wp-json\/wp\/v2\/comments?post=5621"}],"version-history":[{"count":0,"href":"https:\/\/centros.uepb.edu.br\/ccbsa\/wp-json\/wp\/v2\/posts\/5621\/revisions"}],"wp:featuredmedia":[{"embeddable":true,"href":"https:\/\/centros.uepb.edu.br\/ccbsa\/wp-json\/wp\/v2\/media\/5622"}],"wp:attachment":[{"href":"https:\/\/centros.uepb.edu.br\/ccbsa\/wp-json\/wp\/v2\/media?parent=5621"}],"wp:term":[{"taxonomy":"category","embeddable":true,"href":"https:\/\/centros.uepb.edu.br\/ccbsa\/wp-json\/wp\/v2\/categories?post=5621"},{"taxonomy":"post_tag","embeddable":true,"href":"https:\/\/centros.uepb.edu.br\/ccbsa\/wp-json\/wp\/v2\/tags?post=5621"}],"curies":[{"name":"wp","href":"https:\/\/api.w.org\/{rel}","templated":true}]}}