{"id":5616,"date":"2018-12-12T14:22:28","date_gmt":"2018-12-12T14:22:28","guid":{"rendered":"https:\/\/centros.uepb.edu.br\/ccbsa\/?p=5616"},"modified":"2018-12-21T13:01:01","modified_gmt":"2018-12-21T13:01:01","slug":"nucleo-de-linguas-do-campus-v-divulga-datas-de-matriculas-para-cursos-de-idiomas-com-vagas-para-novatos-e-veteranos","status":"publish","type":"post","link":"https:\/\/centros.uepb.edu.br\/ccbsa\/nucleo-de-linguas-do-campus-v-divulga-datas-de-matriculas-para-cursos-de-idiomas-com-vagas-para-novatos-e-veteranos\/","title":{"rendered":"N\u00facleo de l\u00ednguas do Campus V divulga datas de matr\u00edculas para cursos de idiomas com vagas para novatos e veteranos"},"content":{"rendered":"<p><a href=\"https:\/\/centros.uepb.edu.br\/ccbsa\/files\/2017\/09\/N\u00daCLEO-DE-L\u00cdNGUAS.jpg\"><img loading=\"lazy\" decoding=\"async\" class=\"aligncenter size-full wp-image-4397 img-responsive\" src=\"https:\/\/centros.uepb.edu.br\/ccbsa\/files\/2017\/09\/N\u00daCLEO-DE-L\u00cdNGUAS.jpg\" alt=\"\" width=\"840\" height=\"454\" srcset=\"https:\/\/centros.uepb.edu.br\/ccbsa\/files\/2017\/09\/N\u00daCLEO-DE-L\u00cdNGUAS.jpg 840w, https:\/\/centros.uepb.edu.br\/ccbsa\/files\/2017\/09\/N\u00daCLEO-DE-L\u00cdNGUAS-300x162.jpg 300w, https:\/\/centros.uepb.edu.br\/ccbsa\/files\/2017\/09\/N\u00daCLEO-DE-L\u00cdNGUAS-768x415.jpg 768w, https:\/\/centros.uepb.edu.br\/ccbsa\/files\/2017\/09\/N\u00daCLEO-DE-L\u00cdNGUAS-370x200.jpg 370w\" sizes=\"auto, (max-width: 840px) 100vw, 840px\" \/><\/a><\/p>\n<p>O N\u00facleo de L\u00ednguas do Campus V da Universidade Estadual da Para\u00edba (UEPB), em Jo\u00e3o Pessoa, divulgou a data das matr\u00edculas de novatos e veteranos para os cursos de idiomas ofertados no local. As inscri\u00e7\u00f5es ser\u00e3o realizadas de 4 a 8 de fevereiro de 2019, para alunos veteranos, e de 11 a 15 de fevereiro de 2019, para alunos novatos.<\/p>\n<p>As inscri\u00e7\u00f5es ocorrem na secretaria do N\u00facleo de L\u00ednguas, localizada \u00e0 Rua Hor\u00e1cio Trajano de Oliveira, S\/N, Cristo, das 8 \u00e0s 12h. Ser\u00e3o entregues cem fichas de atendimento por dia, at\u00e9 as 10h.<\/p>\n<p>Os estudantes que j\u00e1 tenham algum conhecimento no idioma do curso podem realizar uma prova de nivelamento no dia 8 de fevereiro de 2019, para que saibam em que est\u00e1gio da forma\u00e7\u00e3o ir\u00e3o se enquadrar. Para efetivar a matr\u00edcula \u00e9 preciso apresentar comprovante de escolaridade (a partir do 1\u00ba ano do Ensino M\u00e9dio).<\/p>\n<p>O N\u00facleo de L\u00ednguas do Campus V conta com cursos de l\u00edngua portuguesa, inglesa, francesa e espanhola oferecidos nos tr\u00eas turnos, de segunda a sexta feira.<\/p>\n<p>Outras informa\u00e7\u00f5es: (83) 3223-1128 (ramal:214) \/ cl.uepb@gmail.com<\/p>\n","protected":false},"excerpt":{"rendered":"<p>O N\u00facleo de L\u00ednguas do Campus V da Universidade Estadual da Para\u00edba (UEPB), em Jo\u00e3o Pessoa, divulgou a data das matr\u00edculas de novatos e veteranos para os cursos de idiomas ofertados no local. As inscri\u00e7\u00f5es ser\u00e3o realizadas de 4 a 8 de fevereiro de 2019, para alunos veteranos, e de 11 a 15 de fevereiro <a class=\"leiamais\" href=\"https:\/\/centros.uepb.edu.br\/ccbsa\/nucleo-de-linguas-do-campus-v-divulga-datas-de-matriculas-para-cursos-de-idiomas-com-vagas-para-novatos-e-veteranos\/\">Leia Mais&#8230;<\/a><\/p>\n","protected":false},"author":8,"featured_media":4397,"comment_status":"closed","ping_status":"closed","sticky":false,"template":"","format":"standard","meta":{"footnotes":""},"categories":[3,11],"tags":[],"class_list":["post-5616","post","type-post","status-publish","format-standard","has-post-thumbnail","hentry","category-noticias","category-noticias-destaque-img"],"jetpack_featured_media_url":"https:\/\/centros.uepb.edu.br\/ccbsa\/files\/2017\/09\/N\u00daCLEO-DE-L\u00cdNGUAS.jpg","_links":{"self":[{"href":"https:\/\/centros.uepb.edu.br\/ccbsa\/wp-json\/wp\/v2\/posts\/5616","targetHints":{"allow":["GET"]}}],"collection":[{"href":"https:\/\/centros.uepb.edu.br\/ccbsa\/wp-json\/wp\/v2\/posts"}],"about":[{"href":"https:\/\/centros.uepb.edu.br\/ccbsa\/wp-json\/wp\/v2\/types\/post"}],"author":[{"embeddable":true,"href":"https:\/\/centros.uepb.edu.br\/ccbsa\/wp-json\/wp\/v2\/users\/8"}],"replies":[{"embeddable":true,"href":"https:\/\/centros.uepb.edu.br\/ccbsa\/wp-json\/wp\/v2\/comments?post=5616"}],"version-history":[{"count":0,"href":"https:\/\/centros.uepb.edu.br\/ccbsa\/wp-json\/wp\/v2\/posts\/5616\/revisions"}],"wp:featuredmedia":[{"embeddable":true,"href":"https:\/\/centros.uepb.edu.br\/ccbsa\/wp-json\/wp\/v2\/media\/4397"}],"wp:attachment":[{"href":"https:\/\/centros.uepb.edu.br\/ccbsa\/wp-json\/wp\/v2\/media?parent=5616"}],"wp:term":[{"taxonomy":"category","embeddable":true,"href":"https:\/\/centros.uepb.edu.br\/ccbsa\/wp-json\/wp\/v2\/categories?post=5616"},{"taxonomy":"post_tag","embeddable":true,"href":"https:\/\/centros.uepb.edu.br\/ccbsa\/wp-json\/wp\/v2\/tags?post=5616"}],"curies":[{"name":"wp","href":"https:\/\/api.w.org\/{rel}","templated":true}]}}