{"id":5590,"date":"2018-12-05T14:56:48","date_gmt":"2018-12-05T14:56:48","guid":{"rendered":"https:\/\/centros.uepb.edu.br\/ccbsa\/?p=5590"},"modified":"2018-12-05T14:59:47","modified_gmt":"2018-12-05T14:59:47","slug":"professora-jacqueline-echeverria-barrancos-e-homenageada-na-camara-de-vereadores-com-o-titulo-de-cidada-pessoense","status":"publish","type":"post","link":"https:\/\/centros.uepb.edu.br\/ccbsa\/professora-jacqueline-echeverria-barrancos-e-homenageada-na-camara-de-vereadores-com-o-titulo-de-cidada-pessoense\/","title":{"rendered":"Professora Jacqueline Echeverr\u00eda Barrancos \u00e9 homenageada na C\u00e2mara de Vereadores com o t\u00edtulo de cidad\u00e3 pessoense"},"content":{"rendered":"\n\t\t<style type=\"text\/css\">\n\t\t\t#gallery-1 {\n\t\t\t\tmargin: auto;\n\t\t\t}\n\t\t\t#gallery-1 .gallery-item {\n\t\t\t\tfloat: left;\n\t\t\t\tmargin-top: 10px;\n\t\t\t\ttext-align: center;\n\t\t\t\twidth: 100%;\n\t\t\t}\n\t\t\t#gallery-1 img {\n\t\t\t\tborder: 2px solid #cfcfcf;\n\t\t\t}\n\t\t\t#gallery-1 .gallery-caption {\n\t\t\t\tmargin-left: 0;\n\t\t\t}\n\t\t\t\/* see gallery_shortcode() in wp-includes\/media.php *\/\n\t\t<\/style>\n\t\t<div id='gallery-1' class='gallery galleryid-5590 gallery-columns-1 gallery-size-full'><dl class='gallery-item'>\n\t\t\t<dt class='gallery-icon landscape'>\n\t\t\t\t<a href='https:\/\/centros.uepb.edu.br\/ccbsa\/files\/2018\/12\/IMG_3109.jpg'><img loading=\"lazy\" decoding=\"async\" width=\"840\" height=\"454\" src=\"https:\/\/centros.uepb.edu.br\/ccbsa\/files\/2018\/12\/IMG_3109.jpg\" class=\"attachment-full size-full\" alt=\"\" srcset=\"https:\/\/centros.uepb.edu.br\/ccbsa\/files\/2018\/12\/IMG_3109.jpg 840w, https:\/\/centros.uepb.edu.br\/ccbsa\/files\/2018\/12\/IMG_3109-300x162.jpg 300w, https:\/\/centros.uepb.edu.br\/ccbsa\/files\/2018\/12\/IMG_3109-768x415.jpg 768w, https:\/\/centros.uepb.edu.br\/ccbsa\/files\/2018\/12\/IMG_3109-370x200.jpg 370w\" sizes=\"auto, (max-width: 840px) 100vw, 840px\" \/><\/a>\n\t\t\t<\/dt><\/dl><br style=\"clear: both\" \/><dl class='gallery-item'>\n\t\t\t<dt class='gallery-icon landscape'>\n\t\t\t\t<a href='https:\/\/centros.uepb.edu.br\/ccbsa\/files\/2018\/12\/IMG_3107.jpg'><img loading=\"lazy\" decoding=\"async\" width=\"840\" height=\"454\" src=\"https:\/\/centros.uepb.edu.br\/ccbsa\/files\/2018\/12\/IMG_3107.jpg\" class=\"attachment-full size-full\" alt=\"\" srcset=\"https:\/\/centros.uepb.edu.br\/ccbsa\/files\/2018\/12\/IMG_3107.jpg 840w, https:\/\/centros.uepb.edu.br\/ccbsa\/files\/2018\/12\/IMG_3107-300x162.jpg 300w, https:\/\/centros.uepb.edu.br\/ccbsa\/files\/2018\/12\/IMG_3107-768x415.jpg 768w, https:\/\/centros.uepb.edu.br\/ccbsa\/files\/2018\/12\/IMG_3107-370x200.jpg 370w\" sizes=\"auto, (max-width: 840px) 100vw, 840px\" \/><\/a>\n\t\t\t<\/dt><\/dl><br style=\"clear: both\" \/><dl class='gallery-item'>\n\t\t\t<dt class='gallery-icon landscape'>\n\t\t\t\t<a href='https:\/\/centros.uepb.edu.br\/ccbsa\/files\/2018\/12\/IMG_3088.jpg'><img loading=\"lazy\" decoding=\"async\" width=\"840\" height=\"454\" src=\"https:\/\/centros.uepb.edu.br\/ccbsa\/files\/2018\/12\/IMG_3088.jpg\" class=\"attachment-full size-full\" alt=\"\" srcset=\"https:\/\/centros.uepb.edu.br\/ccbsa\/files\/2018\/12\/IMG_3088.jpg 840w, https:\/\/centros.uepb.edu.br\/ccbsa\/files\/2018\/12\/IMG_3088-300x162.jpg 300w, https:\/\/centros.uepb.edu.br\/ccbsa\/files\/2018\/12\/IMG_3088-768x415.jpg 768w, https:\/\/centros.uepb.edu.br\/ccbsa\/files\/2018\/12\/IMG_3088-370x200.jpg 370w\" sizes=\"auto, (max-width: 840px) 100vw, 840px\" \/><\/a>\n\t\t\t<\/dt><\/dl><br style=\"clear: both\" \/>\n\t\t<\/div>\n\n<p>\u201cLutam melhor os que t\u00eam belos sonhos\u201d! Essa frase de Che Guevara, foi escolhida pela diretora do Campus V da Universidade Estadual da Para\u00edba (UEPB), professora Jacqueline Echeverr\u00eda Barrancos, para retratar sua trajet\u00f3ria de conquistas e supera\u00e7\u00e3o de obst\u00e1culos que culminou com a homenagem realizada pela C\u00e2mara de Vereadores de Jo\u00e3o Pessoa, na tarde desta ter\u00e7a-feira (4), ocasi\u00e3o em que a docente boliviana recebeu o t\u00edtulo de cidad\u00e3 pessoense, por propositura da vereadora Sandra Marrocos.<\/p>\n<p>A mesa de honra do evento contou com a participa\u00e7\u00e3o da homenageada, professora Jacqueline Barrancos; do marido Carlos Henrique de Andrade; da vereadora Sandra Marrocos; do diretor de desenvolvimento estudantil da Secretaria de Educa\u00e7\u00e3o do Estado, T\u00falio Serrano; do diretor-adjunto do CCBSA, \u00canio Wocyli Dantas; do ex-diretor do CCBSA e representante dos docentes do Campus V, Francisco Jaime Mendon\u00e7a J\u00fanior; da t\u00e9cnica-administrativa Sandra Maranh\u00e3o; e do estudante egresso do curso de Arquivologia, Paulo Henrique.<\/p>\n<p>A vereadora Sandra Marrocos destacou a import\u00e2ncia do trabalho desenvolvido pela professora Jacqueline Barrancos na \u00e1rea de educa\u00e7\u00e3o em institui\u00e7\u00f5es privadas de Jo\u00e3o Pessoa e na UEPB. \u201cSou muito criteriosa na entrega de honrarias. Eu acho que n\u00e3o \u00e9 qualquer pessoa que merece receber o t\u00edtulo de cidad\u00e3 pessoense, mas professora Jacqueline \u00e9 mais que merecedora, pois ela \u00e9 construtora de um mundo justo, sem viol\u00eancia, contribui com uma educa\u00e7\u00e3o plural e democr\u00e1tica, ent\u00e3o eu me sinto muito honrada pela oportunidade de prestar essa homenagem\u201d, refor\u00e7ou a parlamentar.<\/p>\n<p>Na oportunidade, a professora Jacqueline relembrou a trajet\u00f3ria de vida, desde a inf\u00e2ncia na Bol\u00edvia, as alegrias e limita\u00e7\u00f5es enfrentadas para estudar, a supera\u00e7\u00e3o de obst\u00e1culos cotidianamente e a consolida\u00e7\u00e3o pessoal e profissional no Brasil.<\/p>\n<p>Natural de Santa Cruz de La Sierra, Bol\u00edvia, Jacqueline Echeverr\u00eda Barrancos vem de uma fam\u00edlia de tr\u00eas irm\u00e3os, com o pai banc\u00e1rio e a m\u00e3e professora (cujas nove irm\u00e3s tamb\u00e9m eram professoras).\u00a0Estudou por 12 anos no tradicional Col\u00e9gio Santa Ana, e cresceu inspirada pelo perfil empreendedor do irm\u00e3o na \u00e1rea de neg\u00f3cios, o que a levou a investir na carreira em Administra\u00e7\u00e3o. Em 1979, foi para Cochabamba estudar Administra\u00e7\u00e3o na Universidad San Sim\u00f3n e acompanhar a irm\u00e3 que fazia Bioqu\u00edmica, mas, com o golpe militar de 1980, as universidades na Bol\u00edvia tiveram que fechar as portas.<\/p>\n<p>A partir dessa \u00e9poca candidatou-se a vagas em universidades brasileiras oferecidas por interm\u00e9dio de um interc\u00e2mbio cultural da Bol\u00edvia com o Brasil, que permitia a oferta de vagas em universidades do pa\u00eds para estudantes bolivianos.<\/p>\n<p>\u201cEu n\u00e3o conhecia nada do Brasil. Tinha apenas a imagem boa do pa\u00eds do futebol, um pa\u00eds bom. E ouvia falar das universidades, porque os engenheiros, m\u00e9dicos, que chegavam na Bol\u00edvia, todos tinham se formado no Brasil. Ent\u00e3o eu queria me candidatar a uma vaga na PUC ou Unicamp, em S\u00e3o Paulo, porque era mais pr\u00f3ximo da Bol\u00edvia. Mas, na primeira sele\u00e7\u00e3o n\u00e3o fui contemplada. Nessa \u00e9poca, morei um per\u00edodo em Campinas, onde fiquei estudando portugu\u00eas e tentando ingressar na universidade. Mas, em janeiro de 1982, fui aprovada para cursar administra\u00e7\u00e3o na UFPB.\u00a0Eu n\u00e3o conhecia a Para\u00edba, mas, fiquei imensamente feliz por ter sido contemplada\u201d, relembra a professora Jacqueline.<\/p>\n<p>No in\u00edcio de 1982, em companhia da irm\u00e3, Jacqueline desembarcou em Jo\u00e3o Pessoa, onde teve que enfrentar nos primeiros dias o maior desafio at\u00e9 ent\u00e3o: lidar com a saudade da fam\u00edlia. Por\u00e9m, mesmo com a dificuldade de acostumar-se ao novo pa\u00eds, outra cultura, novos amigos, a jovem boliviana manteve-se firme no prop\u00f3sito de estudar e construir um novo cap\u00edtulo em sua vida e, para tanto, contou com o carinho de professores e colegas da universidade.<\/p>\n<p>Ao finalizar a gradua\u00e7\u00e3o retornou para a Bol\u00edvia, onde ingressou no Banco Central, seguindo os passos profissionais do pai. Mas o convite do ent\u00e3o coordenador da p\u00f3s-gradua\u00e7\u00e3o em Administra\u00e7\u00e3o da UFPB e o incentivo da m\u00e3e a fizeram voltar \u00e0 Para\u00edba para cursar o mestrado em Administra\u00e7\u00e3o. \u201cNo mestrado senti um impacto, achei dif\u00edcil! Antes, na gradua\u00e7\u00e3o, era muito carinho, muita amizade com os professores e colegas, e no mestrado eram outros professores, muitos livros para ler, um grande volume de atividades. Pensei em desistir. A\u00ed veio o coordenador para me motivar. Tamb\u00e9m fui amadurecendo, estudando. Continuei\u201d, recorda Jacqueline.<\/p>\n<p>Em 1986, por interm\u00e9dio do namorado de uma amiga boliviana, conheceu o marido. \u201cEle disse na \u00e9poca que iria casar comigo. Coisa de jovem. E eu gostei dele porque o achava muito alegre, gostava de ir para a praia, passear, ent\u00e3o ele foi me conquistando, tocava viol\u00e3o, cantava\u201d, relembra Jacqueline. Em 1987 casou com o paraibano Carlos Jos\u00e9 de Andrade, com quem teve os dois filhos: Carlos Hernando e Scarlet Augusta, e seguiu a trajet\u00f3ria no mestrado, que concluiu em 1990.<\/p>\n<p><strong>Rumos profissionais: a contribui\u00e7\u00e3o acad\u00eamica no Estado da Para\u00edba<\/strong><\/p>\n<p>O in\u00edcio da carreira acad\u00eamica da professora Jacqueline Barrancos foi no Unip\u00ea. Em pouco tempo tamb\u00e9m foi convidada a atuar como docente na Asper. Em 2002 foi aprovada no concurso para atuar no curso de Administra\u00e7\u00e3o do Campus I da UEPB, em Campina Grande. E em 2003 resolveu fazer o doutorado em Administra\u00e7\u00e3o.<\/p>\n<p>\u201cEu me achava t\u00e9cnica banc\u00e1ria, era isso que queria na \u00e9poca, mas fui me identificando com a carreira acad\u00eamica. Quando soube que ia abrir o Campus da UEPB em Jo\u00e3o Pessoa eu me envolvi, procurei contribuir ao m\u00e1ximo na formula\u00e7\u00e3o do curso de Arquivologia e trabalhei muito vendo as emendas e auxiliando nessa fase inicial. Fiquei respons\u00e1vel por componentes curriculares de Administra\u00e7\u00e3o do curso de Arquivologia e continuei ministrando componentes do curso de Administra\u00e7\u00e3o do Campus I. At\u00e9 que em 2006 aceitei o desafio de coordenar o curso e fiquei \u00e0 disposi\u00e7\u00e3o do Campus V. Tamb\u00e9m fui convidada a coordenar MBA em Administra\u00e7\u00e3o de Recursos Humanos. Em 2010 consegui meu remanejamento definitivo\u201d, recorda Jacqueline.<\/p>\n<p>A docente, que foi coordenadora do curso de Arquivologia no per\u00edodo da implanta\u00e7\u00e3o do Campus V em Jo\u00e3o Pessoa, acompanhou todo o processo de consolida\u00e7\u00e3o, busca por melhores condi\u00e7\u00f5es estruturais e luta por um campus pr\u00f3prio, e em 2015 foi homenageada pelas turmas concluintes do Centro de Ci\u00eancias Biol\u00f3gicas e Sociais Aplicadas tendo sido eleita a paraninfa do per\u00edodo 2015.1.<\/p>\n<p>Em agosto de 2018, ocasi\u00e3o do anivers\u00e1rio de 12 anos do Campus V, a docente foi informada da homenagem que seria prestada pela C\u00e2mara de Vereadores de Jo\u00e3o Pessoa por propositura da vereadora Sandra Marrocos. A docente destacou a emo\u00e7\u00e3o de receber tal condecora\u00e7\u00e3o, o que a fez reviver toda a trajet\u00f3ria ao longo dos anos na Para\u00edba.<\/p>\n<p>\u201cFoi uma surpresa e me emocionou porque passou pela minha cabe\u00e7a todo um filme do momento que eu tive que sair da Bol\u00edvia, deixar minhas ra\u00edzes e fui acolhida aqui. \u00c9 uma demonstra\u00e7\u00e3o de que meu trabalho extrapolou os muros da universidade e impactou de forma positiva as pessoas que passaram por mim. Eu me considero j\u00e1 uma brasileira, sou naturalizada. Eu sempre penso na minha cidade, mas, n\u00e3o consigo viver longe daqui, meu cora\u00e7\u00e3o \u00e9 dividido\u201d, frisou Jacqueline.<\/p>\n<p><strong>Texto e fotos:<\/strong><em> Juliana Marques<\/em><\/p>\n","protected":false},"excerpt":{"rendered":"<p>\u201cLutam melhor os que t\u00eam belos sonhos\u201d! Essa frase de Che Guevara, foi escolhida pela diretora do Campus V da Universidade Estadual da Para\u00edba (UEPB), professora Jacqueline Echeverr\u00eda Barrancos, para retratar sua trajet\u00f3ria de conquistas e supera\u00e7\u00e3o de obst\u00e1culos que culminou com a homenagem realizada pela C\u00e2mara de Vereadores de Jo\u00e3o Pessoa, na tarde desta <a class=\"leiamais\" href=\"https:\/\/centros.uepb.edu.br\/ccbsa\/professora-jacqueline-echeverria-barrancos-e-homenageada-na-camara-de-vereadores-com-o-titulo-de-cidada-pessoense\/\">Leia Mais&#8230;<\/a><\/p>\n","protected":false},"author":8,"featured_media":5592,"comment_status":"closed","ping_status":"closed","sticky":false,"template":"","format":"standard","meta":{"footnotes":""},"categories":[3,11],"tags":[],"class_list":["post-5590","post","type-post","status-publish","format-standard","has-post-thumbnail","hentry","category-noticias","category-noticias-destaque-img"],"jetpack_featured_media_url":"https:\/\/centros.uepb.edu.br\/ccbsa\/files\/2018\/12\/IMG_3107.jpg","_links":{"self":[{"href":"https:\/\/centros.uepb.edu.br\/ccbsa\/wp-json\/wp\/v2\/posts\/5590","targetHints":{"allow":["GET"]}}],"collection":[{"href":"https:\/\/centros.uepb.edu.br\/ccbsa\/wp-json\/wp\/v2\/posts"}],"about":[{"href":"https:\/\/centros.uepb.edu.br\/ccbsa\/wp-json\/wp\/v2\/types\/post"}],"author":[{"embeddable":true,"href":"https:\/\/centros.uepb.edu.br\/ccbsa\/wp-json\/wp\/v2\/users\/8"}],"replies":[{"embeddable":true,"href":"https:\/\/centros.uepb.edu.br\/ccbsa\/wp-json\/wp\/v2\/comments?post=5590"}],"version-history":[{"count":0,"href":"https:\/\/centros.uepb.edu.br\/ccbsa\/wp-json\/wp\/v2\/posts\/5590\/revisions"}],"wp:featuredmedia":[{"embeddable":true,"href":"https:\/\/centros.uepb.edu.br\/ccbsa\/wp-json\/wp\/v2\/media\/5592"}],"wp:attachment":[{"href":"https:\/\/centros.uepb.edu.br\/ccbsa\/wp-json\/wp\/v2\/media?parent=5590"}],"wp:term":[{"taxonomy":"category","embeddable":true,"href":"https:\/\/centros.uepb.edu.br\/ccbsa\/wp-json\/wp\/v2\/categories?post=5590"},{"taxonomy":"post_tag","embeddable":true,"href":"https:\/\/centros.uepb.edu.br\/ccbsa\/wp-json\/wp\/v2\/tags?post=5590"}],"curies":[{"name":"wp","href":"https:\/\/api.w.org\/{rel}","templated":true}]}}