{"id":5552,"date":"2018-11-13T11:34:36","date_gmt":"2018-11-13T11:34:36","guid":{"rendered":"https:\/\/centros.uepb.edu.br\/ccbsa\/?p=5552"},"modified":"2018-11-13T11:34:36","modified_gmt":"2018-11-13T11:34:36","slug":"professores-e-estudantes-da-uepb-apresentam-projetos-e-ministram-atividades-durante-a-expotec-2018","status":"publish","type":"post","link":"https:\/\/centros.uepb.edu.br\/ccbsa\/professores-e-estudantes-da-uepb-apresentam-projetos-e-ministram-atividades-durante-a-expotec-2018\/","title":{"rendered":"Professores e estudantes da UEPB apresentam projetos e ministram atividades durante a Expotec 2018"},"content":{"rendered":"\n\t\t<style type=\"text\/css\">\n\t\t\t#gallery-1 {\n\t\t\t\tmargin: auto;\n\t\t\t}\n\t\t\t#gallery-1 .gallery-item {\n\t\t\t\tfloat: left;\n\t\t\t\tmargin-top: 10px;\n\t\t\t\ttext-align: center;\n\t\t\t\twidth: 33%;\n\t\t\t}\n\t\t\t#gallery-1 img {\n\t\t\t\tborder: 2px solid #cfcfcf;\n\t\t\t}\n\t\t\t#gallery-1 .gallery-caption {\n\t\t\t\tmargin-left: 0;\n\t\t\t}\n\t\t\t\/* see gallery_shortcode() in wp-includes\/media.php *\/\n\t\t<\/style>\n\t\t<div id='gallery-1' class='gallery galleryid-5552 gallery-columns-3 gallery-size-full'><dl class='gallery-item'>\n\t\t\t<dt class='gallery-icon landscape'>\n\t\t\t\t<a href='https:\/\/centros.uepb.edu.br\/ccbsa\/files\/2018\/11\/IMG_3015.jpg'><img loading=\"lazy\" decoding=\"async\" width=\"840\" height=\"454\" src=\"https:\/\/centros.uepb.edu.br\/ccbsa\/files\/2018\/11\/IMG_3015.jpg\" class=\"attachment-full size-full\" alt=\"\" srcset=\"https:\/\/centros.uepb.edu.br\/ccbsa\/files\/2018\/11\/IMG_3015.jpg 840w, https:\/\/centros.uepb.edu.br\/ccbsa\/files\/2018\/11\/IMG_3015-300x162.jpg 300w, https:\/\/centros.uepb.edu.br\/ccbsa\/files\/2018\/11\/IMG_3015-768x415.jpg 768w, https:\/\/centros.uepb.edu.br\/ccbsa\/files\/2018\/11\/IMG_3015-370x200.jpg 370w\" sizes=\"auto, (max-width: 840px) 100vw, 840px\" \/><\/a>\n\t\t\t<\/dt><\/dl><dl class='gallery-item'>\n\t\t\t<dt class='gallery-icon landscape'>\n\t\t\t\t<a href='https:\/\/centros.uepb.edu.br\/ccbsa\/files\/2018\/11\/IMG_3039.jpg'><img loading=\"lazy\" decoding=\"async\" width=\"840\" height=\"454\" src=\"https:\/\/centros.uepb.edu.br\/ccbsa\/files\/2018\/11\/IMG_3039.jpg\" class=\"attachment-full size-full\" alt=\"\" srcset=\"https:\/\/centros.uepb.edu.br\/ccbsa\/files\/2018\/11\/IMG_3039.jpg 840w, https:\/\/centros.uepb.edu.br\/ccbsa\/files\/2018\/11\/IMG_3039-300x162.jpg 300w, https:\/\/centros.uepb.edu.br\/ccbsa\/files\/2018\/11\/IMG_3039-768x415.jpg 768w, https:\/\/centros.uepb.edu.br\/ccbsa\/files\/2018\/11\/IMG_3039-370x200.jpg 370w\" sizes=\"auto, (max-width: 840px) 100vw, 840px\" \/><\/a>\n\t\t\t<\/dt><\/dl><dl class='gallery-item'>\n\t\t\t<dt class='gallery-icon landscape'>\n\t\t\t\t<a href='https:\/\/centros.uepb.edu.br\/ccbsa\/files\/2018\/11\/IMG_3042.jpg'><img loading=\"lazy\" decoding=\"async\" width=\"840\" height=\"454\" src=\"https:\/\/centros.uepb.edu.br\/ccbsa\/files\/2018\/11\/IMG_3042.jpg\" class=\"attachment-full size-full\" alt=\"\" srcset=\"https:\/\/centros.uepb.edu.br\/ccbsa\/files\/2018\/11\/IMG_3042.jpg 840w, https:\/\/centros.uepb.edu.br\/ccbsa\/files\/2018\/11\/IMG_3042-300x162.jpg 300w, https:\/\/centros.uepb.edu.br\/ccbsa\/files\/2018\/11\/IMG_3042-768x415.jpg 768w, https:\/\/centros.uepb.edu.br\/ccbsa\/files\/2018\/11\/IMG_3042-370x200.jpg 370w\" sizes=\"auto, (max-width: 840px) 100vw, 840px\" \/><\/a>\n\t\t\t<\/dt><\/dl><br style=\"clear: both\" \/><dl class='gallery-item'>\n\t\t\t<dt class='gallery-icon landscape'>\n\t\t\t\t<a href='https:\/\/centros.uepb.edu.br\/ccbsa\/files\/2018\/11\/bf2f04d6-0f58-45ab-9fb0-fa9ff3d62782.jpg'><img loading=\"lazy\" decoding=\"async\" width=\"840\" height=\"454\" src=\"https:\/\/centros.uepb.edu.br\/ccbsa\/files\/2018\/11\/bf2f04d6-0f58-45ab-9fb0-fa9ff3d62782.jpg\" class=\"attachment-full size-full\" alt=\"\" srcset=\"https:\/\/centros.uepb.edu.br\/ccbsa\/files\/2018\/11\/bf2f04d6-0f58-45ab-9fb0-fa9ff3d62782.jpg 840w, https:\/\/centros.uepb.edu.br\/ccbsa\/files\/2018\/11\/bf2f04d6-0f58-45ab-9fb0-fa9ff3d62782-300x162.jpg 300w, https:\/\/centros.uepb.edu.br\/ccbsa\/files\/2018\/11\/bf2f04d6-0f58-45ab-9fb0-fa9ff3d62782-768x415.jpg 768w, https:\/\/centros.uepb.edu.br\/ccbsa\/files\/2018\/11\/bf2f04d6-0f58-45ab-9fb0-fa9ff3d62782-370x200.jpg 370w\" sizes=\"auto, (max-width: 840px) 100vw, 840px\" \/><\/a>\n\t\t\t<\/dt><\/dl><dl class='gallery-item'>\n\t\t\t<dt class='gallery-icon landscape'>\n\t\t\t\t<a href='https:\/\/centros.uepb.edu.br\/ccbsa\/files\/2018\/11\/IMG_2996.jpg'><img loading=\"lazy\" decoding=\"async\" width=\"840\" height=\"454\" src=\"https:\/\/centros.uepb.edu.br\/ccbsa\/files\/2018\/11\/IMG_2996.jpg\" class=\"attachment-full size-full\" alt=\"\" srcset=\"https:\/\/centros.uepb.edu.br\/ccbsa\/files\/2018\/11\/IMG_2996.jpg 840w, https:\/\/centros.uepb.edu.br\/ccbsa\/files\/2018\/11\/IMG_2996-300x162.jpg 300w, https:\/\/centros.uepb.edu.br\/ccbsa\/files\/2018\/11\/IMG_2996-768x415.jpg 768w, https:\/\/centros.uepb.edu.br\/ccbsa\/files\/2018\/11\/IMG_2996-370x200.jpg 370w\" sizes=\"auto, (max-width: 840px) 100vw, 840px\" \/><\/a>\n\t\t\t<\/dt><\/dl><dl class='gallery-item'>\n\t\t\t<dt class='gallery-icon landscape'>\n\t\t\t\t<a href='https:\/\/centros.uepb.edu.br\/ccbsa\/files\/2018\/11\/IMG_2985.jpg'><img loading=\"lazy\" decoding=\"async\" width=\"840\" height=\"454\" src=\"https:\/\/centros.uepb.edu.br\/ccbsa\/files\/2018\/11\/IMG_2985.jpg\" class=\"attachment-full size-full\" alt=\"\" srcset=\"https:\/\/centros.uepb.edu.br\/ccbsa\/files\/2018\/11\/IMG_2985.jpg 840w, https:\/\/centros.uepb.edu.br\/ccbsa\/files\/2018\/11\/IMG_2985-300x162.jpg 300w, https:\/\/centros.uepb.edu.br\/ccbsa\/files\/2018\/11\/IMG_2985-768x415.jpg 768w, https:\/\/centros.uepb.edu.br\/ccbsa\/files\/2018\/11\/IMG_2985-370x200.jpg 370w\" sizes=\"auto, (max-width: 840px) 100vw, 840px\" \/><\/a>\n\t\t\t<\/dt><\/dl><br style=\"clear: both\" \/><dl class='gallery-item'>\n\t\t\t<dt class='gallery-icon landscape'>\n\t\t\t\t<a href='https:\/\/centros.uepb.edu.br\/ccbsa\/files\/2018\/11\/IMG_2983.jpg'><img loading=\"lazy\" decoding=\"async\" width=\"840\" height=\"454\" src=\"https:\/\/centros.uepb.edu.br\/ccbsa\/files\/2018\/11\/IMG_2983.jpg\" class=\"attachment-full size-full\" alt=\"\" srcset=\"https:\/\/centros.uepb.edu.br\/ccbsa\/files\/2018\/11\/IMG_2983.jpg 840w, https:\/\/centros.uepb.edu.br\/ccbsa\/files\/2018\/11\/IMG_2983-300x162.jpg 300w, https:\/\/centros.uepb.edu.br\/ccbsa\/files\/2018\/11\/IMG_2983-768x415.jpg 768w, https:\/\/centros.uepb.edu.br\/ccbsa\/files\/2018\/11\/IMG_2983-370x200.jpg 370w\" sizes=\"auto, (max-width: 840px) 100vw, 840px\" \/><\/a>\n\t\t\t<\/dt><\/dl><dl class='gallery-item'>\n\t\t\t<dt class='gallery-icon landscape'>\n\t\t\t\t<a href='https:\/\/centros.uepb.edu.br\/ccbsa\/files\/2018\/11\/IMG_2972.jpg'><img loading=\"lazy\" decoding=\"async\" width=\"840\" height=\"454\" src=\"https:\/\/centros.uepb.edu.br\/ccbsa\/files\/2018\/11\/IMG_2972.jpg\" class=\"attachment-full size-full\" alt=\"\" srcset=\"https:\/\/centros.uepb.edu.br\/ccbsa\/files\/2018\/11\/IMG_2972.jpg 840w, https:\/\/centros.uepb.edu.br\/ccbsa\/files\/2018\/11\/IMG_2972-300x162.jpg 300w, https:\/\/centros.uepb.edu.br\/ccbsa\/files\/2018\/11\/IMG_2972-768x415.jpg 768w, https:\/\/centros.uepb.edu.br\/ccbsa\/files\/2018\/11\/IMG_2972-370x200.jpg 370w\" sizes=\"auto, (max-width: 840px) 100vw, 840px\" \/><\/a>\n\t\t\t<\/dt><\/dl><dl class='gallery-item'>\n\t\t\t<dt class='gallery-icon landscape'>\n\t\t\t\t<a href='https:\/\/centros.uepb.edu.br\/ccbsa\/files\/2018\/11\/IMG_2966.jpg'><img loading=\"lazy\" decoding=\"async\" width=\"840\" height=\"454\" src=\"https:\/\/centros.uepb.edu.br\/ccbsa\/files\/2018\/11\/IMG_2966.jpg\" class=\"attachment-full size-full\" alt=\"\" srcset=\"https:\/\/centros.uepb.edu.br\/ccbsa\/files\/2018\/11\/IMG_2966.jpg 840w, https:\/\/centros.uepb.edu.br\/ccbsa\/files\/2018\/11\/IMG_2966-300x162.jpg 300w, https:\/\/centros.uepb.edu.br\/ccbsa\/files\/2018\/11\/IMG_2966-768x415.jpg 768w, https:\/\/centros.uepb.edu.br\/ccbsa\/files\/2018\/11\/IMG_2966-370x200.jpg 370w\" sizes=\"auto, (max-width: 840px) 100vw, 840px\" \/><\/a>\n\t\t\t<\/dt><\/dl><br style=\"clear: both\" \/><dl class='gallery-item'>\n\t\t\t<dt class='gallery-icon landscape'>\n\t\t\t\t<a href='https:\/\/centros.uepb.edu.br\/ccbsa\/files\/2018\/11\/IMG_2950.jpg'><img loading=\"lazy\" decoding=\"async\" width=\"840\" height=\"454\" src=\"https:\/\/centros.uepb.edu.br\/ccbsa\/files\/2018\/11\/IMG_2950.jpg\" class=\"attachment-full size-full\" alt=\"\" srcset=\"https:\/\/centros.uepb.edu.br\/ccbsa\/files\/2018\/11\/IMG_2950.jpg 840w, https:\/\/centros.uepb.edu.br\/ccbsa\/files\/2018\/11\/IMG_2950-300x162.jpg 300w, https:\/\/centros.uepb.edu.br\/ccbsa\/files\/2018\/11\/IMG_2950-768x415.jpg 768w, https:\/\/centros.uepb.edu.br\/ccbsa\/files\/2018\/11\/IMG_2950-370x200.jpg 370w\" sizes=\"auto, (max-width: 840px) 100vw, 840px\" \/><\/a>\n\t\t\t<\/dt><\/dl><dl class='gallery-item'>\n\t\t\t<dt class='gallery-icon landscape'>\n\t\t\t\t<a href='https:\/\/centros.uepb.edu.br\/ccbsa\/files\/2018\/11\/IMG_2946.jpg'><img loading=\"lazy\" decoding=\"async\" width=\"840\" height=\"454\" src=\"https:\/\/centros.uepb.edu.br\/ccbsa\/files\/2018\/11\/IMG_2946.jpg\" class=\"attachment-full size-full\" alt=\"\" srcset=\"https:\/\/centros.uepb.edu.br\/ccbsa\/files\/2018\/11\/IMG_2946.jpg 840w, https:\/\/centros.uepb.edu.br\/ccbsa\/files\/2018\/11\/IMG_2946-300x162.jpg 300w, https:\/\/centros.uepb.edu.br\/ccbsa\/files\/2018\/11\/IMG_2946-768x415.jpg 768w, https:\/\/centros.uepb.edu.br\/ccbsa\/files\/2018\/11\/IMG_2946-370x200.jpg 370w\" sizes=\"auto, (max-width: 840px) 100vw, 840px\" \/><\/a>\n\t\t\t<\/dt><\/dl><dl class='gallery-item'>\n\t\t\t<dt class='gallery-icon landscape'>\n\t\t\t\t<a href='https:\/\/centros.uepb.edu.br\/ccbsa\/files\/2018\/11\/IMG_2998.jpg'><img loading=\"lazy\" decoding=\"async\" width=\"840\" height=\"454\" src=\"https:\/\/centros.uepb.edu.br\/ccbsa\/files\/2018\/11\/IMG_2998.jpg\" class=\"attachment-full size-full\" alt=\"\" srcset=\"https:\/\/centros.uepb.edu.br\/ccbsa\/files\/2018\/11\/IMG_2998.jpg 840w, https:\/\/centros.uepb.edu.br\/ccbsa\/files\/2018\/11\/IMG_2998-300x162.jpg 300w, https:\/\/centros.uepb.edu.br\/ccbsa\/files\/2018\/11\/IMG_2998-768x415.jpg 768w, https:\/\/centros.uepb.edu.br\/ccbsa\/files\/2018\/11\/IMG_2998-370x200.jpg 370w\" sizes=\"auto, (max-width: 840px) 100vw, 840px\" \/><\/a>\n\t\t\t<\/dt><\/dl><br style=\"clear: both\" \/>\n\t\t<\/div>\n\n<p>Obsol\u00eancia de equipamentos eletr\u00f4nicos, modelo de neg\u00f3cios para empreender e ferramentas de fiscaliza\u00e7\u00e3o da gest\u00e3o contempor\u00e2nea foram alguns dos temas abordados pela Universidade Estadual da Para\u00edba (UEPB) na Expotec 2018 \u2013 Feira de Inova\u00e7\u00e3o, realizada entre os dias 6 e 10 de novembro, no Centro de Conven\u00e7\u00f5es de Jo\u00e3o Pessoa.<\/p>\n<p>Diversos pesquisadores da UEPB e convidados de outras institui\u00e7\u00f5es estiveram no stand da Institui\u00e7\u00e3o discutindo temas diversos relacionados \u00e0 tecnologia. O professor do Departamento de Administra\u00e7\u00e3o e Economia da UEPB, Geraldo Medeiros, apresentou uma reflex\u00e3o sobre as ferramentas de acompanhamento da gest\u00e3o, com foco no Sistema de Informa\u00e7\u00f5es sobre Or\u00e7amentos P\u00fablicos em Sa\u00fade (SIOPS).<\/p>\n<p>\u201cAo longo de d\u00e9cadas, desde o surgimento do Sistema \u00danico de Sa\u00fade (SUS), houve um avan\u00e7o bastante significativo na transpar\u00eancia na divulga\u00e7\u00e3o de instrumentos de gest\u00e3o, mas, nem sempre a popula\u00e7\u00e3o teve acesso a esses sistemas. O SIOPS j\u00e1 existe h\u00e1 pelo menos 15 anos e mesmo assim a popula\u00e7\u00e3o n\u00e3o conhece o sistema e uma tarefa nossa \u00e9 levar isso para popula\u00e7\u00e3o, fazer com que a popula\u00e7\u00e3o entenda as ferramentas e sistemas e possibilitar o controle social, a presen\u00e7a da sociedade cobrando dos gestores a melhoria uma melhor utiliza\u00e7\u00e3o dos recursos da sa\u00fade\u201d, avalia o professor Geraldo.<\/p>\n<p>Os integrantes do projeto \u201cEmpreendedorismo em organiza\u00e7\u00f5es arquiv\u00edsticas e bibliotecas: an\u00e1lise do impacto do modelo de neg\u00f3cio CANVA em \u00f3rg\u00e3os p\u00fablicos da cidade de Jo\u00e3o Pessoa-PB\u201d, vinculado ao curso de Arquivologia do C\u00e2mpus V da UEPB e desenvolvido em parceria com o SEBRAE, apresentaram na feira as possibilidades de implementa\u00e7\u00e3o do modelo de neg\u00f3cios CANVA como forma de impulsionar a gest\u00e3o de empreendimentos em diversas \u00e1reas.<\/p>\n<p>\u201cApresentamos uma forma de sobreviver para qualquer tipo de neg\u00f3cio que voc\u00ea queira implementar, dividido em 9 partes que permitem visualizar numa representa\u00e7\u00e3o gr\u00e1fica tudo que \u00e9 preciso trabalhar na empresa [Segmento de Clientes, Proposta de Valor, Canais, Rela\u00e7\u00e3o com os Clientes, Fluxo de Rendimento, Recursos-Chave, Atividades-Chave, Parcerias-Chave, Estrutura de Custos]. \u00c9 interessante porque voc\u00ea pode resumir tudo que voc\u00ea precisa na \u00e1rea de neg\u00f3cios independente da \u00e1rea de atua\u00e7\u00e3o. At\u00e9 do ponto de vista pessoal, para projetar a carreira, por exemplo, \u00e9 poss\u00edvel utilizar esse modelo. E \u00e9 incr\u00edvel porque as organiza\u00e7\u00f5es s\u00e3o muito complexas com diversas vari\u00e1veis ent\u00e3o dificilmente voc\u00ea enxerga o que acontece em uma organiza\u00e7\u00e3o de grande porte\u201d, destaca a coordenadora do projeto, professora Jacqueline Echeverr\u00eda Barrancos.<\/p>\n<p>O diplomata Ernesto Batista Mane J\u00fanior, que atua no Minist\u00e9rio das Rela\u00e7\u00f5es Exteriores, tamb\u00e9m foi convidado para um bate papo no stand da UEPB sobre a interface entre pol\u00edtica e tecnologia. \u201cAs rela\u00e7\u00f5es internacionais e diplomacia permeiam todas as rela\u00e7\u00f5es humanas, ent\u00e3o no cen\u00e1rio tecnol\u00f3gico tamb\u00e9m h\u00e1 uma rela\u00e7\u00e3o que estamos discutindo hoje e que nos permite expandir os horizontes desse p\u00fablico presente no evento. Com essa mesma perspectiva, foi apresentado o \u201cMundi Virtual\u201d, uma experi\u00eancia do Modelo Universit\u00e1rio de Diplomacia, vinculado ao curso de Rela\u00e7\u00f5es Internacionais e Centro de Estudos Avan\u00e7ados em Pol\u00edticas P\u00fablicas e Governan\u00e7a, disponibilizado para os participantes do evento. Na oportunidade o p\u00fablico que esteve na feira p\u00f4de conhecer as possibilidades de negocia\u00e7\u00f5es diplom\u00e1ticas utilizando plataformas digitais como Twitter e Whatsapp.<\/p>\n<p>\u201cO mundo tecnol\u00f3gico tamb\u00e9m est\u00e1 em discuss\u00e3o no n\u00edvel internacional e todas as decis\u00f5es que ocorrem sobre patentes, cess\u00e3o de tecnologia, acordos de coopera\u00e7\u00e3o t\u00e9cnica, tudo isso interfere na vida desse p\u00fablico da EXPOTEC, formado sobretudo por jovens cientistas ou quem realmente lida com essas quest\u00f5es tecnol\u00f3gicas. Ent\u00e3o, por um lado, eles se familiarizaram com essa outra dimens\u00e3o que \u00e9 a dimens\u00e3o pol\u00edtica internacional e como essa pol\u00edtica interfere na vida deles, inclusive na produ\u00e7\u00e3o tecnol\u00f3gica dos pa\u00edses e, por outro lado, \u00e9 uma maneira de usar a tecnologia a favor da educa\u00e7\u00e3o, como podemos aproveitar esses alunos que conhecem todos os apps e fazer com que eles aprendam a usar essa tecnologia a favor deles\u201d, avalia a coordenadora do Mundi, professora Raquel Melo.<\/p>\n<p>O projeto de extens\u00e3o \u201cCineclube do C\u00e2mpus V\u201d, coordenado pelo professor Filipe Reis, realizou uma exibi\u00e7\u00e3o do document\u00e1rio \u201cObsolesc\u00eancia programada\u201d, uma cr\u00edtica ao modelo em vigor na atualidade que permite que equipamentos deixem de funcionar e fiquem obsoletos numa data programada. O curso de Ci\u00eancias Biol\u00f3gicas do CCBSA esteve durante o toda a feira com um stand destinado a apresentar as plataformas digitais que podem ser utilizadas para monitoramento do ecossistema terrestre: Google Earth, Site do Instituto Nacional de Pesquisas Espaciais (INPE) e Earth Data (Nasa). Por meio destes recursos \u00e9 poss\u00edvel verificar o clima, qualidade da vegeta\u00e7\u00e3o, desmatamento, em todo o pa\u00eds.<\/p>\n<p>Tamb\u00e9m esteve presente no evento o projeto de extens\u00e3o \u201cColeta Seletiva Solid\u00e1ria\u201d, coordenado pela professora Maria de F\u00e1tima Ara\u00fajo, do Centro de Ci\u00eancias Biol\u00f3gicas e Sociais Aplicadas (CCBSA), que al\u00e9m de um local de atendimento na feira, promoveu a palestra \u201cO desafio do lixo na contemporaneidade: alternativas e solu\u00e7\u00f5es para o Brasil\u201d e a oficina de educa\u00e7\u00e3o ambiental e coleta seletiva solid\u00e1ria, que contou com a participa\u00e7\u00e3o da gestora ambiental da Empresa Paraibana de Abastecimento e Servi\u00e7os Agr\u00edcolas (EMPASA), Silvana Alves.<\/p>\n<p>O projeto ainda foi respons\u00e1vel por gerenciar todos os res\u00edduos produzidos durante o evento, atrav\u00e9s da parceria com as cooperativas de catadores de res\u00edduos de Jo\u00e3o Pessoa: Associa\u00e7\u00e3o de Catadores de Mangabeira, Associa\u00e7\u00e3o de Catadores do Timb\u00f3, Acordo Verde, Astramare e Catajampa, que fizeram a sele\u00e7\u00e3o dos res\u00edduos, a pesagem e destinaram o material para a cadeia produtiva dos catadores, gerando renda para a comunidade atendida pelo projeto da UEPB. E a equipe do projeto, que re\u00fane mais de 30 discentes de Ci\u00eancias Biol\u00f3gicas e Rela\u00e7\u00f5es Internacionais da UEPB, al\u00e9m de dois discentes da UFPB, esteve acompanhando o trabalho dos catadores e orientando o p\u00fablico presente na EXPOTEC para destinar corretamente o lixo a ser descartado.<\/p>\n<p>O coordenador do curso de Arquivologia do C\u00e2mpus V, professor Henrique Fran\u00e7a, tamb\u00e9m ministrou, na manh\u00e3 desta quarta-feira (7), a palestra \u201cUso da tecnologia no acompanhamento e fiscaliza\u00e7\u00e3o da gest\u00e3o p\u00fablica\u201d. Na oportunidade, o docente discutiu a import\u00e2ncia das plataformas e mecanismos de fiscaliza\u00e7\u00e3o da gest\u00e3o p\u00fablica, educa\u00e7\u00e3o e participa\u00e7\u00e3o pol\u00edtica, tais como a \u201cOpera\u00e7\u00e3o Serenata de Amor\u201d, o \u201cPolitize\u201d, o \u201cAplicativo Mudamos\u201d, entre outros.<\/p>\n<p>\u201c\u00c9 importante que o cidad\u00e3o saiba como pode acompanhar a gest\u00e3o p\u00fablica de forma eficiente porque muita gente acompanha pela TV, pelos sites, mas para ir al\u00e9m e ter dados a gente precisa buscar outras fontes, mas, para isso \u00e9 necess\u00e1rio sair da passividade e tornar-se proativo. Nesse per\u00edodo em que falamos muito sobre fakenews, o conceito de p\u00f3s-verdade est\u00e1 t\u00e3o presente, precisamos utilizar o universo tecnol\u00f3gico para nos ajudar. \u00c9 importante nos tornarmos cidad\u00e3os mais ativos nesse processo e buscar informa\u00e7\u00e3o, checar, acompanhar e fiscalizar\u201d explica o professor Henrique Fran\u00e7a. A equipe, ligada ao projeto de extens\u00e3o MUDDE\/FARPAS, do C\u00e2mpus da UEPB, esteve com um espa\u00e7o no evento destinado a apresentar ao p\u00fablico jogos de tabuleiro voltados \u00e0 participa\u00e7\u00e3o cidad\u00e3o nos encaminhamentos pol\u00edticos.<\/p>\n<p>No stand da UEPB foi montado um espa\u00e7o de participa\u00e7\u00e3o popular que suscitou uma reflex\u00e3o sobre os 17 objetivos de desenvolvimento sustent\u00e1vel da Organiza\u00e7\u00e3o das Na\u00e7\u00f5es Unidas. No local foi afixado um questionamento sobre \u201ccomo podemos ajudar a implementar os objetivos de desenvolvimento sustent\u00e1vel?\u201d. Os visitantes da feira puderam responder \u00e0 quest\u00e3o e afixar as respostas no painel que foi montado. \u201cA ideia \u00e9 conscientizar a sociedade que n\u00f3s podemos implementar aqueles objetivos, n\u00e3o precisamos esperar s\u00f3 pelo Governo. Ap\u00f3s o evento vamos compilar as sugest\u00f5es, colocadas de maneira an\u00f4nima, e vamos elaborar um termo de compromisso para ser encaminhados para a reitoria da UEPB, prefeituras municipais de Jo\u00e3o Pessoa e Campina Grande, autoridades, para que se comprometam a implementar esses objetivos\u201d, explicou a professora do curso de Rela\u00e7\u00f5es Internacionais da UEPB, Lucila Vilhena.<\/p>\n<p>Promovido pela Associa\u00e7\u00e3o Nacional para Inclus\u00e3o Digital (Anid), a EXPOTEC contou com a parceria da UEPB, Governo do Estado da Para\u00edba, universidades p\u00fablicas da Para\u00edba, entre outras institui\u00e7\u00f5es, que participaram da exposi\u00e7\u00e3o de projetos de inova\u00e7\u00e3o, e integraram a programa\u00e7\u00e3o do evento com 63 palestras e 18 oficinas.<\/p>\n<p><em><strong>Texto e fotos:<\/strong> Juliana Marques<\/em><\/p>\n","protected":false},"excerpt":{"rendered":"<p>Obsol\u00eancia de equipamentos eletr\u00f4nicos, modelo de neg\u00f3cios para empreender e ferramentas de fiscaliza\u00e7\u00e3o da gest\u00e3o contempor\u00e2nea foram alguns dos temas abordados pela Universidade Estadual da Para\u00edba (UEPB) na Expotec 2018 \u2013 Feira de Inova\u00e7\u00e3o, realizada entre os dias 6 e 10 de novembro, no Centro de Conven\u00e7\u00f5es de Jo\u00e3o Pessoa. Diversos pesquisadores da UEPB e <a class=\"leiamais\" href=\"https:\/\/centros.uepb.edu.br\/ccbsa\/professores-e-estudantes-da-uepb-apresentam-projetos-e-ministram-atividades-durante-a-expotec-2018\/\">Leia Mais&#8230;<\/a><\/p>\n","protected":false},"author":8,"featured_media":5555,"comment_status":"closed","ping_status":"closed","sticky":false,"template":"","format":"standard","meta":{"footnotes":""},"categories":[3,11],"tags":[],"class_list":["post-5552","post","type-post","status-publish","format-standard","has-post-thumbnail","hentry","category-noticias","category-noticias-destaque-img"],"jetpack_featured_media_url":"https:\/\/centros.uepb.edu.br\/ccbsa\/files\/2018\/11\/IMG_3042.jpg","_links":{"self":[{"href":"https:\/\/centros.uepb.edu.br\/ccbsa\/wp-json\/wp\/v2\/posts\/5552","targetHints":{"allow":["GET"]}}],"collection":[{"href":"https:\/\/centros.uepb.edu.br\/ccbsa\/wp-json\/wp\/v2\/posts"}],"about":[{"href":"https:\/\/centros.uepb.edu.br\/ccbsa\/wp-json\/wp\/v2\/types\/post"}],"author":[{"embeddable":true,"href":"https:\/\/centros.uepb.edu.br\/ccbsa\/wp-json\/wp\/v2\/users\/8"}],"replies":[{"embeddable":true,"href":"https:\/\/centros.uepb.edu.br\/ccbsa\/wp-json\/wp\/v2\/comments?post=5552"}],"version-history":[{"count":0,"href":"https:\/\/centros.uepb.edu.br\/ccbsa\/wp-json\/wp\/v2\/posts\/5552\/revisions"}],"wp:featuredmedia":[{"embeddable":true,"href":"https:\/\/centros.uepb.edu.br\/ccbsa\/wp-json\/wp\/v2\/media\/5555"}],"wp:attachment":[{"href":"https:\/\/centros.uepb.edu.br\/ccbsa\/wp-json\/wp\/v2\/media?parent=5552"}],"wp:term":[{"taxonomy":"category","embeddable":true,"href":"https:\/\/centros.uepb.edu.br\/ccbsa\/wp-json\/wp\/v2\/categories?post=5552"},{"taxonomy":"post_tag","embeddable":true,"href":"https:\/\/centros.uepb.edu.br\/ccbsa\/wp-json\/wp\/v2\/tags?post=5552"}],"curies":[{"name":"wp","href":"https:\/\/api.w.org\/{rel}","templated":true}]}}