{"id":5531,"date":"2018-11-07T17:16:52","date_gmt":"2018-11-07T17:16:52","guid":{"rendered":"https:\/\/centros.uepb.edu.br\/ccbsa\/?p=5531"},"modified":"2018-11-07T17:16:52","modified_gmt":"2018-11-07T17:16:52","slug":"uepb-participa-de-expotec-com-exposicao-de-projetos-de-pesquisa-e-extensao-oficinas-e-palestras-em-varios-eixos-tematicos","status":"publish","type":"post","link":"https:\/\/centros.uepb.edu.br\/ccbsa\/uepb-participa-de-expotec-com-exposicao-de-projetos-de-pesquisa-e-extensao-oficinas-e-palestras-em-varios-eixos-tematicos\/","title":{"rendered":"UEPB participa de EXPOTEC com exposi\u00e7\u00e3o de projetos de pesquisa e extens\u00e3o, oficinas e palestras em v\u00e1rios eixos tem\u00e1ticos"},"content":{"rendered":"\n\t\t<style type=\"text\/css\">\n\t\t\t#gallery-1 {\n\t\t\t\tmargin: auto;\n\t\t\t}\n\t\t\t#gallery-1 .gallery-item {\n\t\t\t\tfloat: left;\n\t\t\t\tmargin-top: 10px;\n\t\t\t\ttext-align: center;\n\t\t\t\twidth: 33%;\n\t\t\t}\n\t\t\t#gallery-1 img {\n\t\t\t\tborder: 2px solid #cfcfcf;\n\t\t\t}\n\t\t\t#gallery-1 .gallery-caption {\n\t\t\t\tmargin-left: 0;\n\t\t\t}\n\t\t\t\/* see gallery_shortcode() in wp-includes\/media.php *\/\n\t\t<\/style>\n\t\t<div id='gallery-1' class='gallery galleryid-5531 gallery-columns-3 gallery-size-full'><dl class='gallery-item'>\n\t\t\t<dt class='gallery-icon landscape'>\n\t\t\t\t<a href='https:\/\/centros.uepb.edu.br\/ccbsa\/uepb-participa-de-expotec-com-exposicao-de-projetos-de-pesquisa-e-extensao-oficinas-e-palestras-em-varios-eixos-tematicos\/img_2946\/'><img loading=\"lazy\" decoding=\"async\" width=\"840\" height=\"454\" src=\"https:\/\/centros.uepb.edu.br\/ccbsa\/files\/2018\/11\/IMG_2946.jpg\" class=\"attachment-full size-full\" alt=\"\" srcset=\"https:\/\/centros.uepb.edu.br\/ccbsa\/files\/2018\/11\/IMG_2946.jpg 840w, https:\/\/centros.uepb.edu.br\/ccbsa\/files\/2018\/11\/IMG_2946-300x162.jpg 300w, https:\/\/centros.uepb.edu.br\/ccbsa\/files\/2018\/11\/IMG_2946-768x415.jpg 768w, https:\/\/centros.uepb.edu.br\/ccbsa\/files\/2018\/11\/IMG_2946-370x200.jpg 370w\" sizes=\"auto, (max-width: 840px) 100vw, 840px\" \/><\/a>\n\t\t\t<\/dt><\/dl><dl class='gallery-item'>\n\t\t\t<dt class='gallery-icon landscape'>\n\t\t\t\t<a href='https:\/\/centros.uepb.edu.br\/ccbsa\/uepb-participa-de-expotec-com-exposicao-de-projetos-de-pesquisa-e-extensao-oficinas-e-palestras-em-varios-eixos-tematicos\/img_2950\/'><img loading=\"lazy\" decoding=\"async\" width=\"840\" height=\"454\" src=\"https:\/\/centros.uepb.edu.br\/ccbsa\/files\/2018\/11\/IMG_2950.jpg\" class=\"attachment-full size-full\" alt=\"\" srcset=\"https:\/\/centros.uepb.edu.br\/ccbsa\/files\/2018\/11\/IMG_2950.jpg 840w, https:\/\/centros.uepb.edu.br\/ccbsa\/files\/2018\/11\/IMG_2950-300x162.jpg 300w, https:\/\/centros.uepb.edu.br\/ccbsa\/files\/2018\/11\/IMG_2950-768x415.jpg 768w, https:\/\/centros.uepb.edu.br\/ccbsa\/files\/2018\/11\/IMG_2950-370x200.jpg 370w\" sizes=\"auto, (max-width: 840px) 100vw, 840px\" \/><\/a>\n\t\t\t<\/dt><\/dl><dl class='gallery-item'>\n\t\t\t<dt class='gallery-icon landscape'>\n\t\t\t\t<a href='https:\/\/centros.uepb.edu.br\/ccbsa\/uepb-participa-de-expotec-com-exposicao-de-projetos-de-pesquisa-e-extensao-oficinas-e-palestras-em-varios-eixos-tematicos\/img_2966\/'><img loading=\"lazy\" decoding=\"async\" width=\"840\" height=\"454\" src=\"https:\/\/centros.uepb.edu.br\/ccbsa\/files\/2018\/11\/IMG_2966.jpg\" class=\"attachment-full size-full\" alt=\"\" srcset=\"https:\/\/centros.uepb.edu.br\/ccbsa\/files\/2018\/11\/IMG_2966.jpg 840w, https:\/\/centros.uepb.edu.br\/ccbsa\/files\/2018\/11\/IMG_2966-300x162.jpg 300w, https:\/\/centros.uepb.edu.br\/ccbsa\/files\/2018\/11\/IMG_2966-768x415.jpg 768w, https:\/\/centros.uepb.edu.br\/ccbsa\/files\/2018\/11\/IMG_2966-370x200.jpg 370w\" sizes=\"auto, (max-width: 840px) 100vw, 840px\" \/><\/a>\n\t\t\t<\/dt><\/dl><br style=\"clear: both\" \/><dl class='gallery-item'>\n\t\t\t<dt class='gallery-icon landscape'>\n\t\t\t\t<a href='https:\/\/centros.uepb.edu.br\/ccbsa\/uepb-participa-de-expotec-com-exposicao-de-projetos-de-pesquisa-e-extensao-oficinas-e-palestras-em-varios-eixos-tematicos\/img_2972\/'><img loading=\"lazy\" decoding=\"async\" width=\"840\" height=\"454\" src=\"https:\/\/centros.uepb.edu.br\/ccbsa\/files\/2018\/11\/IMG_2972.jpg\" class=\"attachment-full size-full\" alt=\"\" srcset=\"https:\/\/centros.uepb.edu.br\/ccbsa\/files\/2018\/11\/IMG_2972.jpg 840w, https:\/\/centros.uepb.edu.br\/ccbsa\/files\/2018\/11\/IMG_2972-300x162.jpg 300w, https:\/\/centros.uepb.edu.br\/ccbsa\/files\/2018\/11\/IMG_2972-768x415.jpg 768w, https:\/\/centros.uepb.edu.br\/ccbsa\/files\/2018\/11\/IMG_2972-370x200.jpg 370w\" sizes=\"auto, (max-width: 840px) 100vw, 840px\" \/><\/a>\n\t\t\t<\/dt><\/dl><dl class='gallery-item'>\n\t\t\t<dt class='gallery-icon landscape'>\n\t\t\t\t<a href='https:\/\/centros.uepb.edu.br\/ccbsa\/uepb-participa-de-expotec-com-exposicao-de-projetos-de-pesquisa-e-extensao-oficinas-e-palestras-em-varios-eixos-tematicos\/img_2983\/'><img loading=\"lazy\" decoding=\"async\" width=\"840\" height=\"454\" src=\"https:\/\/centros.uepb.edu.br\/ccbsa\/files\/2018\/11\/IMG_2983.jpg\" class=\"attachment-full size-full\" alt=\"\" srcset=\"https:\/\/centros.uepb.edu.br\/ccbsa\/files\/2018\/11\/IMG_2983.jpg 840w, https:\/\/centros.uepb.edu.br\/ccbsa\/files\/2018\/11\/IMG_2983-300x162.jpg 300w, https:\/\/centros.uepb.edu.br\/ccbsa\/files\/2018\/11\/IMG_2983-768x415.jpg 768w, https:\/\/centros.uepb.edu.br\/ccbsa\/files\/2018\/11\/IMG_2983-370x200.jpg 370w\" sizes=\"auto, (max-width: 840px) 100vw, 840px\" \/><\/a>\n\t\t\t<\/dt><\/dl><dl class='gallery-item'>\n\t\t\t<dt class='gallery-icon landscape'>\n\t\t\t\t<a href='https:\/\/centros.uepb.edu.br\/ccbsa\/uepb-participa-de-expotec-com-exposicao-de-projetos-de-pesquisa-e-extensao-oficinas-e-palestras-em-varios-eixos-tematicos\/img_2985\/'><img loading=\"lazy\" decoding=\"async\" width=\"840\" height=\"454\" src=\"https:\/\/centros.uepb.edu.br\/ccbsa\/files\/2018\/11\/IMG_2985.jpg\" class=\"attachment-full size-full\" alt=\"\" srcset=\"https:\/\/centros.uepb.edu.br\/ccbsa\/files\/2018\/11\/IMG_2985.jpg 840w, https:\/\/centros.uepb.edu.br\/ccbsa\/files\/2018\/11\/IMG_2985-300x162.jpg 300w, https:\/\/centros.uepb.edu.br\/ccbsa\/files\/2018\/11\/IMG_2985-768x415.jpg 768w, https:\/\/centros.uepb.edu.br\/ccbsa\/files\/2018\/11\/IMG_2985-370x200.jpg 370w\" sizes=\"auto, (max-width: 840px) 100vw, 840px\" \/><\/a>\n\t\t\t<\/dt><\/dl><br style=\"clear: both\" \/><dl class='gallery-item'>\n\t\t\t<dt class='gallery-icon landscape'>\n\t\t\t\t<a href='https:\/\/centros.uepb.edu.br\/ccbsa\/uepb-participa-de-expotec-com-exposicao-de-projetos-de-pesquisa-e-extensao-oficinas-e-palestras-em-varios-eixos-tematicos\/img_2996\/'><img loading=\"lazy\" decoding=\"async\" width=\"840\" height=\"454\" src=\"https:\/\/centros.uepb.edu.br\/ccbsa\/files\/2018\/11\/IMG_2996.jpg\" class=\"attachment-full size-full\" alt=\"\" srcset=\"https:\/\/centros.uepb.edu.br\/ccbsa\/files\/2018\/11\/IMG_2996.jpg 840w, https:\/\/centros.uepb.edu.br\/ccbsa\/files\/2018\/11\/IMG_2996-300x162.jpg 300w, https:\/\/centros.uepb.edu.br\/ccbsa\/files\/2018\/11\/IMG_2996-768x415.jpg 768w, https:\/\/centros.uepb.edu.br\/ccbsa\/files\/2018\/11\/IMG_2996-370x200.jpg 370w\" sizes=\"auto, (max-width: 840px) 100vw, 840px\" \/><\/a>\n\t\t\t<\/dt><\/dl><dl class='gallery-item'>\n\t\t\t<dt class='gallery-icon landscape'>\n\t\t\t\t<a href='https:\/\/centros.uepb.edu.br\/ccbsa\/uepb-participa-de-expotec-com-exposicao-de-projetos-de-pesquisa-e-extensao-oficinas-e-palestras-em-varios-eixos-tematicos\/img_2998\/'><img loading=\"lazy\" decoding=\"async\" width=\"840\" height=\"454\" src=\"https:\/\/centros.uepb.edu.br\/ccbsa\/files\/2018\/11\/IMG_2998.jpg\" class=\"attachment-full size-full\" alt=\"\" srcset=\"https:\/\/centros.uepb.edu.br\/ccbsa\/files\/2018\/11\/IMG_2998.jpg 840w, https:\/\/centros.uepb.edu.br\/ccbsa\/files\/2018\/11\/IMG_2998-300x162.jpg 300w, https:\/\/centros.uepb.edu.br\/ccbsa\/files\/2018\/11\/IMG_2998-768x415.jpg 768w, https:\/\/centros.uepb.edu.br\/ccbsa\/files\/2018\/11\/IMG_2998-370x200.jpg 370w\" sizes=\"auto, (max-width: 840px) 100vw, 840px\" \/><\/a>\n\t\t\t<\/dt><\/dl>\n\t\t\t<br style='clear: both' \/>\n\t\t<\/div>\n\n<p>O uso da tecnologia a servi\u00e7o da transpar\u00eancia dos atos governamentais e como aliada no combate \u00e0 polui\u00e7\u00e3o, o cibercrime, a educa\u00e7\u00e3o ambiental como alternativa para o descarte do lixo na contemporaneidade, esses s\u00e3o alguns dos temas abordados pela Universidade Estadual da Para\u00edba durante a Expotec 2018 \u2013 Feira de Inova\u00e7\u00e3o, que ocorre at\u00e9 o dia 10 de novembro, no Centro de Conven\u00e7\u00f5es de Jo\u00e3o Pessoa.<\/p>\n<p>Promovida pela Associa\u00e7\u00e3o Nacional para Inclus\u00e3o Digital (Anid), o evento conta com a parceria da UEPB, Governo do Estado da Para\u00edba, universidades p\u00fablicas da Para\u00edba, entre outras institui\u00e7\u00f5es, que participam da exposi\u00e7\u00e3o de projetos de inova\u00e7\u00e3o, e integram a programa\u00e7\u00e3o do evento com 63 palestras e 18 oficinas.<\/p>\n<p>A Ag\u00eancia de Inova\u00e7\u00e3o Tecnol\u00f3gica (Inovatec) da UEPB est\u00e1 com um espa\u00e7o no evento destinado a apresentar os diversos projetos de pequisa e extens\u00e3o da institui\u00e7\u00e3o com a vertente tecnol\u00f3gica. \u201cEstamos participando dessa feira de tecnologia porque \u00e9 uma oportunidade de apresentar os trabalhos dos nossos pesquisadores e projetos inovadores que desenvolvemos na UEPB. Al\u00e9m disso, essa \u00e9 uma oportunidade de compartilharmos informa\u00e7\u00f5es com outras institui\u00e7\u00f5es, os alunos podem conviver com outros pesquisadores e agentes de inova\u00e7\u00e3o tecnol\u00f3gica, o que s\u00f3 enriquece a forma\u00e7\u00e3o deles\u201d, avalia a diretora da Inovatec, Simone Lopes.<\/p>\n<p>O curso de Ci\u00eancias Biol\u00f3gicas do Campus V da UEPB est\u00e1 com um stand na feira destinado a apresentar ao p\u00fablico que visitar a EXPOTEC as plataformas digitais que podem ser utilizadas para monitoramento do ecossistema terrestre: <em>Google Earth<\/em>, Site do Instituto Nacional de Pesquisas Espaciais (INPE) e <em>Earth Data<\/em> (Nasa). Por meio destes recursos \u00e9 poss\u00edvel verificar o clima, qualidade da vegeta\u00e7\u00e3o, desmatamento, em todo o pa\u00eds.<\/p>\n<p>Tamb\u00e9m est\u00e1 presente no evento o projeto de extens\u00e3o \u201cColeta Seletiva Solid\u00e1ria\u201d, coordenado pela professora Maria de F\u00e1tima Ara\u00fajo, do Centro de Ci\u00eancias Biol\u00f3gicas e Sociais Aplicadas (CCBSA), que al\u00e9m de um local de atendimento na feira, promove a palestra \u201cO desafio do lixo na contemporaneidade: alternativas e solu\u00e7\u00f5es para o Brasil\u201d e a oficina de educa\u00e7\u00e3o ambiental e coleta seletiva solid\u00e1ria, que conta com a participa\u00e7\u00e3o da gestora ambiental da Empresa Paraibana de Abastecimento e Servi\u00e7os Agr\u00edcolas (EMPASA), Silvana Alves. O projeto ainda est\u00e1 respons\u00e1vel por gerenciar todos os res\u00edduos produzidos durante o evento, atrav\u00e9s da parceria com as cooperativas de catadores de res\u00edduos de Jo\u00e3o Pessoa: Associa\u00e7\u00e3o de Catadores de Mangabeira, Associa\u00e7\u00e3o de Catadores do Timb\u00f3, Acordo Verde, Astramare e Catajampa, que fazem a sele\u00e7\u00e3o dos res\u00edduos, a pesagem e destinam o material para a cadeia produtiva dos catadores, gerando renda para a comunidade atendida pelo projeto da UEPB.<\/p>\n<p>De acordo com a professora F\u00e1tima Ara\u00fajo, apenas na abertura do evento foi gerada uma quantidade de 150 kg de lixo seco. E a equipe do projeto, que re\u00fane mais de 30 discentes de Ci\u00eancias Biol\u00f3gicas e Rela\u00e7\u00f5es Internacionais da UEPB, al\u00e9m de dois discentes da UFPB, est\u00e1 acompanhando o trabalho dos catadores e orientando o p\u00fablico presente na EXPOTEC para destinar corretamente o lixo a ser descartado.<\/p>\n<p>O coordenador do curso de Arquivologia do Campus V, professor Henrique Fran\u00e7a, tamb\u00e9m ministrou, na manh\u00e3 desta quarta-feira (7), a palestra \u201cUso da tecnologia no acompanhamento e fiscaliza\u00e7\u00e3o da gest\u00e3o p\u00fablica\u201d. Na oportunidade, o docente discutiu a import\u00e2ncia das plataformas e mecanismos de fiscaliza\u00e7\u00e3o da gest\u00e3o p\u00fablica, educa\u00e7\u00e3o e participa\u00e7\u00e3o pol\u00edtica, tais como a \u201cOpera\u00e7\u00e3o Serenata de Amor\u201d, o \u201cPolitize\u201d, o aplicativo \u2018Mudamos\u201d, entre outros.<\/p>\n<p>\u201c\u00c9 importante que o cidad\u00e3o saiba como pode acompanhar a gest\u00e3o p\u00fablica de forma eficiente porque muita gente acompanha pela TV, pelos sites, mas para ir al\u00e9m e ter dados a gente precisa buscar outras fontes, mas, para isso \u00e9 necess\u00e1rio sair da passividade e tornar-se proativo. Nesse per\u00edodo em que falamos muito sobre fakenews, o conceito de p\u00f3s-verdade est\u00e1 t\u00e3o presente, precisamos utilizar o universo tecnol\u00f3gico para nos ajudar. \u00c9 importante nos tornarmos cidad\u00e3os mais ativos nesse processo e buscar informa\u00e7\u00e3o, checar, acompanhar e fiscalizar\u201d explica o professor Henrique Fran\u00e7a.<\/p>\n<p>A equipe, ligada ao Projeto de Extens\u00e3o MUDDE\/FARPAS, do Campus da UEPB, est\u00e1 com um espa\u00e7o no evento destinado a apresentar ao p\u00fablico jogos de tabuleiro voltados \u00e0 participa\u00e7\u00e3o cidad\u00e3o nos encaminhamentos pol\u00edticos.<\/p>\n<p>No stand da UEPB foi montado o espa\u00e7o de participa\u00e7\u00e3o popular que suscita uma reflex\u00e3o sobre os 17 objetivos de desenvolvimento sustent\u00e1vel da Organiza\u00e7\u00e3o das Na\u00e7\u00f5es Unidas. No local h\u00e1 um questionamento sobre \u201ccomo podemos ajudar a implementar os objetivos de desenvolvimento sustent\u00e1vel?\u201d. Os visitantes da feira podem responder \u00e0 quest\u00e3o e afixar as respostas no painel que foi montado. \u201cA ideia \u00e9 conscientizar a sociedade que n\u00f3s podemos implementar aqueles objetivos, n\u00e3o precisamos esperar s\u00f3 pelo Governo. Ap\u00f3s o evento vamos compilar as sugest\u00f5es, colocadas de maneira an\u00f4nima, e vamos elaborar um termo de compromisso para ser encaminhados para a reitoria da UEPB, prefeituras municipais de Jo\u00e3o Pessoa e Campina Grande, autoridades, para que se comprometam a implementar esses objetivos\u201d, explicou a professora do curso de Rela\u00e7\u00f5es Internacionais da UEPB, Lucila Vilhena.<\/p>\n<p>A EXPOTEC segue com atividades norteadas pelo tema principal: \u201cImpacto da digitaliza\u00e7\u00e3o na sociedade brasileira\u201d e pelos eixos tem\u00e1ticos: Inclus\u00e3o Digital, Software Livre, Rob\u00f3tica, Web, Educa\u00e7\u00e3o, Cultura Pop e Seguran\u00e7a. Al\u00e9m do espa\u00e7o destinado aos projetos da UEPB, os pesquisadores da institui\u00e7\u00e3o ministram palestras e oficinas nesta quinta e sexta, 8 e 9 de novembro, nos turnos da manh\u00e3 e tarde. A programa\u00e7\u00e3o completa podem ser acessada do endere\u00e7o \u00a0<a href=\"http:\/\/www.expotec.org.br\">www.expotec.org.br<\/a>.<\/p>\n<p><strong>Texto e fotos:<\/strong><em> Juliana Marques<\/em><\/p>\n","protected":false},"excerpt":{"rendered":"<p>O uso da tecnologia a servi\u00e7o da transpar\u00eancia dos atos governamentais e como aliada no combate \u00e0 polui\u00e7\u00e3o, o cibercrime, a educa\u00e7\u00e3o ambiental como alternativa para o descarte do lixo na contemporaneidade, esses s\u00e3o alguns dos temas abordados pela Universidade Estadual da Para\u00edba durante a Expotec 2018 \u2013 Feira de Inova\u00e7\u00e3o, que ocorre at\u00e9 o <a class=\"leiamais\" href=\"https:\/\/centros.uepb.edu.br\/ccbsa\/uepb-participa-de-expotec-com-exposicao-de-projetos-de-pesquisa-e-extensao-oficinas-e-palestras-em-varios-eixos-tematicos\/\">Leia Mais&#8230;<\/a><\/p>\n","protected":false},"author":8,"featured_media":5532,"comment_status":"closed","ping_status":"closed","sticky":false,"template":"","format":"standard","meta":{"footnotes":""},"categories":[3,11],"tags":[],"class_list":["post-5531","post","type-post","status-publish","format-standard","has-post-thumbnail","hentry","category-noticias","category-noticias-destaque-img"],"jetpack_featured_media_url":"https:\/\/centros.uepb.edu.br\/ccbsa\/files\/2018\/11\/IMG_2998.jpg","_links":{"self":[{"href":"https:\/\/centros.uepb.edu.br\/ccbsa\/wp-json\/wp\/v2\/posts\/5531","targetHints":{"allow":["GET"]}}],"collection":[{"href":"https:\/\/centros.uepb.edu.br\/ccbsa\/wp-json\/wp\/v2\/posts"}],"about":[{"href":"https:\/\/centros.uepb.edu.br\/ccbsa\/wp-json\/wp\/v2\/types\/post"}],"author":[{"embeddable":true,"href":"https:\/\/centros.uepb.edu.br\/ccbsa\/wp-json\/wp\/v2\/users\/8"}],"replies":[{"embeddable":true,"href":"https:\/\/centros.uepb.edu.br\/ccbsa\/wp-json\/wp\/v2\/comments?post=5531"}],"version-history":[{"count":0,"href":"https:\/\/centros.uepb.edu.br\/ccbsa\/wp-json\/wp\/v2\/posts\/5531\/revisions"}],"wp:featuredmedia":[{"embeddable":true,"href":"https:\/\/centros.uepb.edu.br\/ccbsa\/wp-json\/wp\/v2\/media\/5532"}],"wp:attachment":[{"href":"https:\/\/centros.uepb.edu.br\/ccbsa\/wp-json\/wp\/v2\/media?parent=5531"}],"wp:term":[{"taxonomy":"category","embeddable":true,"href":"https:\/\/centros.uepb.edu.br\/ccbsa\/wp-json\/wp\/v2\/categories?post=5531"},{"taxonomy":"post_tag","embeddable":true,"href":"https:\/\/centros.uepb.edu.br\/ccbsa\/wp-json\/wp\/v2\/tags?post=5531"}],"curies":[{"name":"wp","href":"https:\/\/api.w.org\/{rel}","templated":true}]}}