{"id":5513,"date":"2018-10-31T16:00:42","date_gmt":"2018-10-31T16:00:42","guid":{"rendered":"https:\/\/centros.uepb.edu.br\/ccbsa\/?p=5513"},"modified":"2018-10-31T16:00:42","modified_gmt":"2018-10-31T16:00:42","slug":"3a-edicao-de-jornada-arquivistica-do-campus-v-da-uepb-que-sera-realizada-nesta-quinta-1o-discutira-arquivos-pessoais","status":"publish","type":"post","link":"https:\/\/centros.uepb.edu.br\/ccbsa\/3a-edicao-de-jornada-arquivistica-do-campus-v-da-uepb-que-sera-realizada-nesta-quinta-1o-discutira-arquivos-pessoais\/","title":{"rendered":"3\u00aa edi\u00e7\u00e3o de Jornada Arquiv\u00edstica do Campus V da UEPB que ser\u00e1 realizada nesta quinta (1\u00ba) discutir\u00e1 arquivos pessoais"},"content":{"rendered":"<p><a href=\"https:\/\/centros.uepb.edu.br\/ccbsa\/files\/2018\/10\/e28fbc61-3f69-4285-8a5b-d907b33ac91d.jpg\"><img loading=\"lazy\" decoding=\"async\" class=\"aligncenter size-full wp-image-5514 img-responsive\" src=\"https:\/\/centros.uepb.edu.br\/ccbsa\/files\/2018\/10\/e28fbc61-3f69-4285-8a5b-d907b33ac91d.jpg\" alt=\"\" width=\"840\" height=\"454\" srcset=\"https:\/\/centros.uepb.edu.br\/ccbsa\/files\/2018\/10\/e28fbc61-3f69-4285-8a5b-d907b33ac91d.jpg 840w, https:\/\/centros.uepb.edu.br\/ccbsa\/files\/2018\/10\/e28fbc61-3f69-4285-8a5b-d907b33ac91d-300x162.jpg 300w, https:\/\/centros.uepb.edu.br\/ccbsa\/files\/2018\/10\/e28fbc61-3f69-4285-8a5b-d907b33ac91d-768x415.jpg 768w, https:\/\/centros.uepb.edu.br\/ccbsa\/files\/2018\/10\/e28fbc61-3f69-4285-8a5b-d907b33ac91d-370x200.jpg 370w\" sizes=\"auto, (max-width: 840px) 100vw, 840px\" \/><\/a><\/p>\n<p>Com a perspectiva de discutir os acervos arquiv\u00edsticos n\u00e3o convencionais ser\u00e1 realizada, nesta quinta-feira, 1\u00ba de novembro, das 8 \u00e0s 12h, no audit\u00f3rio do Campus V da Universidade Estadual da Para\u00edba (UEPB), a Jornada Arquiv\u00edstica e seus Acervos Raros (JACRO), que nesta 3\u00aa edi\u00e7\u00e3o discute \u201cArquivos pessoais e seus enlaces\u201d.<\/p>\n<p>Organizada pelas turmas do 3\u00ba e 7\u00ba per\u00edodos do curso de Arquivologia da UEPB sob a coordena\u00e7\u00e3o da professora Manuela Maia com o apoio da coordena\u00e7\u00e3o do curso de Arquivologia e do Grupo de Pesquisa em Cultura, Informa\u00e7\u00e3o, Mem\u00f3ria e Patrim\u00f4nio (GECIMP), a 3\u00aa JACRO \u00e9 uma atividade gratuita e voltada a estudantes e profissionais de Arquivologia, Ci\u00eancias da Informa\u00e7\u00e3o, Comunica\u00e7\u00e3o e \u00e1reas afins. As inscri\u00e7\u00f5es para o evento s\u00e3o realizadas previamente por meio do link: <a href=\"http:\/\/goo.gl\/RcDAtd\">goo.gl\/RcDAtd<\/a>.<\/p>\n<p>Nesta edi\u00e7\u00e3o da JACRO est\u00e3o programadas as palestras \u201cJos\u00e9 Sime\u00e3o Leal: cultura, arte e vida\u201d, com a professora Bernardina Maria Juvenal Freire; \u201cDifus\u00e3o cultural no Arquivo Afonso Pereira: o Teatro do Estudante da Para\u00edba e sua constru\u00e7\u00e3o expogr\u00e1fica\u201d, a ser proferida pela professora Manuela Maia; \u201cAcervo Hermano Jos\u00e9: viv\u00eancias multidisciplinares e desafios arquiv\u00edsticos\u201d, com o graduando em Arquivologia Ronieli Victor da Silva e \u201cVersos de uma trajet\u00f3ria: Pol\u00edbio Alves, um homem entre pap\u00e9is\u201d, com a professora Ana C\u00f3rdula.<\/p>\n<p>De acordo com a professora Manuela Maia ap\u00f3s discutir os acervos de cord\u00e9is na primeira edi\u00e7\u00e3o, e acervos fotogr\u00e1ficos na edi\u00e7\u00e3o seguinte, os acervos pessoais foram escolhidos para serem tema da JACRO, contemplando uma \u00e1rea pouco considerada da Arquivologia. \u201cInfelizmente no Brasil n\u00f3s temos um problema de preserva\u00e7\u00e3o da mem\u00f3ria, e, embora os arquivos administrativos tenham uma grande import\u00e2ncia, \u00e9 preciso considerar tamb\u00e9m o valor de outros acervos arquiv\u00edsticos n\u00e3o convencionais, como os acervos pessoais, que tem relev\u00e2ncia do ponto de vista pr\u00e1tico e te\u00f3rico. E foi com essa perspectiva que idealizamos essa edi\u00e7\u00e3o da JACRO, que tamb\u00e9m funciona, para os alunos que est\u00e3o envolvidos na organiza\u00e7\u00e3o, como um grande aprendizado sobre como promover eventos na \u00e1rea\u201d, avaliou a docente.<\/p>\n<p>Durante o evento ser\u00e3o arrecadados alimentos n\u00e3o perec\u00edveis que ser\u00e3o doados para a Vila Vicentina J\u00falia Freire.<\/p>\n<p><strong>Texto:<\/strong> <em>Juliana Marques<\/em><\/p>\n","protected":false},"excerpt":{"rendered":"<p>Com a perspectiva de discutir os acervos arquiv\u00edsticos n\u00e3o convencionais ser\u00e1 realizada, nesta quinta-feira, 1\u00ba de novembro, das 8 \u00e0s 12h, no audit\u00f3rio do Campus V da Universidade Estadual da Para\u00edba (UEPB), a Jornada Arquiv\u00edstica e seus Acervos Raros (JACRO), que nesta 3\u00aa edi\u00e7\u00e3o discute \u201cArquivos pessoais e seus enlaces\u201d. Organizada pelas turmas do 3\u00ba <a class=\"leiamais\" href=\"https:\/\/centros.uepb.edu.br\/ccbsa\/3a-edicao-de-jornada-arquivistica-do-campus-v-da-uepb-que-sera-realizada-nesta-quinta-1o-discutira-arquivos-pessoais\/\">Leia Mais&#8230;<\/a><\/p>\n","protected":false},"author":8,"featured_media":5514,"comment_status":"closed","ping_status":"closed","sticky":false,"template":"","format":"standard","meta":{"footnotes":""},"categories":[3,11],"tags":[],"class_list":["post-5513","post","type-post","status-publish","format-standard","has-post-thumbnail","hentry","category-noticias","category-noticias-destaque-img"],"jetpack_featured_media_url":"https:\/\/centros.uepb.edu.br\/ccbsa\/files\/2018\/10\/e28fbc61-3f69-4285-8a5b-d907b33ac91d.jpg","_links":{"self":[{"href":"https:\/\/centros.uepb.edu.br\/ccbsa\/wp-json\/wp\/v2\/posts\/5513","targetHints":{"allow":["GET"]}}],"collection":[{"href":"https:\/\/centros.uepb.edu.br\/ccbsa\/wp-json\/wp\/v2\/posts"}],"about":[{"href":"https:\/\/centros.uepb.edu.br\/ccbsa\/wp-json\/wp\/v2\/types\/post"}],"author":[{"embeddable":true,"href":"https:\/\/centros.uepb.edu.br\/ccbsa\/wp-json\/wp\/v2\/users\/8"}],"replies":[{"embeddable":true,"href":"https:\/\/centros.uepb.edu.br\/ccbsa\/wp-json\/wp\/v2\/comments?post=5513"}],"version-history":[{"count":0,"href":"https:\/\/centros.uepb.edu.br\/ccbsa\/wp-json\/wp\/v2\/posts\/5513\/revisions"}],"wp:featuredmedia":[{"embeddable":true,"href":"https:\/\/centros.uepb.edu.br\/ccbsa\/wp-json\/wp\/v2\/media\/5514"}],"wp:attachment":[{"href":"https:\/\/centros.uepb.edu.br\/ccbsa\/wp-json\/wp\/v2\/media?parent=5513"}],"wp:term":[{"taxonomy":"category","embeddable":true,"href":"https:\/\/centros.uepb.edu.br\/ccbsa\/wp-json\/wp\/v2\/categories?post=5513"},{"taxonomy":"post_tag","embeddable":true,"href":"https:\/\/centros.uepb.edu.br\/ccbsa\/wp-json\/wp\/v2\/tags?post=5513"}],"curies":[{"name":"wp","href":"https:\/\/api.w.org\/{rel}","templated":true}]}}