{"id":5506,"date":"2018-10-30T15:37:49","date_gmt":"2018-10-30T15:37:49","guid":{"rendered":"https:\/\/centros.uepb.edu.br\/ccbsa\/?p=5506"},"modified":"2018-10-30T15:39:28","modified_gmt":"2018-10-30T15:39:28","slug":"laboratorio-de-sintese-e-vetorizacao-de-moleculas-da-uepb-e-visitado-por-pesquisadores-da-franca-para-a-efetivacao-de-parcerias","status":"publish","type":"post","link":"https:\/\/centros.uepb.edu.br\/ccbsa\/laboratorio-de-sintese-e-vetorizacao-de-moleculas-da-uepb-e-visitado-por-pesquisadores-da-franca-para-a-efetivacao-de-parcerias\/","title":{"rendered":"Laborat\u00f3rio de S\u00edntese e Vetoriza\u00e7\u00e3o de Mol\u00e9culas da UEPB \u00e9 visitado por pesquisadores da Fran\u00e7a para a efetiva\u00e7\u00e3o de parcerias"},"content":{"rendered":"\n\t\t<style type=\"text\/css\">\n\t\t\t#gallery-1 {\n\t\t\t\tmargin: auto;\n\t\t\t}\n\t\t\t#gallery-1 .gallery-item {\n\t\t\t\tfloat: left;\n\t\t\t\tmargin-top: 10px;\n\t\t\t\ttext-align: center;\n\t\t\t\twidth: 33%;\n\t\t\t}\n\t\t\t#gallery-1 img {\n\t\t\t\tborder: 2px solid #cfcfcf;\n\t\t\t}\n\t\t\t#gallery-1 .gallery-caption {\n\t\t\t\tmargin-left: 0;\n\t\t\t}\n\t\t\t\/* see gallery_shortcode() in wp-includes\/media.php *\/\n\t\t<\/style>\n\t\t<div id='gallery-1' class='gallery galleryid-5506 gallery-columns-3 gallery-size-full'><dl class='gallery-item'>\n\t\t\t<dt class='gallery-icon landscape'>\n\t\t\t\t<a href='https:\/\/centros.uepb.edu.br\/ccbsa\/laboratorio-de-sintese-e-vetorizacao-de-moleculas-da-uepb-e-visitado-por-pesquisadores-da-franca-para-a-efetivacao-de-parcerias\/img_2841\/'><img loading=\"lazy\" decoding=\"async\" width=\"840\" height=\"454\" src=\"https:\/\/centros.uepb.edu.br\/ccbsa\/files\/2018\/10\/IMG_2841.jpg\" class=\"attachment-full size-full\" alt=\"\" srcset=\"https:\/\/centros.uepb.edu.br\/ccbsa\/files\/2018\/10\/IMG_2841.jpg 840w, https:\/\/centros.uepb.edu.br\/ccbsa\/files\/2018\/10\/IMG_2841-300x162.jpg 300w, https:\/\/centros.uepb.edu.br\/ccbsa\/files\/2018\/10\/IMG_2841-768x415.jpg 768w, https:\/\/centros.uepb.edu.br\/ccbsa\/files\/2018\/10\/IMG_2841-370x200.jpg 370w\" sizes=\"auto, (max-width: 840px) 100vw, 840px\" \/><\/a>\n\t\t\t<\/dt><\/dl><dl class='gallery-item'>\n\t\t\t<dt class='gallery-icon landscape'>\n\t\t\t\t<a href='https:\/\/centros.uepb.edu.br\/ccbsa\/laboratorio-de-sintese-e-vetorizacao-de-moleculas-da-uepb-e-visitado-por-pesquisadores-da-franca-para-a-efetivacao-de-parcerias\/img_2839\/'><img loading=\"lazy\" decoding=\"async\" width=\"840\" height=\"454\" src=\"https:\/\/centros.uepb.edu.br\/ccbsa\/files\/2018\/10\/IMG_2839.jpg\" class=\"attachment-full size-full\" alt=\"\" srcset=\"https:\/\/centros.uepb.edu.br\/ccbsa\/files\/2018\/10\/IMG_2839.jpg 840w, https:\/\/centros.uepb.edu.br\/ccbsa\/files\/2018\/10\/IMG_2839-300x162.jpg 300w, https:\/\/centros.uepb.edu.br\/ccbsa\/files\/2018\/10\/IMG_2839-768x415.jpg 768w, https:\/\/centros.uepb.edu.br\/ccbsa\/files\/2018\/10\/IMG_2839-370x200.jpg 370w\" sizes=\"auto, (max-width: 840px) 100vw, 840px\" \/><\/a>\n\t\t\t<\/dt><\/dl><dl class='gallery-item'>\n\t\t\t<dt class='gallery-icon landscape'>\n\t\t\t\t<a href='https:\/\/centros.uepb.edu.br\/ccbsa\/laboratorio-de-sintese-e-vetorizacao-de-moleculas-da-uepb-e-visitado-por-pesquisadores-da-franca-para-a-efetivacao-de-parcerias\/img_2852\/'><img loading=\"lazy\" decoding=\"async\" width=\"840\" height=\"454\" src=\"https:\/\/centros.uepb.edu.br\/ccbsa\/files\/2018\/10\/IMG_2852.jpg\" class=\"attachment-full size-full\" alt=\"\" srcset=\"https:\/\/centros.uepb.edu.br\/ccbsa\/files\/2018\/10\/IMG_2852.jpg 840w, https:\/\/centros.uepb.edu.br\/ccbsa\/files\/2018\/10\/IMG_2852-300x162.jpg 300w, https:\/\/centros.uepb.edu.br\/ccbsa\/files\/2018\/10\/IMG_2852-768x415.jpg 768w, https:\/\/centros.uepb.edu.br\/ccbsa\/files\/2018\/10\/IMG_2852-370x200.jpg 370w\" sizes=\"auto, (max-width: 840px) 100vw, 840px\" \/><\/a>\n\t\t\t<\/dt><\/dl><br style=\"clear: both\" \/>\n\t\t<\/div>\n\n<p>Com o objetivo de conhecer as pesquisas desenvolvidas e efetivar projetos de parceria, pesquisadores da Universidade de Nantes, na Fran\u00e7a, estiveram no Laborat\u00f3rio de S\u00edntese e Vetoriza\u00e7\u00e3o de Mol\u00e9culas (LSVM) do Campus V da Universidade Estadual da Para\u00edba (UEPB), na manh\u00e3 de quarta-feira (24), em uma reuni\u00e3o com professores e estudantes vinculados ao Mestrado de Ci\u00eancias Farmac\u00eauticas e de Qu\u00edmica da UEPB e pesquisadores visitantes.<\/p>\n<p>Na oportunidade, os pesquisadores da Universidade de Nantes na Fran\u00e7a, Pascal Marchand e Isabelle Orliac-Garnier, que atuam com estudos na \u00e1rea de s\u00edntese e avalia\u00e7\u00e3o biol\u00f3gica de mol\u00e9culas heteroc\u00edclicas terap\u00eauticas (c\u00e2ncer, micologia e parasitologia) e tratamentos antif\u00fangicos, puderam conhecer as pesquisas desenvolvidas no LSVM e discutir a constru\u00e7\u00e3o de um projeto de coopera\u00e7\u00e3o que permitir\u00e1 a implementa\u00e7\u00e3o de pesquisas conjuntas, interc\u00e2mbio de pesquisadores, dentre outras a\u00e7\u00f5es que contribuir\u00e3o para o fortalecimento das a\u00e7\u00f5es desenvolvidas pelos pesquisadores do laborat\u00f3rio.<\/p>\n<p>O professor Francisco Jaime Mendon\u00e7a J\u00fanior, que atua no LSVM e est\u00e1 articulando essa parceria, destacou que o projeto, que prev\u00ea a parceria entre a Universidade de Nantes, Universidade Federal de Pernambuco (UFPE) e UEPB, deve ser implementado pela Coordena\u00e7\u00e3o de Aperfei\u00e7oamento de Pessoal de N\u00edvel Superior (Capes) e Comit\u00ea Franc\u00eas de Avalia\u00e7\u00e3o da Coopera\u00e7\u00e3o Universit\u00e1ria com o Brasil (COFECUB) e trar\u00e1 avan\u00e7os importantes para as pesquisas desenvolvidas na UEPB.<\/p>\n<p>\u201cA reuni\u00e3o foi extremamente proveitosa e permitiu que a equipe da Universidade de Nantes conhecesse as pesquisas desenvolvidas no Laborat\u00f3rio de S\u00edntese e Vetoriza\u00e7\u00e3o de Mol\u00e9culas, cujos professores s\u00e3o vinculados ao Mestrado de Ci\u00eancias Farmac\u00eauticas e de Qu\u00edmica da UEPB. Esse primeiro contato presencial entre as duas equipes permitiu identificar diversas \u00e1reas de pesquisa que s\u00e3o realizadas em comum, como a s\u00edntese de mol\u00e9culas heteroc\u00edclicas para tratamento de doen\u00e7as causadas por fungos e por parasitas como o causador da Leishmaniose. Nesse sentido, o projeto CAPES-COFECUB, que ser\u00e1 redigido e submetido no primeiro semestre de 2019, permitir\u00e1 o estreitamento dessa intera\u00e7\u00e3o permitindo o tr\u00e2nsito dos professores envolvidos e de estudantes em n\u00edvel de p\u00f3s-gradua\u00e7\u00e3o pelos pr\u00f3ximos 4 anos. Al\u00e9m disso, os professores da Universidade de Nantes ficaram impressionados com o n\u00edvel das pesquisas desenvolvidas pelo grupo da UEPB e parabenizaram a equipe pelo n\u00edvel e engajamento dos estudantes nos projetos\u201d, avaliou o professor Francisco Jaime.<\/p>\n<p><strong>Sobre o LSVM<\/strong><\/p>\n<p>O Laborat\u00f3rio de S\u00edntese e Vetoriza\u00e7\u00e3o de Mol\u00e9culas foi criado em 2008, mesmo per\u00edodo em que foi criado o Grupo de pesquisa: \u201cS\u00edntese e Vetoriza\u00e7\u00e3o de Mol\u00e9culas Bioativas\u201d no CNPq, e \u00e9 um dos laborat\u00f3rios de pesquisa que fazem parte do Centro de Ci\u00eancias Biol\u00f3gicas e Sociais Aplicadas (CCBSA \u2013 Campus V).<\/p>\n<p>Atualmente, s\u00e3o desenvolvidos v\u00e1rios estudos buscando o desenvolvimento de novas mol\u00e9culas que possam se tornar novos medicamentos para o combate de doen\u00e7as do sistema nervoso central, c\u00e2ncer, tuberculose, mal\u00e1ria, dengue, e infec\u00e7\u00f5es por micro-organismos oportunistas, em especial fungos. Tamb\u00e9m foram depositadas algumas patentes que est\u00e3o sendo negociadas com empresas do ramo farmac\u00eautico para a produ\u00e7\u00e3o de f\u00e1rmacos.<\/p>\n<p>No laborat\u00f3rio, al\u00e9m do professor Francisco Jaime atuam os pesquisadores e docentes da UEPB: Elquio Eleamen e Ricardo Ol\u00edmpio de Moura, al\u00e9m de estudantes de p\u00f3s-doutorado, doutorado, mestrado e inicia\u00e7\u00e3o cient\u00edfica.<\/p>\n<p>O grupo tem sido constantemente contemplado em diversos editais de financiamento e tem tido expressiva contribui\u00e7\u00e3o cient\u00edfica, com a publica\u00e7\u00e3o de artigos cient\u00edficos internacionais, trabalhos apresentados em congressos, patentes concedidas pelo Instituto Nacional da Propriedade Industrial (INPI).<\/p>\n<p><strong>Texto e fotos:<\/strong> <em>Juliana Marques<\/em><\/p>\n","protected":false},"excerpt":{"rendered":"<p>Com o objetivo de conhecer as pesquisas desenvolvidas e efetivar projetos de parceria, pesquisadores da Universidade de Nantes, na Fran\u00e7a, estiveram no Laborat\u00f3rio de S\u00edntese e Vetoriza\u00e7\u00e3o de Mol\u00e9culas (LSVM) do Campus V da Universidade Estadual da Para\u00edba (UEPB), na manh\u00e3 de quarta-feira (24), em uma reuni\u00e3o com professores e estudantes vinculados ao Mestrado de <a class=\"leiamais\" href=\"https:\/\/centros.uepb.edu.br\/ccbsa\/laboratorio-de-sintese-e-vetorizacao-de-moleculas-da-uepb-e-visitado-por-pesquisadores-da-franca-para-a-efetivacao-de-parcerias\/\">Leia Mais&#8230;<\/a><\/p>\n","protected":false},"author":8,"featured_media":5507,"comment_status":"closed","ping_status":"closed","sticky":false,"template":"","format":"standard","meta":{"footnotes":""},"categories":[3,11],"tags":[],"class_list":["post-5506","post","type-post","status-publish","format-standard","has-post-thumbnail","hentry","category-noticias","category-noticias-destaque-img"],"jetpack_featured_media_url":"https:\/\/centros.uepb.edu.br\/ccbsa\/files\/2018\/10\/IMG_2841.jpg","_links":{"self":[{"href":"https:\/\/centros.uepb.edu.br\/ccbsa\/wp-json\/wp\/v2\/posts\/5506","targetHints":{"allow":["GET"]}}],"collection":[{"href":"https:\/\/centros.uepb.edu.br\/ccbsa\/wp-json\/wp\/v2\/posts"}],"about":[{"href":"https:\/\/centros.uepb.edu.br\/ccbsa\/wp-json\/wp\/v2\/types\/post"}],"author":[{"embeddable":true,"href":"https:\/\/centros.uepb.edu.br\/ccbsa\/wp-json\/wp\/v2\/users\/8"}],"replies":[{"embeddable":true,"href":"https:\/\/centros.uepb.edu.br\/ccbsa\/wp-json\/wp\/v2\/comments?post=5506"}],"version-history":[{"count":0,"href":"https:\/\/centros.uepb.edu.br\/ccbsa\/wp-json\/wp\/v2\/posts\/5506\/revisions"}],"wp:featuredmedia":[{"embeddable":true,"href":"https:\/\/centros.uepb.edu.br\/ccbsa\/wp-json\/wp\/v2\/media\/5507"}],"wp:attachment":[{"href":"https:\/\/centros.uepb.edu.br\/ccbsa\/wp-json\/wp\/v2\/media?parent=5506"}],"wp:term":[{"taxonomy":"category","embeddable":true,"href":"https:\/\/centros.uepb.edu.br\/ccbsa\/wp-json\/wp\/v2\/categories?post=5506"},{"taxonomy":"post_tag","embeddable":true,"href":"https:\/\/centros.uepb.edu.br\/ccbsa\/wp-json\/wp\/v2\/tags?post=5506"}],"curies":[{"name":"wp","href":"https:\/\/api.w.org\/{rel}","templated":true}]}}