{"id":5493,"date":"2018-10-24T14:05:31","date_gmt":"2018-10-24T14:05:31","guid":{"rendered":"https:\/\/centros.uepb.edu.br\/ccbsa\/?p=5493"},"modified":"2018-10-24T14:09:11","modified_gmt":"2018-10-24T14:09:11","slug":"coordenacoes-de-cursos-de-graduacao-do-campus-v-promovem-aula-publica-unificada-sobre-o-cenario-politico-nacional","status":"publish","type":"post","link":"https:\/\/centros.uepb.edu.br\/ccbsa\/coordenacoes-de-cursos-de-graduacao-do-campus-v-promovem-aula-publica-unificada-sobre-o-cenario-politico-nacional\/","title":{"rendered":"Coordena\u00e7\u00f5es de cursos de gradua\u00e7\u00e3o do Campus V promovem aula p\u00fablica unificada sobre o cen\u00e1rio pol\u00edtico nacional"},"content":{"rendered":"\n\t\t<style type=\"text\/css\">\n\t\t\t#gallery-1 {\n\t\t\t\tmargin: auto;\n\t\t\t}\n\t\t\t#gallery-1 .gallery-item {\n\t\t\t\tfloat: left;\n\t\t\t\tmargin-top: 10px;\n\t\t\t\ttext-align: center;\n\t\t\t\twidth: 33%;\n\t\t\t}\n\t\t\t#gallery-1 img {\n\t\t\t\tborder: 2px solid #cfcfcf;\n\t\t\t}\n\t\t\t#gallery-1 .gallery-caption {\n\t\t\t\tmargin-left: 0;\n\t\t\t}\n\t\t\t\/* see gallery_shortcode() in wp-includes\/media.php *\/\n\t\t<\/style>\n\t\t<div id='gallery-1' class='gallery galleryid-5493 gallery-columns-3 gallery-size-full'><dl class='gallery-item'>\n\t\t\t<dt class='gallery-icon landscape'>\n\t\t\t\t<a href='https:\/\/centros.uepb.edu.br\/ccbsa\/coordenacoes-de-cursos-de-graduacao-do-campus-v-promovem-aula-publica-unificada-sobre-o-cenario-politico-nacional\/img_2818\/'><img loading=\"lazy\" decoding=\"async\" width=\"840\" height=\"454\" src=\"https:\/\/centros.uepb.edu.br\/ccbsa\/files\/2018\/10\/IMG_2818.jpg\" class=\"attachment-full size-full\" alt=\"\" srcset=\"https:\/\/centros.uepb.edu.br\/ccbsa\/files\/2018\/10\/IMG_2818.jpg 840w, https:\/\/centros.uepb.edu.br\/ccbsa\/files\/2018\/10\/IMG_2818-300x162.jpg 300w, https:\/\/centros.uepb.edu.br\/ccbsa\/files\/2018\/10\/IMG_2818-768x415.jpg 768w, https:\/\/centros.uepb.edu.br\/ccbsa\/files\/2018\/10\/IMG_2818-370x200.jpg 370w\" sizes=\"auto, (max-width: 840px) 100vw, 840px\" \/><\/a>\n\t\t\t<\/dt><\/dl><dl class='gallery-item'>\n\t\t\t<dt class='gallery-icon landscape'>\n\t\t\t\t<a href='https:\/\/centros.uepb.edu.br\/ccbsa\/coordenacoes-de-cursos-de-graduacao-do-campus-v-promovem-aula-publica-unificada-sobre-o-cenario-politico-nacional\/img_2796\/'><img loading=\"lazy\" decoding=\"async\" width=\"840\" height=\"454\" src=\"https:\/\/centros.uepb.edu.br\/ccbsa\/files\/2018\/10\/IMG_2796.jpg\" class=\"attachment-full size-full\" alt=\"\" srcset=\"https:\/\/centros.uepb.edu.br\/ccbsa\/files\/2018\/10\/IMG_2796.jpg 840w, https:\/\/centros.uepb.edu.br\/ccbsa\/files\/2018\/10\/IMG_2796-300x162.jpg 300w, https:\/\/centros.uepb.edu.br\/ccbsa\/files\/2018\/10\/IMG_2796-768x415.jpg 768w, https:\/\/centros.uepb.edu.br\/ccbsa\/files\/2018\/10\/IMG_2796-370x200.jpg 370w\" sizes=\"auto, (max-width: 840px) 100vw, 840px\" \/><\/a>\n\t\t\t<\/dt><\/dl><dl class='gallery-item'>\n\t\t\t<dt class='gallery-icon landscape'>\n\t\t\t\t<a href='https:\/\/centros.uepb.edu.br\/ccbsa\/coordenacoes-de-cursos-de-graduacao-do-campus-v-promovem-aula-publica-unificada-sobre-o-cenario-politico-nacional\/img_2802\/'><img loading=\"lazy\" decoding=\"async\" width=\"840\" height=\"454\" src=\"https:\/\/centros.uepb.edu.br\/ccbsa\/files\/2018\/10\/IMG_2802.jpg\" class=\"attachment-full size-full\" alt=\"\" srcset=\"https:\/\/centros.uepb.edu.br\/ccbsa\/files\/2018\/10\/IMG_2802.jpg 840w, https:\/\/centros.uepb.edu.br\/ccbsa\/files\/2018\/10\/IMG_2802-300x162.jpg 300w, https:\/\/centros.uepb.edu.br\/ccbsa\/files\/2018\/10\/IMG_2802-768x415.jpg 768w, https:\/\/centros.uepb.edu.br\/ccbsa\/files\/2018\/10\/IMG_2802-370x200.jpg 370w\" sizes=\"auto, (max-width: 840px) 100vw, 840px\" \/><\/a>\n\t\t\t<\/dt><\/dl><br style=\"clear: both\" \/>\n\t\t<\/div>\n\n<p>Com o objetivo de analisar as propostas pol\u00edticas dos candidatos \u00e0 presid\u00eancia da rep\u00fablica do Brasil sobre a perspectiva das diferentes \u00e1reas que comp\u00f5em o Centro de Ci\u00eancias Biol\u00f3gicas e Sociais Aplicadas (CCBSA) da Universidade Estadual da Para\u00edba (UEPB), as coordena\u00e7\u00f5es dos cursos de gradua\u00e7\u00e3o em Arquivologia, Ci\u00eancias Biol\u00f3gicas e Rela\u00e7\u00f5es Internacionais, promovem na manh\u00e3 e noite desta quarta-feira (24), a aula p\u00fablica unificada &#8220;O atual cen\u00e1rio brasileiro: rumos, riscos e perspectivas&#8221;.<\/p>\n<p>Na oportunidade, a coordenadora do curso de Rela\u00e7\u00f5es Internacionais, professora Raquel Melo, discute as propostas dos presidenci\u00e1veis relacionadas \u00e0 pol\u00edtica externa e rela\u00e7\u00f5es internacionais; o coordenador do curso de Ci\u00eancias Biol\u00f3gicas, professor Cleber Salimon, apresenta as proposituras dos candidatos no que concerne \u00e0 quest\u00e3o ambiental; o arquivista Everaldo Chaves compara os planos de Governo do ponto de vista das pol\u00edticas de informa\u00e7\u00e3o, e o soci\u00f3logo Vancarder Brito, apresenta o ponto de vista da sociologia sobre as mudan\u00e7as que podem ser ocasionadas na sociedade ap\u00f3s as elei\u00e7\u00f5es.<\/p>\n<p>O coordenador do curso de Arquivologia, professor Henrique Fran\u00e7a destaca a import\u00e2ncia desse debate num momento crucial da pol\u00edtica nacional e enfatiza a necessidade de serem fomentados eventos com essa perspectiva no Campus V para discutir pol\u00edtica e quest\u00f5es de interesse p\u00fablico. &#8220;J\u00e1 realizamos outros evento com esse mesmo vi\u00e9s, como o Farpas, porque acreditamos que a Universidade \u00e9 o local de debater as pol\u00edticas p\u00fablicas e os rumos do nosso pa\u00eds, ent\u00e3o precisamos discutir com coer\u00eancia e independente de quest\u00f5es partid\u00e1rias, mas, buscando esclarecer e formar agentes sociais, que \u00e9 mais importante&#8221;, avaliou o docente.<\/p>\n<div class=\"yj6qo ajU\">\n<div id=\":p8\" class=\"ajR\" role=\"button\"><em><strong>Texto e fotos:<\/strong> Juliana Marques<\/em><\/div>\n<\/div>\n","protected":false},"excerpt":{"rendered":"<p>Com o objetivo de analisar as propostas pol\u00edticas dos candidatos \u00e0 presid\u00eancia da rep\u00fablica do Brasil sobre a perspectiva das diferentes \u00e1reas que comp\u00f5em o Centro de Ci\u00eancias Biol\u00f3gicas e Sociais Aplicadas (CCBSA) da Universidade Estadual da Para\u00edba (UEPB), as coordena\u00e7\u00f5es dos cursos de gradua\u00e7\u00e3o em Arquivologia, Ci\u00eancias Biol\u00f3gicas e Rela\u00e7\u00f5es Internacionais, promovem na manh\u00e3 <a class=\"leiamais\" href=\"https:\/\/centros.uepb.edu.br\/ccbsa\/coordenacoes-de-cursos-de-graduacao-do-campus-v-promovem-aula-publica-unificada-sobre-o-cenario-politico-nacional\/\">Leia Mais&#8230;<\/a><\/p>\n","protected":false},"author":8,"featured_media":5496,"comment_status":"closed","ping_status":"closed","sticky":false,"template":"","format":"standard","meta":{"footnotes":""},"categories":[3,11],"tags":[],"class_list":["post-5493","post","type-post","status-publish","format-standard","has-post-thumbnail","hentry","category-noticias","category-noticias-destaque-img"],"jetpack_featured_media_url":"https:\/\/centros.uepb.edu.br\/ccbsa\/files\/2018\/10\/IMG_2796.jpg","_links":{"self":[{"href":"https:\/\/centros.uepb.edu.br\/ccbsa\/wp-json\/wp\/v2\/posts\/5493","targetHints":{"allow":["GET"]}}],"collection":[{"href":"https:\/\/centros.uepb.edu.br\/ccbsa\/wp-json\/wp\/v2\/posts"}],"about":[{"href":"https:\/\/centros.uepb.edu.br\/ccbsa\/wp-json\/wp\/v2\/types\/post"}],"author":[{"embeddable":true,"href":"https:\/\/centros.uepb.edu.br\/ccbsa\/wp-json\/wp\/v2\/users\/8"}],"replies":[{"embeddable":true,"href":"https:\/\/centros.uepb.edu.br\/ccbsa\/wp-json\/wp\/v2\/comments?post=5493"}],"version-history":[{"count":0,"href":"https:\/\/centros.uepb.edu.br\/ccbsa\/wp-json\/wp\/v2\/posts\/5493\/revisions"}],"wp:featuredmedia":[{"embeddable":true,"href":"https:\/\/centros.uepb.edu.br\/ccbsa\/wp-json\/wp\/v2\/media\/5496"}],"wp:attachment":[{"href":"https:\/\/centros.uepb.edu.br\/ccbsa\/wp-json\/wp\/v2\/media?parent=5493"}],"wp:term":[{"taxonomy":"category","embeddable":true,"href":"https:\/\/centros.uepb.edu.br\/ccbsa\/wp-json\/wp\/v2\/categories?post=5493"},{"taxonomy":"post_tag","embeddable":true,"href":"https:\/\/centros.uepb.edu.br\/ccbsa\/wp-json\/wp\/v2\/tags?post=5493"}],"curies":[{"name":"wp","href":"https:\/\/api.w.org\/{rel}","templated":true}]}}