{"id":5477,"date":"2018-10-22T15:41:29","date_gmt":"2018-10-22T15:41:29","guid":{"rendered":"https:\/\/centros.uepb.edu.br\/ccbsa\/?p=5477"},"modified":"2018-10-22T15:41:29","modified_gmt":"2018-10-22T15:41:29","slug":"3a-edicao-de-workshop-de-lingua-espanhola-para-brasileiros-tem-inicio-no-campus-de-joao-pessoa-com-atividades-academicas","status":"publish","type":"post","link":"https:\/\/centros.uepb.edu.br\/ccbsa\/3a-edicao-de-workshop-de-lingua-espanhola-para-brasileiros-tem-inicio-no-campus-de-joao-pessoa-com-atividades-academicas\/","title":{"rendered":"3\u00aa edi\u00e7\u00e3o de Workshop de L\u00edngua Espanhola para Brasileiros tem in\u00edcio no Campus de Jo\u00e3o Pessoa com atividades acad\u00eamicas"},"content":{"rendered":"\n\t\t<style type=\"text\/css\">\n\t\t\t#gallery-1 {\n\t\t\t\tmargin: auto;\n\t\t\t}\n\t\t\t#gallery-1 .gallery-item {\n\t\t\t\tfloat: left;\n\t\t\t\tmargin-top: 10px;\n\t\t\t\ttext-align: center;\n\t\t\t\twidth: 33%;\n\t\t\t}\n\t\t\t#gallery-1 img {\n\t\t\t\tborder: 2px solid #cfcfcf;\n\t\t\t}\n\t\t\t#gallery-1 .gallery-caption {\n\t\t\t\tmargin-left: 0;\n\t\t\t}\n\t\t\t\/* see gallery_shortcode() in wp-includes\/media.php *\/\n\t\t<\/style>\n\t\t<div id='gallery-1' class='gallery galleryid-5477 gallery-columns-3 gallery-size-full'><dl class='gallery-item'>\n\t\t\t<dt class='gallery-icon landscape'>\n\t\t\t\t<a href='https:\/\/centros.uepb.edu.br\/ccbsa\/3a-edicao-de-workshop-de-lingua-espanhola-para-brasileiros-tem-inicio-no-campus-de-joao-pessoa-com-atividades-academicas\/img_2737\/'><img loading=\"lazy\" decoding=\"async\" width=\"840\" height=\"454\" src=\"https:\/\/centros.uepb.edu.br\/ccbsa\/files\/2018\/10\/IMG_2737.jpg\" class=\"attachment-full size-full\" alt=\"\" srcset=\"https:\/\/centros.uepb.edu.br\/ccbsa\/files\/2018\/10\/IMG_2737.jpg 840w, https:\/\/centros.uepb.edu.br\/ccbsa\/files\/2018\/10\/IMG_2737-300x162.jpg 300w, https:\/\/centros.uepb.edu.br\/ccbsa\/files\/2018\/10\/IMG_2737-768x415.jpg 768w, https:\/\/centros.uepb.edu.br\/ccbsa\/files\/2018\/10\/IMG_2737-370x200.jpg 370w\" sizes=\"auto, (max-width: 840px) 100vw, 840px\" \/><\/a>\n\t\t\t<\/dt><\/dl><dl class='gallery-item'>\n\t\t\t<dt class='gallery-icon landscape'>\n\t\t\t\t<a href='https:\/\/centros.uepb.edu.br\/ccbsa\/3a-edicao-de-workshop-de-lingua-espanhola-para-brasileiros-tem-inicio-no-campus-de-joao-pessoa-com-atividades-academicas\/img_2745\/'><img loading=\"lazy\" decoding=\"async\" width=\"840\" height=\"454\" src=\"https:\/\/centros.uepb.edu.br\/ccbsa\/files\/2018\/10\/IMG_2745.jpg\" class=\"attachment-full size-full\" alt=\"\" srcset=\"https:\/\/centros.uepb.edu.br\/ccbsa\/files\/2018\/10\/IMG_2745.jpg 840w, https:\/\/centros.uepb.edu.br\/ccbsa\/files\/2018\/10\/IMG_2745-300x162.jpg 300w, https:\/\/centros.uepb.edu.br\/ccbsa\/files\/2018\/10\/IMG_2745-768x415.jpg 768w, https:\/\/centros.uepb.edu.br\/ccbsa\/files\/2018\/10\/IMG_2745-370x200.jpg 370w\" sizes=\"auto, (max-width: 840px) 100vw, 840px\" \/><\/a>\n\t\t\t<\/dt><\/dl><dl class='gallery-item'>\n\t\t\t<dt class='gallery-icon landscape'>\n\t\t\t\t<a href='https:\/\/centros.uepb.edu.br\/ccbsa\/3a-edicao-de-workshop-de-lingua-espanhola-para-brasileiros-tem-inicio-no-campus-de-joao-pessoa-com-atividades-academicas\/img_2755\/'><img loading=\"lazy\" decoding=\"async\" width=\"840\" height=\"454\" src=\"https:\/\/centros.uepb.edu.br\/ccbsa\/files\/2018\/10\/IMG_2755.jpg\" class=\"attachment-full size-full\" alt=\"\" srcset=\"https:\/\/centros.uepb.edu.br\/ccbsa\/files\/2018\/10\/IMG_2755.jpg 840w, https:\/\/centros.uepb.edu.br\/ccbsa\/files\/2018\/10\/IMG_2755-300x162.jpg 300w, https:\/\/centros.uepb.edu.br\/ccbsa\/files\/2018\/10\/IMG_2755-768x415.jpg 768w, https:\/\/centros.uepb.edu.br\/ccbsa\/files\/2018\/10\/IMG_2755-370x200.jpg 370w\" sizes=\"auto, (max-width: 840px) 100vw, 840px\" \/><\/a>\n\t\t\t<\/dt><\/dl><br style=\"clear: both\" \/><dl class='gallery-item'>\n\t\t\t<dt class='gallery-icon landscape'>\n\t\t\t\t<a href='https:\/\/centros.uepb.edu.br\/ccbsa\/3a-edicao-de-workshop-de-lingua-espanhola-para-brasileiros-tem-inicio-no-campus-de-joao-pessoa-com-atividades-academicas\/img_2761\/'><img loading=\"lazy\" decoding=\"async\" width=\"840\" height=\"454\" src=\"https:\/\/centros.uepb.edu.br\/ccbsa\/files\/2018\/10\/IMG_2761.jpg\" class=\"attachment-full size-full\" alt=\"\" srcset=\"https:\/\/centros.uepb.edu.br\/ccbsa\/files\/2018\/10\/IMG_2761.jpg 840w, https:\/\/centros.uepb.edu.br\/ccbsa\/files\/2018\/10\/IMG_2761-300x162.jpg 300w, https:\/\/centros.uepb.edu.br\/ccbsa\/files\/2018\/10\/IMG_2761-768x415.jpg 768w, https:\/\/centros.uepb.edu.br\/ccbsa\/files\/2018\/10\/IMG_2761-370x200.jpg 370w\" sizes=\"auto, (max-width: 840px) 100vw, 840px\" \/><\/a>\n\t\t\t<\/dt><\/dl><dl class='gallery-item'>\n\t\t\t<dt class='gallery-icon landscape'>\n\t\t\t\t<a href='https:\/\/centros.uepb.edu.br\/ccbsa\/3a-edicao-de-workshop-de-lingua-espanhola-para-brasileiros-tem-inicio-no-campus-de-joao-pessoa-com-atividades-academicas\/img_2767-2\/'><img loading=\"lazy\" decoding=\"async\" width=\"840\" height=\"454\" src=\"https:\/\/centros.uepb.edu.br\/ccbsa\/files\/2018\/10\/IMG_2767-1.jpg\" class=\"attachment-full size-full\" alt=\"\" srcset=\"https:\/\/centros.uepb.edu.br\/ccbsa\/files\/2018\/10\/IMG_2767-1.jpg 840w, https:\/\/centros.uepb.edu.br\/ccbsa\/files\/2018\/10\/IMG_2767-1-300x162.jpg 300w, https:\/\/centros.uepb.edu.br\/ccbsa\/files\/2018\/10\/IMG_2767-1-768x415.jpg 768w, https:\/\/centros.uepb.edu.br\/ccbsa\/files\/2018\/10\/IMG_2767-1-370x200.jpg 370w\" sizes=\"auto, (max-width: 840px) 100vw, 840px\" \/><\/a>\n\t\t\t<\/dt><\/dl><dl class='gallery-item'>\n\t\t\t<dt class='gallery-icon landscape'>\n\t\t\t\t<a href='https:\/\/centros.uepb.edu.br\/ccbsa\/3a-edicao-de-workshop-de-lingua-espanhola-para-brasileiros-tem-inicio-no-campus-de-joao-pessoa-com-atividades-academicas\/img_2787\/'><img loading=\"lazy\" decoding=\"async\" width=\"840\" height=\"454\" src=\"https:\/\/centros.uepb.edu.br\/ccbsa\/files\/2018\/10\/IMG_2787.jpg\" class=\"attachment-full size-full\" alt=\"\" srcset=\"https:\/\/centros.uepb.edu.br\/ccbsa\/files\/2018\/10\/IMG_2787.jpg 840w, https:\/\/centros.uepb.edu.br\/ccbsa\/files\/2018\/10\/IMG_2787-300x162.jpg 300w, https:\/\/centros.uepb.edu.br\/ccbsa\/files\/2018\/10\/IMG_2787-768x415.jpg 768w, https:\/\/centros.uepb.edu.br\/ccbsa\/files\/2018\/10\/IMG_2787-370x200.jpg 370w\" sizes=\"auto, (max-width: 840px) 100vw, 840px\" \/><\/a>\n\t\t\t<\/dt><\/dl><br style=\"clear: both\" \/>\n\t\t<\/div>\n\n<p>Com a participa\u00e7\u00e3o de estudantes, professores e pesquisadores, teve in\u00edcio, na manh\u00e3 desta segunda-feira (22), no Campus V da Universidade Estadual da Para\u00edba (UEPB), a terceira edi\u00e7\u00e3o do \u201c<em>Taller de Estudios de Lengua Espa\u00f1ola para Brasile\u00f1os: Espa\u00f1ol para fines espec\u00edficos en Relaciones Internacionales y cursos de lenguas<\/em>\u201d.<\/p>\n<p>A mesa de abertura do evento contou com a participa\u00e7\u00e3o da diretora do Centro de Ci\u00eancias Biol\u00f3gicas e Sociais Aplicadas (CCBSA), professora Jacqueline Echeverr\u00eda Barrancos; da diretora do N\u00facleo de L\u00ednguas do Campus V, professora Eneida Gurgel, e da representante da comiss\u00e3o organizadora do evento, professora Kariny Dias de Oliveira.<\/p>\n<p>Na oportunidade, a diretora do CCBSA destacou a import\u00e2ncia dos servi\u00e7os prestados pelo N\u00facleo de L\u00ednguas da UEPB para a comunidade local e enalteceu a relev\u00e2ncia de iniciativas como o Taller de l\u00edngua espanhola para fortalecer a cultura hisp\u00e2nica no Brasil.<\/p>\n<p>A palestra de abertura do evento, \u201c<em>Experiencias de ense\u00f1anzas y aprendizajes de la lengua espa\u00f1ola em la carrera de RI<\/em>\u201d, foi ministrada pela professora do Instituto Federal de Alagoas, Neila Nazar\u00e9 Coelho Menezes, que abordou, entre outras quest\u00f5es, a experi\u00eancia profissional vivenciada na gradua\u00e7\u00e3o em Rela\u00e7\u00f5es Internacionais da UEPB entre 2015 e 2017, e apresentou as car\u00eancias no ensino de espanhol nas universidades, sem conte\u00fado espec\u00edfico e professores formados para abordar o idioma direcionado \u00e0s gradua\u00e7\u00f5es. A docente demonstrou alguns dos conte\u00fados elaborados para o ensino de espanhol no curso de Rela\u00e7\u00f5es Internacionais.<\/p>\n<p>O evento prossegue at\u00e9 a quarta-feira, 24 de outubro, com mesas redondas, minicursos, grupos de trabalho e apresenta\u00e7\u00f5es de pesquisas, todos com a media\u00e7\u00e3o de pesquisadores da UEPB e de outras universidades do Estado e do Nordeste, voltados a discutir o aprendizado da l\u00edngua espanhola na \u00e1rea de Rela\u00e7\u00f5es Internacionais e em cursos de l\u00ednguas.<\/p>\n","protected":false},"excerpt":{"rendered":"<p>Com a participa\u00e7\u00e3o de estudantes, professores e pesquisadores, teve in\u00edcio, na manh\u00e3 desta segunda-feira (22), no Campus V da Universidade Estadual da Para\u00edba (UEPB), a terceira edi\u00e7\u00e3o do \u201cTaller de Estudios de Lengua Espa\u00f1ola para Brasile\u00f1os: Espa\u00f1ol para fines espec\u00edficos en Relaciones Internacionales y cursos de lenguas\u201d. A mesa de abertura do evento contou com <a class=\"leiamais\" href=\"https:\/\/centros.uepb.edu.br\/ccbsa\/3a-edicao-de-workshop-de-lingua-espanhola-para-brasileiros-tem-inicio-no-campus-de-joao-pessoa-com-atividades-academicas\/\">Leia Mais&#8230;<\/a><\/p>\n","protected":false},"author":8,"featured_media":5478,"comment_status":"closed","ping_status":"closed","sticky":false,"template":"","format":"standard","meta":{"footnotes":""},"categories":[3,11],"tags":[],"class_list":["post-5477","post","type-post","status-publish","format-standard","has-post-thumbnail","hentry","category-noticias","category-noticias-destaque-img"],"jetpack_featured_media_url":"https:\/\/centros.uepb.edu.br\/ccbsa\/files\/2018\/10\/IMG_2767.jpg","_links":{"self":[{"href":"https:\/\/centros.uepb.edu.br\/ccbsa\/wp-json\/wp\/v2\/posts\/5477","targetHints":{"allow":["GET"]}}],"collection":[{"href":"https:\/\/centros.uepb.edu.br\/ccbsa\/wp-json\/wp\/v2\/posts"}],"about":[{"href":"https:\/\/centros.uepb.edu.br\/ccbsa\/wp-json\/wp\/v2\/types\/post"}],"author":[{"embeddable":true,"href":"https:\/\/centros.uepb.edu.br\/ccbsa\/wp-json\/wp\/v2\/users\/8"}],"replies":[{"embeddable":true,"href":"https:\/\/centros.uepb.edu.br\/ccbsa\/wp-json\/wp\/v2\/comments?post=5477"}],"version-history":[{"count":0,"href":"https:\/\/centros.uepb.edu.br\/ccbsa\/wp-json\/wp\/v2\/posts\/5477\/revisions"}],"wp:featuredmedia":[{"embeddable":true,"href":"https:\/\/centros.uepb.edu.br\/ccbsa\/wp-json\/wp\/v2\/media\/5478"}],"wp:attachment":[{"href":"https:\/\/centros.uepb.edu.br\/ccbsa\/wp-json\/wp\/v2\/media?parent=5477"}],"wp:term":[{"taxonomy":"category","embeddable":true,"href":"https:\/\/centros.uepb.edu.br\/ccbsa\/wp-json\/wp\/v2\/categories?post=5477"},{"taxonomy":"post_tag","embeddable":true,"href":"https:\/\/centros.uepb.edu.br\/ccbsa\/wp-json\/wp\/v2\/tags?post=5477"}],"curies":[{"name":"wp","href":"https:\/\/api.w.org\/{rel}","templated":true}]}}