{"id":5474,"date":"2018-10-22T15:24:12","date_gmt":"2018-10-22T15:24:12","guid":{"rendered":"https:\/\/centros.uepb.edu.br\/ccbsa\/?p=5474"},"modified":"2018-10-22T15:43:48","modified_gmt":"2018-10-22T15:43:48","slug":"campus-v-da-uepb-realiza-curso-e-palestra-sobre-diabetes-e-os-desafios-de-conviver-com-a-doenca","status":"publish","type":"post","link":"https:\/\/centros.uepb.edu.br\/ccbsa\/campus-v-da-uepb-realiza-curso-e-palestra-sobre-diabetes-e-os-desafios-de-conviver-com-a-doenca\/","title":{"rendered":"Campus V da UEPB realiza curso e palestra sobre Diabetes e os desafios de conviver com a doen\u00e7a"},"content":{"rendered":"<p><a href=\"https:\/\/centros.uepb.edu.br\/ccbsa\/files\/2018\/10\/IMG_20181020_120324.jpg\"><img loading=\"lazy\" decoding=\"async\" class=\"aligncenter size-full wp-image-5475 img-responsive\" src=\"https:\/\/centros.uepb.edu.br\/ccbsa\/files\/2018\/10\/IMG_20181020_120324.jpg\" alt=\"\" width=\"840\" height=\"454\" srcset=\"https:\/\/centros.uepb.edu.br\/ccbsa\/files\/2018\/10\/IMG_20181020_120324.jpg 840w, https:\/\/centros.uepb.edu.br\/ccbsa\/files\/2018\/10\/IMG_20181020_120324-300x162.jpg 300w, https:\/\/centros.uepb.edu.br\/ccbsa\/files\/2018\/10\/IMG_20181020_120324-768x415.jpg 768w, https:\/\/centros.uepb.edu.br\/ccbsa\/files\/2018\/10\/IMG_20181020_120324-370x200.jpg 370w\" sizes=\"auto, (max-width: 840px) 100vw, 840px\" \/><\/a><\/p>\n<p>Conviver com a Diabetes e ter qualidade de vida, esse \u00e9 um desafio cotidiano para as pessoas diagnosticadas com a doen\u00e7a e que motivou estudantes e profissionais da \u00e1rea de sa\u00fade, diab\u00e9ticos e familiares a participar de 17 a 20 de outubro, no Campus V da Universidade Estadual da Para\u00edba (UEPB), de uma s\u00e9rie de atividades com a educadora em Diabetes e PhD em Ci\u00eancias da Sa\u00fade da Universidade de Bras\u00edlia (UnB), Jane Dullius.<\/p>\n<p>O evento, promovido com o apoio da docente do curso de Ci\u00eancias Biol\u00f3gicas do Campus V da UEPB, Ana L\u00facia Vendel, contou com a palestra \u201cDiabetes com sa\u00fade: um doce desafio\u201d, com o curso \u201cContagem de carboidratos e controle glic\u00eamico em diabetes\u201d, e um bate papo sobre os cuidados do dia a dia com diabetes.<\/p>\n<p>A palestrante Jane Dullius, que convive com a diabetes h\u00e1 46 anos, \u00e9 autora do livro \u201cDiabetes Mellitus\u201d e coordenadora do programa \u201cDoce Desafio\u201d da UnB, prestando atendimento desde 2001 a mais de 20 mil pessoas com diabetes, al\u00e9m de capacitar profissionais para a \u00e1rea.<\/p>\n<p>Jane Dullius \u00e9 membro da Sociedade Brasileira de Diabetes, da Asociaci\u00f3n Latino Americana de Diabetes, da American Association of Diabetes Educators e de outras entidades. J\u00e1 ministrou palestras em Havana, Bogot\u00e1, Dubai, Las Vegas, Philadelphia, Santiago e outros pa\u00edses prestando esclarecimentos sobre diabetes. Atualmente a pesquisadora faz parte de um grupo de pesquisas que desenvolve uma bomba de insulina de fabrica\u00e7\u00e3o nacional. Dentre as quest\u00f5es a serem abordadas no evento est\u00e3o: alimenta\u00e7\u00e3o saud\u00e1vel, nutrientes, insuliniza\u00e7\u00e3o, monitoriza\u00e7\u00e3o, exerc\u00edcios f\u00edsicos, estresse, como calcular e corrigir as glicemias.<\/p>\n<p>De acordo com a professora Ana L\u00facia, embora o evento fosse voltado sobretudo para profissionais da \u00e1rea de sa\u00fade e diab\u00e9ticos houve uma grande procura de familiares e pais de crian\u00e7as com diabetes que buscavam orienta\u00e7\u00f5es para proporcionar maior qualidade de vida aos diagnosticados com a doen\u00e7a, o que surpreendeu os organizadores. \u201cPercebemos uma grande procura de pais e m\u00e3es de crian\u00e7as a partir de 2 anos de idade que n\u00e3o sabiam a quem recorrer e buscavam orienta\u00e7\u00f5es sobre como, por exemplo, preparar o lanche das crian\u00e7as para levar \u00e0 escola, que alimentos poderiam ser oferecidos nas festinhas dos filhos, e eles sa\u00edram realizados do evento porque viram que \u00e9 poss\u00edvel viver bem e ter uma vida longa mesmo convivendo com a diabetes\u201d, avaliou a docente.<\/p>\n<p>A docente destacou, ainda, que durante o curso foram desmistificadas v\u00e1rias quest\u00f5es relacionadas \u00e0 alimenta\u00e7\u00e3o do diab\u00e9tico, contagem de carboidratos, atividade f\u00edsica, entre outras quest\u00f5es. \u201c\u00c9 preciso que cada diab\u00e9tico conhe\u00e7a seu corpo e perceba que \u00e9 poss\u00edvel conviver com a doen\u00e7a apenas equilibrando o que come ao estilo de vida\u201d, avaliou a professora Ana L\u00facia Vendel.<\/p>\n<p>Segundo dados da pesquisa Vigil\u00e2ncia de Fatores de Risco e Prote\u00e7\u00e3o para Doen\u00e7as Cr\u00f4nicas por Inqu\u00e9rito Telef\u00f4nico (Vigitel), divulgada pelo Minist\u00e9rio da Sa\u00fade, em abril de 2017, o n\u00famero de brasileiros diagnosticados com diabetes cresceu 61,8% nos \u00faltimos 10 anos, passando de 5,5% da popula\u00e7\u00e3o em 2006, para 8,9% em 2016. No mundo, de acordo com dados da Organiza\u00e7\u00e3o Mundial da Sa\u00fade (OMS), o n\u00famero de pessoas com diabetes vem crescendo, chegando em 2017 a 422 milh\u00f5es de adultos.<\/p>\n","protected":false},"excerpt":{"rendered":"<p>Conviver com a Diabetes e ter qualidade de vida, esse \u00e9 um desafio cotidiano para as pessoas diagnosticadas com a doen\u00e7a e que motivou estudantes e profissionais da \u00e1rea de sa\u00fade, diab\u00e9ticos e familiares a participar de 17 a 20 de outubro, no Campus V da Universidade Estadual da Para\u00edba (UEPB), de uma s\u00e9rie de <a class=\"leiamais\" href=\"https:\/\/centros.uepb.edu.br\/ccbsa\/campus-v-da-uepb-realiza-curso-e-palestra-sobre-diabetes-e-os-desafios-de-conviver-com-a-doenca\/\">Leia Mais&#8230;<\/a><\/p>\n","protected":false},"author":8,"featured_media":5475,"comment_status":"closed","ping_status":"closed","sticky":false,"template":"","format":"standard","meta":{"footnotes":""},"categories":[3,11],"tags":[],"class_list":["post-5474","post","type-post","status-publish","format-standard","has-post-thumbnail","hentry","category-noticias","category-noticias-destaque-img"],"jetpack_featured_media_url":"https:\/\/centros.uepb.edu.br\/ccbsa\/files\/2018\/10\/IMG_20181020_120324.jpg","_links":{"self":[{"href":"https:\/\/centros.uepb.edu.br\/ccbsa\/wp-json\/wp\/v2\/posts\/5474","targetHints":{"allow":["GET"]}}],"collection":[{"href":"https:\/\/centros.uepb.edu.br\/ccbsa\/wp-json\/wp\/v2\/posts"}],"about":[{"href":"https:\/\/centros.uepb.edu.br\/ccbsa\/wp-json\/wp\/v2\/types\/post"}],"author":[{"embeddable":true,"href":"https:\/\/centros.uepb.edu.br\/ccbsa\/wp-json\/wp\/v2\/users\/8"}],"replies":[{"embeddable":true,"href":"https:\/\/centros.uepb.edu.br\/ccbsa\/wp-json\/wp\/v2\/comments?post=5474"}],"version-history":[{"count":0,"href":"https:\/\/centros.uepb.edu.br\/ccbsa\/wp-json\/wp\/v2\/posts\/5474\/revisions"}],"wp:featuredmedia":[{"embeddable":true,"href":"https:\/\/centros.uepb.edu.br\/ccbsa\/wp-json\/wp\/v2\/media\/5475"}],"wp:attachment":[{"href":"https:\/\/centros.uepb.edu.br\/ccbsa\/wp-json\/wp\/v2\/media?parent=5474"}],"wp:term":[{"taxonomy":"category","embeddable":true,"href":"https:\/\/centros.uepb.edu.br\/ccbsa\/wp-json\/wp\/v2\/categories?post=5474"},{"taxonomy":"post_tag","embeddable":true,"href":"https:\/\/centros.uepb.edu.br\/ccbsa\/wp-json\/wp\/v2\/tags?post=5474"}],"curies":[{"name":"wp","href":"https:\/\/api.w.org\/{rel}","templated":true}]}}