{"id":5420,"date":"2018-09-28T00:22:26","date_gmt":"2018-09-28T00:22:26","guid":{"rendered":"https:\/\/centros.uepb.edu.br\/ccbsa\/?p=5420"},"modified":"2018-09-28T00:34:40","modified_gmt":"2018-09-28T00:34:40","slug":"evento-alusivo-ao-setembro-azul-sera-promovido-no-ccbsa","status":"publish","type":"post","link":"https:\/\/centros.uepb.edu.br\/ccbsa\/evento-alusivo-ao-setembro-azul-sera-promovido-no-ccbsa\/","title":{"rendered":"Evento alusivo ao &#8220;Setembro Azul&#8221; ser\u00e1 promovido no CCBSA"},"content":{"rendered":"<p><a href=\"https:\/\/centros.uepb.edu.br\/ccbsa\/files\/2018\/09\/libras.jpg\"><img loading=\"lazy\" decoding=\"async\" class=\"size-medium wp-image-5421 alignleft img-responsive\" src=\"https:\/\/centros.uepb.edu.br\/ccbsa\/files\/2018\/09\/libras-300x300.jpg\" alt=\"\" width=\"300\" height=\"300\" srcset=\"https:\/\/centros.uepb.edu.br\/ccbsa\/files\/2018\/09\/libras-300x300.jpg 300w, https:\/\/centros.uepb.edu.br\/ccbsa\/files\/2018\/09\/libras-150x150.jpg 150w, https:\/\/centros.uepb.edu.br\/ccbsa\/files\/2018\/09\/libras-768x768.jpg 768w, https:\/\/centros.uepb.edu.br\/ccbsa\/files\/2018\/09\/libras-1024x1024.jpg 1024w, https:\/\/centros.uepb.edu.br\/ccbsa\/files\/2018\/09\/libras-370x370.jpg 370w, https:\/\/centros.uepb.edu.br\/ccbsa\/files\/2018\/09\/libras-840x840.jpg 840w, https:\/\/centros.uepb.edu.br\/ccbsa\/files\/2018\/09\/libras.jpg 1280w\" sizes=\"auto, (max-width: 300px) 100vw, 300px\" \/><\/a>Uma mesa-redonda que ser\u00e1 promovida na pr\u00f3xima segunda-feira (01) \u00e0s 08h, no audit\u00f3rio Pioneiros do Campus V da UEPB, busca incentivar a L\u00edngua Brasileira de Sinais no ensino superior.<\/p>\n<p>O evento \u00e9 alusivo ao \u201cSetembro Azul\u201d, m\u00eas que simboliza as lutas e avan\u00e7os dos movimentos surdos em todo o mundo e em que s\u00e3o promovidas diversas atividades para debater o assunto. A mesa-redonda ser\u00e1 ministrada pela professora Concei\u00e7\u00e3o Sa\u00fade, do Curso de Letras Libras da UFCG.<\/p>\n<p>A coordenadora do evento, professora Naiany Carneiro, ressalta que a iniciativa \u00e9 uma forma de destacar a import\u00e2ncia da L\u00edngua de Sinais atualmente e que os discentes podem colocar em pr\u00e1tica o que \u00e9 vivenciado durante a disciplina de Libras, recentemente inserida no novo PPC do curso de Arquivologia. \u201cNo pa\u00eds temos cerca de 10 milh\u00f5es de surdos. A Libras \u00e9 considerada a segunda l\u00edngua oficial no Brasil. Diante disto, n\u00f3s, enquanto profissionais da informa\u00e7\u00e3o, necessitamos de capacita\u00e7\u00e3o para atender aos nossos usu\u00e1rios surdos em suas\u00a0 demandas informacionais. Aprender\u00a0 Libras est\u00e1 para al\u00e9m de uma quest\u00e3o de comunica\u00e7\u00e3o, \u00e9 uma quest\u00e3o de inclus\u00e3o\u201d, acrescentou. A professora \u00e9 arquivista (formada pela UEPB), possui cursos e bastante experi\u00eancia na \u00e1rea de Libras.<\/p>\n<p>O evento tem como p\u00fablico alvo toda a comunidade acad\u00eamica,<\/p>\n","protected":false},"excerpt":{"rendered":"<p>Uma mesa-redonda que ser\u00e1 promovida na pr\u00f3xima segunda-feira (01) \u00e0s 08h, no audit\u00f3rio Pioneiros do Campus V da UEPB, busca incentivar a L\u00edngua Brasileira de Sinais no ensino superior. O evento \u00e9 alusivo ao \u201cSetembro Azul\u201d, m\u00eas que simboliza as lutas e avan\u00e7os dos movimentos surdos em todo o mundo e em que s\u00e3o promovidas <a class=\"leiamais\" href=\"https:\/\/centros.uepb.edu.br\/ccbsa\/evento-alusivo-ao-setembro-azul-sera-promovido-no-ccbsa\/\">Leia Mais&#8230;<\/a><\/p>\n","protected":false},"author":36,"featured_media":5428,"comment_status":"closed","ping_status":"closed","sticky":false,"template":"","format":"standard","meta":{"footnotes":""},"categories":[3,11],"tags":[],"class_list":["post-5420","post","type-post","status-publish","format-standard","has-post-thumbnail","hentry","category-noticias","category-noticias-destaque-img"],"jetpack_featured_media_url":"https:\/\/centros.uepb.edu.br\/ccbsa\/files\/2018\/09\/setembro_azul.png","_links":{"self":[{"href":"https:\/\/centros.uepb.edu.br\/ccbsa\/wp-json\/wp\/v2\/posts\/5420","targetHints":{"allow":["GET"]}}],"collection":[{"href":"https:\/\/centros.uepb.edu.br\/ccbsa\/wp-json\/wp\/v2\/posts"}],"about":[{"href":"https:\/\/centros.uepb.edu.br\/ccbsa\/wp-json\/wp\/v2\/types\/post"}],"author":[{"embeddable":true,"href":"https:\/\/centros.uepb.edu.br\/ccbsa\/wp-json\/wp\/v2\/users\/36"}],"replies":[{"embeddable":true,"href":"https:\/\/centros.uepb.edu.br\/ccbsa\/wp-json\/wp\/v2\/comments?post=5420"}],"version-history":[{"count":0,"href":"https:\/\/centros.uepb.edu.br\/ccbsa\/wp-json\/wp\/v2\/posts\/5420\/revisions"}],"wp:featuredmedia":[{"embeddable":true,"href":"https:\/\/centros.uepb.edu.br\/ccbsa\/wp-json\/wp\/v2\/media\/5428"}],"wp:attachment":[{"href":"https:\/\/centros.uepb.edu.br\/ccbsa\/wp-json\/wp\/v2\/media?parent=5420"}],"wp:term":[{"taxonomy":"category","embeddable":true,"href":"https:\/\/centros.uepb.edu.br\/ccbsa\/wp-json\/wp\/v2\/categories?post=5420"},{"taxonomy":"post_tag","embeddable":true,"href":"https:\/\/centros.uepb.edu.br\/ccbsa\/wp-json\/wp\/v2\/tags?post=5420"}],"curies":[{"name":"wp","href":"https:\/\/api.w.org\/{rel}","templated":true}]}}