{"id":5398,"date":"2018-09-19T01:17:08","date_gmt":"2018-09-19T01:17:08","guid":{"rendered":"https:\/\/centros.uepb.edu.br\/ccbsa\/?p=5398"},"modified":"2018-09-25T21:28:53","modified_gmt":"2018-09-25T21:28:53","slug":"nucleo-do-ccbsa-oferece-capacitacao-e-cursos-voltados-para-questoes-de-refugiados","status":"publish","type":"post","link":"https:\/\/centros.uepb.edu.br\/ccbsa\/nucleo-do-ccbsa-oferece-capacitacao-e-cursos-voltados-para-questoes-de-refugiados\/","title":{"rendered":"N\u00facleo do CCBSA oferece capacita\u00e7\u00e3o e cursos voltados para quest\u00f5es de refugiados"},"content":{"rendered":"<p><a href=\"https:\/\/centros.uepb.edu.br\/ccbsa\/files\/2018\/09\/IMG-20180905-WA0022.jpg\"><img loading=\"lazy\" decoding=\"async\" class=\"wp-image-5385 size-full alignnone img-responsive\" src=\"https:\/\/centros.uepb.edu.br\/ccbsa\/files\/2018\/09\/IMG-20180905-WA0022.jpg\" alt=\"\" width=\"1152\" height=\"648\" srcset=\"https:\/\/centros.uepb.edu.br\/ccbsa\/files\/2018\/09\/IMG-20180905-WA0022.jpg 1152w, https:\/\/centros.uepb.edu.br\/ccbsa\/files\/2018\/09\/IMG-20180905-WA0022-300x169.jpg 300w, https:\/\/centros.uepb.edu.br\/ccbsa\/files\/2018\/09\/IMG-20180905-WA0022-768x432.jpg 768w, https:\/\/centros.uepb.edu.br\/ccbsa\/files\/2018\/09\/IMG-20180905-WA0022-1024x576.jpg 1024w, https:\/\/centros.uepb.edu.br\/ccbsa\/files\/2018\/09\/IMG-20180905-WA0022-370x208.jpg 370w, https:\/\/centros.uepb.edu.br\/ccbsa\/files\/2018\/09\/IMG-20180905-WA0022-840x473.jpg 840w\" sizes=\"auto, (max-width: 1152px) 100vw, 1152px\" \/><\/a><\/p>\n<p>A C\u00e1tedra S\u00e9rgio Vieira de Mello (CSVM) da UEPB, criada em 2014 por um termo de parceria entre o Reitor Prof. Dr. Ant\u00f4nio Guedes Rangel J\u00fanior e o representante da Ag\u00eancia da ONU para Refugiados (ACNUR) no Brasil, Dr. Andr\u00e9s Ramirez, est\u00e1 sendo coordenado pelas professoras Andrea Pacheco Pac\u00edfico e Thalita Melo.<\/p>\n<p>A CSVM\/UEPB, existente dentro do N\u00facleo de Estudo e Pesquisa sobre Deslocados Ambientais (NEPDA), vinculado ao CCBSA do Campus V da UEPB, tem como finalidade oferecer educa\u00e7\u00e3o em quest\u00f5es de refugiados e outros migrantes articulado ao ensino, pesquisa e extens\u00e3o. Nesse sentido, a partir dessa parceria firmada, s\u00e3o ofertadas disciplinas na gradua\u00e7\u00e3o e no mestrado em Rela\u00e7\u00f5es Internacionais, ligados ao tema de refugiados e migrantes for\u00e7ados. Na produ\u00e7\u00e3o cient\u00edfica e t\u00e9cnica, o NEPDA est\u00e1 incrementando de forma significativa trabalhos de pesquisas, publica\u00e7\u00f5es e cap\u00edtulos de livros, artigos, entre outros g\u00eaneros cient\u00edficos de autoria de docentes e discentes, al\u00e9m de atividades de extens\u00e3o, como atendimento e aux\u00edlio nos processos de integra\u00e7\u00e3o local no Brasil e na Para\u00edba, e assessoria de prote\u00e7\u00e3o jur\u00eddica, humanit\u00e1ria e institucional.<\/p>\n<p>De forma pioneira, sob a coordena\u00e7\u00e3o da Profa. Dra. M\u00f4nica Santana, a CSVM\/UEPB iniciou a capacita\u00e7\u00e3o para um grupo de oito discentes para oferecer curso de portugu\u00eas como l\u00edngua de acolhimento aos cerca de cem venezuelanos que chegaram recentemente a Jo\u00e3o Pessoa. O Programa PLAC (Portugu\u00eas como l\u00edngua de acolhimento) j\u00e1 \u00e9 realizado por algumas CSVM no Brasil, a exemplo de UnB, USP e UERJ. Assim, a UEPB se integra a Rede do Programa PLAc e passara a atuar de forma a integrar os estudantes a atividades de campo, para a dissemina\u00e7\u00e3o da teoria aliada \u00e0 pr\u00e1tica no campo de estudo de migra\u00e7\u00e3o for\u00e7ada e refugiado.<\/p>\n","protected":false},"excerpt":{"rendered":"<p>A C\u00e1tedra S\u00e9rgio Vieira de Mello (CSVM) da UEPB, criada em 2014 por um termo de parceria entre o Reitor Prof. Dr. Ant\u00f4nio Guedes Rangel J\u00fanior e o representante da Ag\u00eancia da ONU para Refugiados (ACNUR) no Brasil, Dr. Andr\u00e9s Ramirez, est\u00e1 sendo coordenado pelas professoras Andrea Pacheco Pac\u00edfico e Thalita Melo. A CSVM\/UEPB, existente <a class=\"leiamais\" href=\"https:\/\/centros.uepb.edu.br\/ccbsa\/nucleo-do-ccbsa-oferece-capacitacao-e-cursos-voltados-para-questoes-de-refugiados\/\">Leia Mais&#8230;<\/a><\/p>\n","protected":false},"author":36,"featured_media":5418,"comment_status":"closed","ping_status":"closed","sticky":false,"template":"","format":"standard","meta":{"footnotes":""},"categories":[3,11],"tags":[],"class_list":["post-5398","post","type-post","status-publish","format-standard","has-post-thumbnail","hentry","category-noticias","category-noticias-destaque-img"],"jetpack_featured_media_url":"https:\/\/centros.uepb.edu.br\/ccbsa\/files\/2018\/09\/nepda.jpg","_links":{"self":[{"href":"https:\/\/centros.uepb.edu.br\/ccbsa\/wp-json\/wp\/v2\/posts\/5398","targetHints":{"allow":["GET"]}}],"collection":[{"href":"https:\/\/centros.uepb.edu.br\/ccbsa\/wp-json\/wp\/v2\/posts"}],"about":[{"href":"https:\/\/centros.uepb.edu.br\/ccbsa\/wp-json\/wp\/v2\/types\/post"}],"author":[{"embeddable":true,"href":"https:\/\/centros.uepb.edu.br\/ccbsa\/wp-json\/wp\/v2\/users\/36"}],"replies":[{"embeddable":true,"href":"https:\/\/centros.uepb.edu.br\/ccbsa\/wp-json\/wp\/v2\/comments?post=5398"}],"version-history":[{"count":0,"href":"https:\/\/centros.uepb.edu.br\/ccbsa\/wp-json\/wp\/v2\/posts\/5398\/revisions"}],"wp:featuredmedia":[{"embeddable":true,"href":"https:\/\/centros.uepb.edu.br\/ccbsa\/wp-json\/wp\/v2\/media\/5418"}],"wp:attachment":[{"href":"https:\/\/centros.uepb.edu.br\/ccbsa\/wp-json\/wp\/v2\/media?parent=5398"}],"wp:term":[{"taxonomy":"category","embeddable":true,"href":"https:\/\/centros.uepb.edu.br\/ccbsa\/wp-json\/wp\/v2\/categories?post=5398"},{"taxonomy":"post_tag","embeddable":true,"href":"https:\/\/centros.uepb.edu.br\/ccbsa\/wp-json\/wp\/v2\/tags?post=5398"}],"curies":[{"name":"wp","href":"https:\/\/api.w.org\/{rel}","templated":true}]}}