{"id":537,"date":"2013-07-24T20:04:39","date_gmt":"2013-07-24T20:04:39","guid":{"rendered":"\/ccbsa\/?p=537"},"modified":"2013-07-24T20:04:39","modified_gmt":"2013-07-24T20:04:39","slug":"4a-mostra-de-ensino-pesquisa-e-extensao-do-campus-v-discutira-etica-e-educacao-no-seculo-xxi","status":"publish","type":"post","link":"https:\/\/centros.uepb.edu.br\/ccbsa\/4a-mostra-de-ensino-pesquisa-e-extensao-do-campus-v-discutira-etica-e-educacao-no-seculo-xxi\/","title":{"rendered":"4\u00aa mostra de ensino, pesquisa e extens\u00e3o do Campus V discutir\u00e1 \u00e9tica e educa\u00e7\u00e3o no s\u00e9culo XXI"},"content":{"rendered":"<p>Palestras, mesas-redondas, exibi\u00e7\u00e3o de v\u00eddeo, gincana, mostra cient\u00edfica, show de talentos, corrida, caminhada e apresenta\u00e7\u00f5es culturais integram a programa\u00e7\u00e3o do 7\u00ba anivers\u00e1rio de cria\u00e7\u00e3o do Campus V da Universidade Estadual da Para\u00edba, a ser realizado nos dias 27 e 28 de agosto.<\/p>\n<p>Durante o evento tamb\u00e9m ser\u00e1 realizada a 4\u00aa mostra de ensino, pesquisa e extens\u00e3o, que nesta edi\u00e7\u00e3o abordar\u00e1 a tem\u00e1tica \u201c\u00c9tica e educa\u00e7\u00e3o: temas e dilemas no s\u00e9culo XXI\u201d. A abertura do evento ser\u00e1 no dia 27 de agosto, com a apresenta\u00e7\u00e3o de teatro com o Grupo P\u00e9 Quebrado apresentando a pe\u00e7a \u201cMist\u00e9rios da Pedra Bonita\u201d, e, na sequ\u00eancia a palestra com reitor Ant\u00f4nio Rangel J\u00fanior, que abordar\u00e1 o tema da Mostra.<\/p>\n<p>A primeira noite de evento ser\u00e1 encerrada com a apresenta\u00e7\u00e3o do grupo de percuss\u00e3o \u201cHaja Mulher\u201d. No in\u00edcio do dia 28 de agosto, a partir das 8h30, ser\u00e3o realizadas a corrida e caminhada pelos bairros do Cristo e Rangel. Tamb\u00e9m na manh\u00e3 do dia 28 haver\u00e1 a exposi\u00e7\u00e3o de artesanato e cultura com artes\u00e3os do bairro de Cristo e Rangel, oficina de anatomia humana, mostra de v\u00eddeos e ao longo do dia haver\u00e1 palestras nas tr\u00eas \u00e1reas das gradua\u00e7\u00f5es do Campus V, gincana e mesas-redondas.<\/p>\n<p>A novidade desta edi\u00e7\u00e3o \u00e9 a mesa-redonda do N\u00facleo de L\u00ednguas do Campus V, voltada \u00e0 exposi\u00e7\u00e3o das atividades deste setor, possibilidades de pesquisas na \u00e1rea e import\u00e2ncia do n\u00facleo para a comunidade acad\u00eamica do CCBSA. A atividade contar\u00e1 com apresenta\u00e7\u00f5es referente \u00e0 cada l\u00edngua ofertada no n\u00facleo, com os professores Aparecida (L\u00edngua Francesa), Rosemary Evaristo Barbosa (L\u00edngua Portuguesa),\u00a0 Claudiane Costa Aguiar (L\u00edngua Inglesa e Profici\u00eancia)\/ Eneida Gurgel\u00a0 (L\u00edngua Espanhola), tendo a coordenadora do N\u00facleo de L\u00ednguas, professora M\u00f4nica Santana, como mediadora.<\/p>\n<p>O evento ser\u00e1 encerrado com a premia\u00e7\u00e3o dos melhores p\u00f4steres, vencedores da gincana, show de talentos e apresenta\u00e7\u00e3o musical. Nos pr\u00f3ximos dias ser\u00e3o divulgadas as diretrizes para submiss\u00e3o de p\u00f4steres, inscri\u00e7\u00e3o no show de talentos e atividades esportivas.<\/p>\n<p><strong>Hist\u00f3rico do Campus V<\/strong><\/p>\n<p>Criado em 2006, ap\u00f3s a conquista da autonomia financeira que viabilizou a expans\u00e3o da UEPB, o Campus V \u2013 Ministro Alcides Carneiro trouxe para o litoral do Estado cursos pioneiros e forma\u00e7\u00f5es com o intuito de atender a uma demanda local, como os Bacharelados em Arquivologia, Rela\u00e7\u00f5es Internacionais e Ci\u00eancias Biol\u00f3gicas.<\/p>\n<p>A escolha de Alcides Carneiro para nomear o CCBSA deu-se por ocasi\u00e3o do centen\u00e1rio de nascimento do paraibano, completado em 2006. Al\u00e9m disso, foi considerada a relevante atua\u00e7\u00e3o do homenageado, tanto como homem p\u00fablico, tendo sido Deputado Constituinte em 1946, assumido interinamente a Presid\u00eancia da Rep\u00fablica e exercido outros cargos no \u00e2mbito federal, e tamb\u00e9m como homem das letras, tendo sido imortalizado pela Academia Paraibana de Letras.<\/p>\n<p>Atualmente, o Campus V abrange os bacharelados em Arquivologia, Ci\u00eancias Biol\u00f3gicas e Rela\u00e7\u00f5es Internacionais, Mestrado em Rela\u00e7\u00f5es Internacionais, N\u00facleo de L\u00ednguas e um polo de Educa\u00e7\u00e3o a Dist\u00e2ncia, que funciona na Av. Coremas, 332 \u2013 Centro, e oferece cursos de gradua\u00e7\u00e3o em Letras e Geografia, voltados aos professores da rede p\u00fablica de ensino (estadual e municipal), inscritos no Plano de A\u00e7\u00f5es Articuladas (PAR) do Governo Federal e as gradua\u00e7\u00f5es em Administra\u00e7\u00e3o P\u00fablica e em Pedagogia, esta \u00faltima presencial, com aulas aos s\u00e1bados.<\/p>\n<p>O CCBSA tamb\u00e9m sedia as aulas do curso de Licenciatura em Pedagogia destinado \u00e0 forma\u00e7\u00e3o de professores e a Especializa\u00e7\u00e3o em Fundamentos da Educa\u00e7\u00e3o, que \u00e9 voltada aos professores efetivos da Rede Estadual de Ensino, com curso de gradua\u00e7\u00e3o, al\u00e9m de t\u00e9cnicos e administradores escolares tamb\u00e9m com gradua\u00e7\u00e3o conclu\u00edda.<\/p>\n<p>&nbsp;<\/p>\n","protected":false},"excerpt":{"rendered":"<p>Palestras, mesas-redondas, exibi\u00e7\u00e3o de v\u00eddeo, gincana, mostra cient\u00edfica, show de talentos, corrida, caminhada e apresenta\u00e7\u00f5es culturais integram a programa\u00e7\u00e3o do 7\u00ba anivers\u00e1rio de cria\u00e7\u00e3o do Campus V da Universidade Estadual da Para\u00edba, a ser realizado nos dias 27 e 28 de agosto. Durante o evento tamb\u00e9m ser\u00e1 realizada a 4\u00aa mostra de ensino, pesquisa e <a class=\"leiamais\" href=\"https:\/\/centros.uepb.edu.br\/ccbsa\/4a-mostra-de-ensino-pesquisa-e-extensao-do-campus-v-discutira-etica-e-educacao-no-seculo-xxi\/\">Leia Mais&#8230;<\/a><\/p>\n","protected":false},"author":8,"featured_media":0,"comment_status":"open","ping_status":"open","sticky":false,"template":"","format":"standard","meta":{"footnotes":""},"categories":[3,5],"tags":[],"class_list":["post-537","post","type-post","status-publish","format-standard","hentry","category-noticias","category-visiveis"],"jetpack_featured_media_url":"","_links":{"self":[{"href":"https:\/\/centros.uepb.edu.br\/ccbsa\/wp-json\/wp\/v2\/posts\/537","targetHints":{"allow":["GET"]}}],"collection":[{"href":"https:\/\/centros.uepb.edu.br\/ccbsa\/wp-json\/wp\/v2\/posts"}],"about":[{"href":"https:\/\/centros.uepb.edu.br\/ccbsa\/wp-json\/wp\/v2\/types\/post"}],"author":[{"embeddable":true,"href":"https:\/\/centros.uepb.edu.br\/ccbsa\/wp-json\/wp\/v2\/users\/8"}],"replies":[{"embeddable":true,"href":"https:\/\/centros.uepb.edu.br\/ccbsa\/wp-json\/wp\/v2\/comments?post=537"}],"version-history":[{"count":0,"href":"https:\/\/centros.uepb.edu.br\/ccbsa\/wp-json\/wp\/v2\/posts\/537\/revisions"}],"wp:attachment":[{"href":"https:\/\/centros.uepb.edu.br\/ccbsa\/wp-json\/wp\/v2\/media?parent=537"}],"wp:term":[{"taxonomy":"category","embeddable":true,"href":"https:\/\/centros.uepb.edu.br\/ccbsa\/wp-json\/wp\/v2\/categories?post=537"},{"taxonomy":"post_tag","embeddable":true,"href":"https:\/\/centros.uepb.edu.br\/ccbsa\/wp-json\/wp\/v2\/tags?post=537"}],"curies":[{"name":"wp","href":"https:\/\/api.w.org\/{rel}","templated":true}]}}