{"id":529,"date":"2013-07-24T19:00:16","date_gmt":"2013-07-24T19:00:16","guid":{"rendered":"\/ccbsa\/?p=529"},"modified":"2013-08-09T18:32:35","modified_gmt":"2013-08-09T18:32:35","slug":"campus-v-seleciona-orador-oficial-para-colacao-de-grau-do-periodo-letivo-2013-1","status":"publish","type":"post","link":"https:\/\/centros.uepb.edu.br\/ccbsa\/campus-v-seleciona-orador-oficial-para-colacao-de-grau-do-periodo-letivo-2013-1\/","title":{"rendered":"CCBSA inscreve formandos na sele\u00e7\u00e3o do orador oficial da cola\u00e7\u00e3o de grau do per\u00edodo letivo 2013.1"},"content":{"rendered":"<p>Os formandos interessados em concorrer \u00e0 sele\u00e7\u00e3o de orador oficial do per\u00edodo letivo 2013.1 do Campus V da Universidade Estadual da Para\u00edba t\u00eam at\u00e9 o dia 19 de agosto para entregar o discurso na secretaria do Centro de Ci\u00eancias Biol\u00f3gicas e Sociais Aplicadas.<\/p>\n<p>A escolha do orador ser\u00e1 feita mediante an\u00e1lise do texto escrito, a estrutura formal, o conte\u00fado tem\u00e1tico, o dom\u00ednio e organiza\u00e7\u00e3o da linguagem, e ainda, observando os seguintes aspectos: sauda\u00e7\u00e3o, trajet\u00f3ria acad\u00eamica, o papel da Universidade no enriquecimento intelectual, al\u00e9m das considera\u00e7\u00f5es finais e os agradecimentos.<\/p>\n<p>O discurso deve ter no m\u00e1ximo 13 mil caracteres e n\u00e3o ultrapassar o tempo de 12 minutos de leitura. A tem\u00e1tica ser\u00e1 livre, contudo o orador selecionado deve explorar qualidade das ideias, criatividade e capacidade cr\u00edtica na formula\u00e7\u00e3o conclusiva.<\/p>\n<p>A Pr\u00f3-Reitoria de Ensino e Gradua\u00e7\u00e3o (PROEG) divulgar\u00e1 o resultado do concurso ap\u00f3s aprecia\u00e7\u00e3o e avalia\u00e7\u00e3o da Comiss\u00e3o Julgadora, em seu site oficial. A cola\u00e7\u00e3o de grau do Campus V ocorrer\u00e1 no dia 17 de setembro.<\/p>\n<p>Todas as\u00a0regras da sele\u00e7\u00e3o podem ser acessadas na [wpfilebase tag=fileurl id=12 linktext=&#8217;PORTARIA\/UEPB\/PROEG\/007\/2011&#8242; \/]<\/p>\n","protected":false},"excerpt":{"rendered":"<p>Os formandos interessados em concorrer \u00e0 sele\u00e7\u00e3o de orador oficial do per\u00edodo letivo 2013.1 do Campus V da Universidade Estadual da Para\u00edba t\u00eam at\u00e9 o dia 19 de agosto para entregar o discurso na secretaria do Centro de Ci\u00eancias Biol\u00f3gicas e Sociais Aplicadas. A escolha do orador ser\u00e1 feita mediante an\u00e1lise do texto escrito, a <a class=\"leiamais\" href=\"https:\/\/centros.uepb.edu.br\/ccbsa\/campus-v-seleciona-orador-oficial-para-colacao-de-grau-do-periodo-letivo-2013-1\/\">Leia Mais&#8230;<\/a><\/p>\n","protected":false},"author":8,"featured_media":0,"comment_status":"open","ping_status":"open","sticky":false,"template":"","format":"standard","meta":{"footnotes":""},"categories":[3,5],"tags":[],"class_list":["post-529","post","type-post","status-publish","format-standard","hentry","category-noticias","category-visiveis"],"jetpack_featured_media_url":"","_links":{"self":[{"href":"https:\/\/centros.uepb.edu.br\/ccbsa\/wp-json\/wp\/v2\/posts\/529","targetHints":{"allow":["GET"]}}],"collection":[{"href":"https:\/\/centros.uepb.edu.br\/ccbsa\/wp-json\/wp\/v2\/posts"}],"about":[{"href":"https:\/\/centros.uepb.edu.br\/ccbsa\/wp-json\/wp\/v2\/types\/post"}],"author":[{"embeddable":true,"href":"https:\/\/centros.uepb.edu.br\/ccbsa\/wp-json\/wp\/v2\/users\/8"}],"replies":[{"embeddable":true,"href":"https:\/\/centros.uepb.edu.br\/ccbsa\/wp-json\/wp\/v2\/comments?post=529"}],"version-history":[{"count":0,"href":"https:\/\/centros.uepb.edu.br\/ccbsa\/wp-json\/wp\/v2\/posts\/529\/revisions"}],"wp:attachment":[{"href":"https:\/\/centros.uepb.edu.br\/ccbsa\/wp-json\/wp\/v2\/media?parent=529"}],"wp:term":[{"taxonomy":"category","embeddable":true,"href":"https:\/\/centros.uepb.edu.br\/ccbsa\/wp-json\/wp\/v2\/categories?post=529"},{"taxonomy":"post_tag","embeddable":true,"href":"https:\/\/centros.uepb.edu.br\/ccbsa\/wp-json\/wp\/v2\/tags?post=529"}],"curies":[{"name":"wp","href":"https:\/\/api.w.org\/{rel}","templated":true}]}}