{"id":5222,"date":"2018-06-26T16:59:47","date_gmt":"2018-06-26T16:59:47","guid":{"rendered":"https:\/\/centros.uepb.edu.br\/ccbsa\/?p=5222"},"modified":"2018-06-28T18:23:25","modified_gmt":"2018-06-28T18:23:25","slug":"pesquisador-do-campus-v-e-convidado-para-ser-editor-chefe-de-um-volume-de-periodico-internacional-da-area-de-quimica","status":"publish","type":"post","link":"https:\/\/centros.uepb.edu.br\/ccbsa\/pesquisador-do-campus-v-e-convidado-para-ser-editor-chefe-de-um-volume-de-periodico-internacional-da-area-de-quimica\/","title":{"rendered":"Pesquisador do Campus V assume editoria-chefe de volume do peri\u00f3dico \u201cMedicina Oxidativa e Longevidade Celular\u201d"},"content":{"rendered":"<p><a href=\"https:\/\/centros.uepb.edu.br\/ccbsa\/files\/2017\/01\/coljp8.jpg\"><img loading=\"lazy\" decoding=\"async\" class=\"aligncenter size-full wp-image-3852 img-responsive\" src=\"https:\/\/centros.uepb.edu.br\/ccbsa\/files\/2017\/01\/coljp8.jpg\" alt=\"\" width=\"840\" height=\"454\" srcset=\"https:\/\/centros.uepb.edu.br\/ccbsa\/files\/2017\/01\/coljp8.jpg 840w, https:\/\/centros.uepb.edu.br\/ccbsa\/files\/2017\/01\/coljp8-300x162.jpg 300w, https:\/\/centros.uepb.edu.br\/ccbsa\/files\/2017\/01\/coljp8-768x415.jpg 768w, https:\/\/centros.uepb.edu.br\/ccbsa\/files\/2017\/01\/coljp8-370x200.jpg 370w\" sizes=\"auto, (max-width: 840px) 100vw, 840px\" \/><\/a><\/p>\n<p>Uma forma de reconhecimento \u00e0 contribui\u00e7\u00e3o nas \u00e1reas de Qu\u00edmica e Farm\u00e1cia e um desafio profissional e acad\u00eamico, \u00e9 assim que o professor Francisco Jaime Bezerra Mendon\u00e7a J\u00fanior, do Campus V da Universidade Estadual da Para\u00edba (UEPB), define o convite do peri\u00f3dico internacional \u201c<em>Oxidative Medicine and Cellular Longevity<\/em>\u201d para que o docente assuma a fun\u00e7\u00e3o de editor-chefe do volume com o tema \u201c<em>Natural Bioactive Products with Antioxidant Properties Useful in Neurodegenerative Diseases<\/em>\u201d.<\/p>\n<p>O peri\u00f3dico \u00e9 voltado a pesquisas na \u00e1rea de Medicina Oxidativa e Longevidade Celular, que lidam com mecanismos celulares e moleculares do estresse oxidativo no sistema nervoso e sistemas de \u00f3rg\u00e3os relacionados em rela\u00e7\u00e3o ao envelhecimento, fun\u00e7\u00e3o imunol\u00f3gica, biologia vascular, metabolismo, sobreviv\u00eancia celular e longevidade celular.<\/p>\n<p>O estresse oxidativo afeta quase todos os transtornos progressivos agudos e cr\u00f4nicos e est\u00e1 intimamente ligado ao envelhecimento, doen\u00e7as cardiovasculares, c\u00e2ncer, fun\u00e7\u00e3o imunol\u00f3gica, metabolismo e neurodegenera\u00e7\u00e3o. De acordo com os respons\u00e1veis pelo peri\u00f3dico, a revista preenche uma lacuna significativa na literatura cient\u00edfica de hoje e serve como um f\u00f3rum internacional para a comunidade cient\u00edfica em todo o mundo com pesquisas pioneiras e estrat\u00e9gias cl\u00ednicas. A \u201c<em>Oxidative Medicine and Cellular Longevity<\/em>\u201d est\u00e1 com prazo de submiss\u00e3o aberto at\u00e9 o dia 5 de outubro para a publica\u00e7\u00e3o de fevereiro de 2019.<\/p>\n<p>Segundo o professor Francisco Jaime o convite dessas revistas cient\u00edficas mais renomadas para a fun\u00e7\u00e3o de editor considera o n\u00famero de publica\u00e7\u00f5es e cita\u00e7\u00f5es de artigos de pesquisadores conceituados no pa\u00eds. \u201cA convoca\u00e7\u00e3o para que eu assumisse a fun\u00e7\u00e3o de editor-chefe dessa edi\u00e7\u00e3o especial da \u2018<em>Oxidative Medicine and Cellular Longevity\u2019<\/em> \u00e9 uma forma de reconhecimento nacional e internacional do meu trabalho como bolsista de produtividade. Desde dezembro de 2017 que encaminhei a proposta e, atualmente, assumo essa responsabilidade que pode abrir caminhos, por exemplo, para estabelecermos parcerias com empresas, gerarmos produtos de retorno para a sociedade a partir da nossa produ\u00e7\u00e3o cient\u00edfica\u201d, avaliou o pesquisador.<\/p>\n<p><strong>Sobre o professor Francisco Jaime<\/strong><\/p>\n<p>Farmac\u00eautico industrial formado pela Universidade Federal de Pernambuco (UFPE), mestre em Ci\u00eancias Farmac\u00eauticas pela UFPE e doutor em Ci\u00eancias Biol\u00f3gicas, com per\u00edodo sandu\u00edche na Universit\u00e9 Lyon 1-Fran\u00e7a, professor Francisco Jaime, atualmente, ocupa o cargo de Diretor Geral da Funda\u00e7\u00e3o Parque Tecnol\u00f3gico da Para\u00edba (PaqTcPB) quadri\u00eanio 2017-2021 e \u00e9 professor Associado 1 da Universidade Estadual da Para\u00edba (UEPB), lotado no campus de Jo\u00e3o Pessoa. Tamb\u00e9m atua nos Programas de P\u00f3s-Gradua\u00e7\u00e3o em: Produtos Naturais e Sint\u00e9ticos Bioativos da UFPB (CAPES n\u00edvel 6), Inova\u00e7\u00e3o Terap\u00eautica da UFPE (Capes n\u00edvel 5); e Programa de P\u00f3s-Gradua\u00e7\u00e3o em Qu\u00edmica da UEPB (CAPES n\u00edvel 3), onde \u00e9 orientador de mestrado e doutorado.<\/p>\n<p>Entre os anos de 2012 a 2016 exerceu a fun\u00e7\u00e3o de diretor do Centro de Ci\u00eancias Biol\u00f3gicas e Sociais Aplicadas (CCBSA). Autor e coautor de mais de 70 artigos cient\u00edficos publicados em peri\u00f3dicos indexados nas \u00e1reas da Farm\u00e1cia e Qu\u00edmica, com um livro publicado \u2013 \u201cDoen\u00e7as Negligenciadas sob a \u00f3tica da Qu\u00edmica Medicinal\u201d \u2013 cinco cap\u00edtulos de livros, e inventor com 16 pedidos de patentes depositadas no INPI (BR) e um PCT.<\/p>\n<p>Tem diversos projetos aprovados em \u00f3rg\u00e3os de fomento e atua na \u00e1rea da Qu\u00edmica Medicinal e Org\u00e2nica, com \u00eanfase na S\u00edntese e Planejamento de F\u00e1rmacos e foco na s\u00edntese, planejamento e avalia\u00e7\u00e3o de novas mol\u00e9culas bioativas com potencial atividade antimicrobiana\/antif\u00fangica, psicotr\u00f3pica, anti-inflamat\u00f3rias, antitumorais e frente a doen\u00e7as negligenciadas.<\/p>\n<p><em>Texto: Juliana Marques<\/em><\/p>\n","protected":false},"excerpt":{"rendered":"<p>Uma forma de reconhecimento \u00e0 contribui\u00e7\u00e3o nas \u00e1reas de Qu\u00edmica e Farm\u00e1cia e um desafio profissional e acad\u00eamico, \u00e9 assim que o professor Francisco Jaime Bezerra Mendon\u00e7a J\u00fanior, do Campus V da Universidade Estadual da Para\u00edba (UEPB), define o convite do peri\u00f3dico internacional \u201cOxidative Medicine and Cellular Longevity\u201d para que o docente assuma a fun\u00e7\u00e3o <a class=\"leiamais\" href=\"https:\/\/centros.uepb.edu.br\/ccbsa\/pesquisador-do-campus-v-e-convidado-para-ser-editor-chefe-de-um-volume-de-periodico-internacional-da-area-de-quimica\/\">Leia Mais&#8230;<\/a><\/p>\n","protected":false},"author":8,"featured_media":3852,"comment_status":"closed","ping_status":"closed","sticky":false,"template":"","format":"standard","meta":{"footnotes":""},"categories":[3,11],"tags":[],"class_list":["post-5222","post","type-post","status-publish","format-standard","has-post-thumbnail","hentry","category-noticias","category-noticias-destaque-img"],"jetpack_featured_media_url":"https:\/\/centros.uepb.edu.br\/ccbsa\/files\/2017\/01\/coljp8.jpg","_links":{"self":[{"href":"https:\/\/centros.uepb.edu.br\/ccbsa\/wp-json\/wp\/v2\/posts\/5222","targetHints":{"allow":["GET"]}}],"collection":[{"href":"https:\/\/centros.uepb.edu.br\/ccbsa\/wp-json\/wp\/v2\/posts"}],"about":[{"href":"https:\/\/centros.uepb.edu.br\/ccbsa\/wp-json\/wp\/v2\/types\/post"}],"author":[{"embeddable":true,"href":"https:\/\/centros.uepb.edu.br\/ccbsa\/wp-json\/wp\/v2\/users\/8"}],"replies":[{"embeddable":true,"href":"https:\/\/centros.uepb.edu.br\/ccbsa\/wp-json\/wp\/v2\/comments?post=5222"}],"version-history":[{"count":0,"href":"https:\/\/centros.uepb.edu.br\/ccbsa\/wp-json\/wp\/v2\/posts\/5222\/revisions"}],"wp:featuredmedia":[{"embeddable":true,"href":"https:\/\/centros.uepb.edu.br\/ccbsa\/wp-json\/wp\/v2\/media\/3852"}],"wp:attachment":[{"href":"https:\/\/centros.uepb.edu.br\/ccbsa\/wp-json\/wp\/v2\/media?parent=5222"}],"wp:term":[{"taxonomy":"category","embeddable":true,"href":"https:\/\/centros.uepb.edu.br\/ccbsa\/wp-json\/wp\/v2\/categories?post=5222"},{"taxonomy":"post_tag","embeddable":true,"href":"https:\/\/centros.uepb.edu.br\/ccbsa\/wp-json\/wp\/v2\/tags?post=5222"}],"curies":[{"name":"wp","href":"https:\/\/api.w.org\/{rel}","templated":true}]}}