{"id":5185,"date":"2018-06-18T14:52:54","date_gmt":"2018-06-18T14:52:54","guid":{"rendered":"https:\/\/centros.uepb.edu.br\/ccbsa\/?p=5185"},"modified":"2018-06-18T14:52:54","modified_gmt":"2018-06-18T14:52:54","slug":"2o-encontro-de-sanfoneiros-e-tocadores-de-fole-de-oito-baixos-e-realizado-no-campus-de-joao-pessoa","status":"publish","type":"post","link":"https:\/\/centros.uepb.edu.br\/ccbsa\/2o-encontro-de-sanfoneiros-e-tocadores-de-fole-de-oito-baixos-e-realizado-no-campus-de-joao-pessoa\/","title":{"rendered":"2\u00ba Encontro de Sanfoneiros e Tocadores de Fole de Oito Baixos \u00e9 realizado no Campus de Jo\u00e3o Pessoa"},"content":{"rendered":"<p><a href=\"https:\/\/centros.uepb.edu.br\/ccbsa\/files\/2018\/06\/IMG_1367.jpg\"><img loading=\"lazy\" decoding=\"async\" class=\"aligncenter size-full wp-image-5186 img-responsive\" src=\"https:\/\/centros.uepb.edu.br\/ccbsa\/files\/2018\/06\/IMG_1367.jpg\" alt=\"\" width=\"840\" height=\"454\" srcset=\"https:\/\/centros.uepb.edu.br\/ccbsa\/files\/2018\/06\/IMG_1367.jpg 840w, https:\/\/centros.uepb.edu.br\/ccbsa\/files\/2018\/06\/IMG_1367-300x162.jpg 300w, https:\/\/centros.uepb.edu.br\/ccbsa\/files\/2018\/06\/IMG_1367-768x415.jpg 768w, https:\/\/centros.uepb.edu.br\/ccbsa\/files\/2018\/06\/IMG_1367-370x200.jpg 370w\" sizes=\"auto, (max-width: 840px) 100vw, 840px\" \/><\/a><\/p>\n<p>&#8220;Sua sanfona saudosa, com que vivia abra\u00e7ado, era santa milagrosa ressuscitando o passado&#8221;, assim declamava o poeta Patativa do Assar\u00e9 ao descrever uma cena tradicional das festas juninas pela nordeste, a figura emblem\u00e1tica do sanfoneiro que preserva cultura popular e homenageia seus antepassados quando toca sua sanfona ou seu fole de oito baixos. Imbu\u00eddo desse esp\u00edrito foi realizada, nesta sexta-feira (15), no Campus V da Universidade Estadual da Para\u00edba (UEPB), a etapa pessoense do 2\u00ba Encontro de Sanfoneiros e Tocadores de Fole de Oito Baixos. O evento teve in\u00edcio no m\u00eas de abril em Araruna e passou por todos os munic\u00edpios por onde a UEPB est\u00e1 instalada, com o encerramento previsto para ocorrer no dia 19 de junho, no Teatro Municipal em Campina Grande.<\/p>\n<p>Em Jo\u00e3o Pessoa, o evento contou com a participa\u00e7\u00e3o de sanfoneiros e artistas locais, ativistas culturais do Estado, professores, pesquisadores e estudantes. O pro-reitor de cultura da UEPB, professor Jos\u00e9 Crist\u00f3v\u00e3o de Andrade, destacou a import\u00e2ncia dessa iniciativa como uma express\u00e3o de valoriza\u00e7\u00e3o da cultura popular nordestina.<\/p>\n<p>\u201cEu tenho avaliado que essa atividade \u00e9 de uma grandeza, sobretudo num momento em que a gente denuncia o desprezo e o descaso com a cultura popular nordestina. \u00c9 uma demonstra\u00e7\u00e3o de que a UEPB tem a cultura como um elo bem forte com o povo. E, mesmo com as dificuldades que a nossa institui\u00e7\u00e3o atravessa, com a falta de recursos e de respeito \u00e0 autonomia, conseguimos realizar esse evento e enaltecer a nossa cultura, que \u00e9 o mais importante\u201d, avaliou o pro-reitor de cultura.<\/p>\n<p>O escritor e curador do Museu de Arte Popular da Para\u00edba (MAPP), Fernando Moura, destacou a import\u00e2ncia do trabalho realizado pela UEPB e fez um convite para as novas exposi\u00e7\u00f5es em cartaz no MAAP. \u201cEsse evento \u00e9 de extrema relev\u00e2ncia para o mapeamento dos sanfoneiros em todo o Estado e valoriza\u00e7\u00e3o do fole de oito baixos, que, a meu ver, deveria ser institu\u00eddo como instrumento s\u00edmbolo da Para\u00edba, j\u00e1 que o fole tem sobrevivido t\u00e3o intensamente na Para\u00edba, com representantes como Luizinho, Z\u00e9 Calixto, Geraldo Correia e tantos outros. E, com essa mesma vertente da valoriza\u00e7\u00e3o da cultura popular a UEPB tem promovido eventos no MAPP, como a exposi\u00e7\u00e3o destinada a homenagear Ant\u00f4nio Barros e Cec\u00e9u, que s\u00e3o de uma riqueza cultural, e que est\u00e1 aberto \u00e0 visita\u00e7\u00e3o. Ent\u00e3o, vale a pena prestigiar essas iniciativas que retratam e valorizam a nossa cultura\u201d, destacou.<\/p>\n<p>A integrante do F\u00f3rum Nacional do Forr\u00f3 de Raiz e a ativista cultural Joana Alves participou do evento e aproveitou a oportunidade para protestar contra a conduta de gestores que desvalorizam a cultura nordestina e o forr\u00f3 de raiz durante os festejos juninos e elogiou a iniciativa da PROCULT em promover o 2\u00ba Encontro de Sanfoneiros e Tocadores de Fole de Oito Baixos<\/p>\n<p>A caravana do evento realizou diversas apresenta\u00e7\u00f5es com a participa\u00e7\u00e3o do sanfoneiro mir\u00edm Ra\u00ed Bezerra; dos emboladores Can\u00e1rio e Caboclo; do diretor do MAPP Chico Pereira; do diretor do Grupo de Tradi\u00e7\u00f5es Populares Acau\u00e3 da Serra, Agnaldo Barbosa; do Maestro da Orquestra Sanf\u00f4nica Balaio Nordeste, Lucilio Souza; dos m\u00fasicos Jo\u00e3o e Marcelo Calixto, al\u00e9m de maestros e professores de m\u00fasica, ativistas culturais, sanfoneiros e tocadores de todo o Estado. O poeta Lino Sapo foi o respons\u00e1vel pelo cerimonial do evento.<\/p>\n<p>No Campus de Jo\u00e3o Pessoa a iniciativa da Pr\u00f3-Reitoria de Cultura (Procult) foi coordenada pelo professor Henrique Fran\u00e7a em parceria com a dire\u00e7\u00e3o do Centro de Ci\u00eancias Biol\u00f3gicas e Sociais Aplicadas (CCBSA) da UEPB.<\/p>\n<p>Texto e foto: Juliana Marques<\/p>\n","protected":false},"excerpt":{"rendered":"<p>&#8220;Sua sanfona saudosa, com que vivia abra\u00e7ado, era santa milagrosa ressuscitando o passado&#8221;, assim declamava o poeta Patativa do Assar\u00e9 ao descrever uma cena tradicional das festas juninas pela nordeste, a figura emblem\u00e1tica do sanfoneiro que preserva cultura popular e homenageia seus antepassados quando toca sua sanfona ou seu fole de oito baixos. Imbu\u00eddo desse <a class=\"leiamais\" href=\"https:\/\/centros.uepb.edu.br\/ccbsa\/2o-encontro-de-sanfoneiros-e-tocadores-de-fole-de-oito-baixos-e-realizado-no-campus-de-joao-pessoa\/\">Leia Mais&#8230;<\/a><\/p>\n","protected":false},"author":8,"featured_media":5186,"comment_status":"closed","ping_status":"closed","sticky":false,"template":"","format":"standard","meta":{"footnotes":""},"categories":[3,11],"tags":[],"class_list":["post-5185","post","type-post","status-publish","format-standard","has-post-thumbnail","hentry","category-noticias","category-noticias-destaque-img"],"jetpack_featured_media_url":"https:\/\/centros.uepb.edu.br\/ccbsa\/files\/2018\/06\/IMG_1367.jpg","_links":{"self":[{"href":"https:\/\/centros.uepb.edu.br\/ccbsa\/wp-json\/wp\/v2\/posts\/5185","targetHints":{"allow":["GET"]}}],"collection":[{"href":"https:\/\/centros.uepb.edu.br\/ccbsa\/wp-json\/wp\/v2\/posts"}],"about":[{"href":"https:\/\/centros.uepb.edu.br\/ccbsa\/wp-json\/wp\/v2\/types\/post"}],"author":[{"embeddable":true,"href":"https:\/\/centros.uepb.edu.br\/ccbsa\/wp-json\/wp\/v2\/users\/8"}],"replies":[{"embeddable":true,"href":"https:\/\/centros.uepb.edu.br\/ccbsa\/wp-json\/wp\/v2\/comments?post=5185"}],"version-history":[{"count":0,"href":"https:\/\/centros.uepb.edu.br\/ccbsa\/wp-json\/wp\/v2\/posts\/5185\/revisions"}],"wp:featuredmedia":[{"embeddable":true,"href":"https:\/\/centros.uepb.edu.br\/ccbsa\/wp-json\/wp\/v2\/media\/5186"}],"wp:attachment":[{"href":"https:\/\/centros.uepb.edu.br\/ccbsa\/wp-json\/wp\/v2\/media?parent=5185"}],"wp:term":[{"taxonomy":"category","embeddable":true,"href":"https:\/\/centros.uepb.edu.br\/ccbsa\/wp-json\/wp\/v2\/categories?post=5185"},{"taxonomy":"post_tag","embeddable":true,"href":"https:\/\/centros.uepb.edu.br\/ccbsa\/wp-json\/wp\/v2\/tags?post=5185"}],"curies":[{"name":"wp","href":"https:\/\/api.w.org\/{rel}","templated":true}]}}