{"id":513,"date":"2013-07-23T15:37:33","date_gmt":"2013-07-23T15:37:33","guid":{"rendered":"\/ccbsa\/?p=513"},"modified":"2013-07-23T15:42:45","modified_gmt":"2013-07-23T15:42:45","slug":"projeto-da-uepb-realiza-atividades-em-escolas-presidios-e-asilos-da-capital-visando-promover-a-seguranca-humana","status":"publish","type":"post","link":"https:\/\/centros.uepb.edu.br\/ccbsa\/projeto-da-uepb-realiza-atividades-em-escolas-presidios-e-asilos-da-capital-visando-promover-a-seguranca-humana\/","title":{"rendered":"Projeto da UEPB realiza a\u00e7\u00f5es em escolas, pres\u00eddios e asilos visando promover a seguran\u00e7a humana"},"content":{"rendered":"<p><a href=\"http:\/\/centros.ascom.uepb.edu.br\/ccbsa\/files\/2013\/07\/PUA21.jpg\"><img loading=\"lazy\" decoding=\"async\" class=\"alignleft size-thumbnail wp-image-520 img-responsive\" alt=\"PUA2\" src=\"http:\/\/centros.ascom.uepb.edu.br\/ccbsa\/files\/2013\/07\/PUA21-150x150.jpg\" width=\"150\" height=\"150\" \/><\/a>Levar a universidade \u00e0s escolas, asilos, n\u00facleos de acolhida, ruas, locais onde \u00e9 poss\u00edvel cumprir verdadeiramente o papel da extens\u00e3o universit\u00e1ria de proporcionar uma intera\u00e7\u00e3o entre a academia e a sociedade, essa tem sido a rotina dos participantes do \u201cProjeto UEPB em A\u00e7\u00e3o\u201d (PUA), que \u00e9 vinculado ao curso de Rela\u00e7\u00f5es Internacionais do Campus V e Pro-Reitoria de Extens\u00e3o da Universidade Estadual da Para\u00edba.<\/p>\n<p>O projeto, que \u00e9 coordenado pelo professor Paulo Kuhlmann, re\u00fane professores e estudantes dos cursos de Arquivologia, Biologia, Rela\u00e7\u00f5es Internacionais da UEPB e do ensino m\u00e9dio da Escola Jos\u00e9 Lins do R\u00eago. Criada em 2011, \u00e9poca em que o Campus V da UEPB instalou-se no bairro do Cristo, a iniciativa visa desenvolver a seguran\u00e7a humana nas comunidades adjacentes ao Campus V da UEPB (bairros do Cristo\/Rangel), promovendo a emancipa\u00e7\u00e3o <a href=\"http:\/\/centros.ascom.uepb.edu.br\/ccbsa\/files\/2013\/07\/pua4.jpg\"><img loading=\"lazy\" decoding=\"async\" class=\"alignright size-thumbnail wp-image-521 img-responsive\" alt=\"pua4\" src=\"http:\/\/centros.ascom.uepb.edu.br\/ccbsa\/files\/2013\/07\/pua4-150x150.jpg\" width=\"150\" height=\"150\" \/><\/a>das pessoas e grupos, fortalecendo-as como cidad\u00e3s.<\/p>\n<p>As atividades do PUA s\u00e3o desenvolvidas nas \u00e1rea de alfabetiza\u00e7\u00e3o e letramento, com alunos da UEPB ministrando aulas, ap\u00f3s capacita\u00e7\u00e3o; cultura, fortalecendo os artistas locais por meio de cria\u00e7\u00e3o, divulga\u00e7\u00e3o de eventos, e de apoio ao planejamento de carreira; clown, com palha\u00e7os desenvolvendo atividades l\u00fadicas na comunidade, buscando diminuir animosidades e criar intera\u00e7\u00f5es positivas, principalmente nos hor\u00e1rios de lazer dos alunos das escolas da regi\u00e3o.<\/p>\n<p>E ainda, for\u00e7a verde, com atividades no Rio Jaguaribe e conscientiza\u00e7\u00e3o das comunidades ribeirinhas, para melhoria do rio e das comunidades e media\u00e7\u00e3o, com a\u00e7\u00f5es para diminuir atritos dentro da comunidade e entre a comunidade e as administra\u00e7\u00f5es p\u00fablicas estaduais e federais, utilizando-se da negocia\u00e7\u00e3o, da facilita\u00e7\u00e3o e, em \u00faltima inst\u00e2ncia, dos meios jur\u00eddicos.<\/p>\n<p><strong>Clown<\/strong><\/p>\n<p><a href=\"http:\/\/centros.ascom.uepb.edu.br\/ccbsa\/files\/2013\/07\/PUA1.jpg\"><img loading=\"lazy\" decoding=\"async\" class=\"alignleft size-thumbnail wp-image-522 img-responsive\" alt=\"PUA1\" src=\"http:\/\/centros.ascom.uepb.edu.br\/ccbsa\/files\/2013\/07\/PUA1-150x150.jpg\" width=\"150\" height=\"150\" \/><\/a>No dia 19 de julho, o PUA esteve presente na Escola Municipal de Ensino Fundamental Santa \u00c2ngela, localizada a poucos metros da UEPB \u2013 Campus V, no bairro do Cristo Redentor. Com um p\u00fablico de aproximadamente 150 crian\u00e7as com faixa et\u00e1ria de 6 a 11 anos de idade, os integrantes do projeto realizaram uma atividade de Clown com n\u00fameros que estimulam a imagina\u00e7\u00e3o, humor e conscientiza\u00e7\u00e3o. Durante a a\u00e7\u00e3o os palha\u00e7os Mancada (professor Paulo Kuhlmann), Bam-bam (Lu\u00eds Eduardo), Skinka (Suerda Gabriela), Cacatua (Irla Medeiros) e C\u00e2imbra (Victor Hugo) com aux\u00edlio da estudante Kamila Borges na sonoplastia e fotografia, todos integrantes do projeto, levaram alegria, afei\u00e7\u00e3o e princ\u00edpios de emancipa\u00e7\u00e3o ao p\u00fablico presente.<\/p>\n<p>\u201cQuando chegamos l\u00e1, algumas crian\u00e7as de imediato vinham interagir conosco, umas admirar nossa maquiagem, nossos instrumentos, tocar em nosso nariz, outras para nos confrontar ou mesmo nos abra\u00e7ar. As crian\u00e7as se permitem a tudo que o palha\u00e7o<a href=\"http:\/\/centros.ascom.uepb.edu.br\/ccbsa\/files\/2013\/07\/PUA3.jpg\"><img loading=\"lazy\" decoding=\"async\" class=\"alignright size-thumbnail wp-image-523 img-responsive\" alt=\"PUA3\" src=\"http:\/\/centros.ascom.uepb.edu.br\/ccbsa\/files\/2013\/07\/PUA3-150x150.jpg\" width=\"150\" height=\"150\" \/><\/a> prop\u00f5e, e isso que \u00e9 interessante, essa intera\u00e7\u00e3o que nos possibilita tratar de v\u00e1rios temas com o envolvimento deles\u201d, afirma a estudante de Rela\u00e7\u00f5es Internacionais e bolsista do PUA, Suerda Gabriela Ara\u00fajo.<\/p>\n<p>O grupo tamb\u00e9m realizar\u00e1 no dia 26 de julho uma interven\u00e7\u00e3o na Penitenci\u00e1ria de Recupera\u00e7\u00e3o Feminina Maria Julia Maranh\u00e3o, no bairro de Mangabeira, onde ser\u00e1 realizada uma visita de palha\u00e7o (clown) buscando diminuir as formas de exclus\u00e3o social as quais esse p\u00fablico est\u00e1 exposto diariamente, entendendo-as como parte da comunidade paraibana e dignas de aten\u00e7\u00e3o e respeito.<\/p>\n<p>Outras informa\u00e7\u00f5es: <a href=\"http:\/\/www.facebook.com\/pua.uepb\">http:\/\/www.facebook.com\/pua.uepb<\/a> \/ <a href=\"mailto:pua.uepb@gmail.com\">pua.uepb@gmail.com<\/a>.<\/p>\n","protected":false},"excerpt":{"rendered":"<p>Levar a universidade \u00e0s escolas, asilos, n\u00facleos de acolhida, ruas, locais onde \u00e9 poss\u00edvel cumprir verdadeiramente o papel da extens\u00e3o universit\u00e1ria de proporcionar uma intera\u00e7\u00e3o entre a academia e a sociedade, essa tem sido a rotina dos participantes do \u201cProjeto UEPB em A\u00e7\u00e3o\u201d (PUA), que \u00e9 vinculado ao curso de Rela\u00e7\u00f5es Internacionais do Campus V <a class=\"leiamais\" href=\"https:\/\/centros.uepb.edu.br\/ccbsa\/projeto-da-uepb-realiza-atividades-em-escolas-presidios-e-asilos-da-capital-visando-promover-a-seguranca-humana\/\">Leia Mais&#8230;<\/a><\/p>\n","protected":false},"author":8,"featured_media":514,"comment_status":"open","ping_status":"open","sticky":false,"template":"","format":"standard","meta":{"footnotes":""},"categories":[6],"tags":[],"class_list":["post-513","post","type-post","status-publish","format-standard","has-post-thumbnail","hentry","category-slide"],"jetpack_featured_media_url":"https:\/\/centros.uepb.edu.br\/ccbsa\/files\/2013\/07\/PUA2.jpg","_links":{"self":[{"href":"https:\/\/centros.uepb.edu.br\/ccbsa\/wp-json\/wp\/v2\/posts\/513","targetHints":{"allow":["GET"]}}],"collection":[{"href":"https:\/\/centros.uepb.edu.br\/ccbsa\/wp-json\/wp\/v2\/posts"}],"about":[{"href":"https:\/\/centros.uepb.edu.br\/ccbsa\/wp-json\/wp\/v2\/types\/post"}],"author":[{"embeddable":true,"href":"https:\/\/centros.uepb.edu.br\/ccbsa\/wp-json\/wp\/v2\/users\/8"}],"replies":[{"embeddable":true,"href":"https:\/\/centros.uepb.edu.br\/ccbsa\/wp-json\/wp\/v2\/comments?post=513"}],"version-history":[{"count":0,"href":"https:\/\/centros.uepb.edu.br\/ccbsa\/wp-json\/wp\/v2\/posts\/513\/revisions"}],"wp:featuredmedia":[{"embeddable":true,"href":"https:\/\/centros.uepb.edu.br\/ccbsa\/wp-json\/wp\/v2\/media\/514"}],"wp:attachment":[{"href":"https:\/\/centros.uepb.edu.br\/ccbsa\/wp-json\/wp\/v2\/media?parent=513"}],"wp:term":[{"taxonomy":"category","embeddable":true,"href":"https:\/\/centros.uepb.edu.br\/ccbsa\/wp-json\/wp\/v2\/categories?post=513"},{"taxonomy":"post_tag","embeddable":true,"href":"https:\/\/centros.uepb.edu.br\/ccbsa\/wp-json\/wp\/v2\/tags?post=513"}],"curies":[{"name":"wp","href":"https:\/\/api.w.org\/{rel}","templated":true}]}}