{"id":5070,"date":"2018-06-06T14:15:39","date_gmt":"2018-06-06T14:15:39","guid":{"rendered":"https:\/\/centros.uepb.edu.br\/ccbsa\/?p=5070"},"modified":"2018-06-06T14:16:27","modified_gmt":"2018-06-06T14:16:27","slug":"secretaria-estadual-do-ministerio-publico-federal-visita-o-campus-v-da-uepb-para-discutir-parcerias-na-area-de-arquivologia","status":"publish","type":"post","link":"https:\/\/centros.uepb.edu.br\/ccbsa\/secretaria-estadual-do-ministerio-publico-federal-visita-o-campus-v-da-uepb-para-discutir-parcerias-na-area-de-arquivologia\/","title":{"rendered":"Secretaria Estadual do Minist\u00e9rio P\u00fablico Federal visita o Campus V da UEPB para discutir parcerias na \u00e1rea de Arquivologia"},"content":{"rendered":"<p><a href=\"https:\/\/centros.uepb.edu.br\/ccbsa\/files\/2018\/06\/IMG_1056.jpg\"><img loading=\"lazy\" decoding=\"async\" class=\"aligncenter size-full wp-image-5071 img-responsive\" src=\"https:\/\/centros.uepb.edu.br\/ccbsa\/files\/2018\/06\/IMG_1056.jpg\" alt=\"\" width=\"840\" height=\"454\" srcset=\"https:\/\/centros.uepb.edu.br\/ccbsa\/files\/2018\/06\/IMG_1056.jpg 840w, https:\/\/centros.uepb.edu.br\/ccbsa\/files\/2018\/06\/IMG_1056-300x162.jpg 300w, https:\/\/centros.uepb.edu.br\/ccbsa\/files\/2018\/06\/IMG_1056-768x415.jpg 768w, https:\/\/centros.uepb.edu.br\/ccbsa\/files\/2018\/06\/IMG_1056-370x200.jpg 370w\" sizes=\"auto, (max-width: 840px) 100vw, 840px\" \/><\/a><\/p>\n<p>Com o objetivo de discutir parcerias entre as institui\u00e7\u00f5es, o secret\u00e1rio estadual da Para\u00edba do Minist\u00e9rio P\u00fablico Federal (MPF) Jo\u00e3o Monteiro de Lima Neto, esteve no Campus V da Universidade Estadual da Para\u00edba (UEPB), na manh\u00e3 da segunda-feira (4), com a diretora do Centro de Ci\u00eancias Biol\u00f3gicas e Sociais Aplicadas (CCBSA) da UEPB, professora Jacqueline Echeverr\u00eda Barrancos, a coordenadora do curso de Arquivologia, professora Esmeralda Porf\u00edrio de Sales e a secret\u00e1ria administrativa do MPF Maria Carla Freitas.<\/p>\n<p>Na oportunidade, foram acertados detalhes da parceria que viabilizar\u00e1 a assessoria do curso de Arquivologia da UEPB para a gest\u00e3o documental no MPF-PB. Nesse sentido, ser\u00e3o oferecidos est\u00e1gios para os estudantes do curso de Arquivologia da UEPB e, em contrapartida, os representantes do MPF-PB promover\u00e3o, em conjunto com a UEPB, palestras e atividades educativas na \u00e1rea jur\u00eddica.<\/p>\n<p>A coordenadora do Bacharelado em Arquivologia da UEPB, professora Esmeralda Porf\u00edrio de Sales, destacou a import\u00e2ncia dessa parceria que, segundo a docente, reflete a visibilidade do curso de Arquivologia da UEPB junto \u00e0s institui\u00e7\u00f5es do Estado. \u201cEssa parceria n\u00e3o s\u00f3 possibilitar\u00e1 a efetiva\u00e7\u00e3o de um campo de est\u00e1gio para nossos alunos utilizarem instrumentos de gest\u00e3o arquiv\u00edstica que vem sendo trabalhados ao longo do curso como viabiliza a abertura de vagas para arquivistas no quadro de pessoal do MPF, visto que demonstramos a import\u00e2ncia da atua\u00e7\u00e3o desse profissional na institui\u00e7\u00e3o\u201d, avalia.<\/p>\n<p>A Procuradoria da Rep\u00fablica \u00e9 a unidade do Minist\u00e9rio P\u00fablico Federal (MPF) que atua no Estado nos casos de compet\u00eancia da Justi\u00e7a Federal em primeira inst\u00e2ncia, envolvendo as \u00e1reas criminal, consumidor, meio ambiente e patrim\u00f4nio cultural, combate \u00e0 corrup\u00e7\u00e3o, direitos do cidad\u00e3o, eleitoral, constitucional, \u00edndios e minorias. Na Para\u00edba, o MPF possui unidades em Jo\u00e3o Pessoa, Campina Grande, Patos, Sousa, Monteiro.<\/p>\n<p><em><strong>Texto de foto:<\/strong> Juliana Marques<\/em><\/p>\n","protected":false},"excerpt":{"rendered":"<p>Com o objetivo de discutir parcerias entre as institui\u00e7\u00f5es, o secret\u00e1rio estadual da Para\u00edba do Minist\u00e9rio P\u00fablico Federal (MPF) Jo\u00e3o Monteiro de Lima Neto, esteve no Campus V da Universidade Estadual da Para\u00edba (UEPB), na manh\u00e3 da segunda-feira (4), com a diretora do Centro de Ci\u00eancias Biol\u00f3gicas e Sociais Aplicadas (CCBSA) da UEPB, professora Jacqueline <a class=\"leiamais\" href=\"https:\/\/centros.uepb.edu.br\/ccbsa\/secretaria-estadual-do-ministerio-publico-federal-visita-o-campus-v-da-uepb-para-discutir-parcerias-na-area-de-arquivologia\/\">Leia Mais&#8230;<\/a><\/p>\n","protected":false},"author":8,"featured_media":5071,"comment_status":"closed","ping_status":"closed","sticky":false,"template":"","format":"standard","meta":{"footnotes":""},"categories":[3,11],"tags":[],"class_list":["post-5070","post","type-post","status-publish","format-standard","has-post-thumbnail","hentry","category-noticias","category-noticias-destaque-img"],"jetpack_featured_media_url":"https:\/\/centros.uepb.edu.br\/ccbsa\/files\/2018\/06\/IMG_1056.jpg","_links":{"self":[{"href":"https:\/\/centros.uepb.edu.br\/ccbsa\/wp-json\/wp\/v2\/posts\/5070","targetHints":{"allow":["GET"]}}],"collection":[{"href":"https:\/\/centros.uepb.edu.br\/ccbsa\/wp-json\/wp\/v2\/posts"}],"about":[{"href":"https:\/\/centros.uepb.edu.br\/ccbsa\/wp-json\/wp\/v2\/types\/post"}],"author":[{"embeddable":true,"href":"https:\/\/centros.uepb.edu.br\/ccbsa\/wp-json\/wp\/v2\/users\/8"}],"replies":[{"embeddable":true,"href":"https:\/\/centros.uepb.edu.br\/ccbsa\/wp-json\/wp\/v2\/comments?post=5070"}],"version-history":[{"count":0,"href":"https:\/\/centros.uepb.edu.br\/ccbsa\/wp-json\/wp\/v2\/posts\/5070\/revisions"}],"wp:featuredmedia":[{"embeddable":true,"href":"https:\/\/centros.uepb.edu.br\/ccbsa\/wp-json\/wp\/v2\/media\/5071"}],"wp:attachment":[{"href":"https:\/\/centros.uepb.edu.br\/ccbsa\/wp-json\/wp\/v2\/media?parent=5070"}],"wp:term":[{"taxonomy":"category","embeddable":true,"href":"https:\/\/centros.uepb.edu.br\/ccbsa\/wp-json\/wp\/v2\/categories?post=5070"},{"taxonomy":"post_tag","embeddable":true,"href":"https:\/\/centros.uepb.edu.br\/ccbsa\/wp-json\/wp\/v2\/tags?post=5070"}],"curies":[{"name":"wp","href":"https:\/\/api.w.org\/{rel}","templated":true}]}}