{"id":5050,"date":"2018-06-05T16:30:23","date_gmt":"2018-06-05T16:30:23","guid":{"rendered":"https:\/\/centros.uepb.edu.br\/ccbsa\/?p=5050"},"modified":"2018-06-05T16:33:37","modified_gmt":"2018-06-05T16:33:37","slug":"docente-e-discentes-de-ciencias-biologicas-do-campus-v-realizam-feira-em-parceria-com-escola-jose-lins-do-rego","status":"publish","type":"post","link":"https:\/\/centros.uepb.edu.br\/ccbsa\/docente-e-discentes-de-ciencias-biologicas-do-campus-v-realizam-feira-em-parceria-com-escola-jose-lins-do-rego\/","title":{"rendered":"Docente e discentes de Ci\u00eancias Biol\u00f3gicas do Campus V realizam feira em parceria com Escola Jos\u00e9 Lins do R\u00eago"},"content":{"rendered":"\n\t\t<style type=\"text\/css\">\n\t\t\t#gallery-1 {\n\t\t\t\tmargin: auto;\n\t\t\t}\n\t\t\t#gallery-1 .gallery-item {\n\t\t\t\tfloat: left;\n\t\t\t\tmargin-top: 10px;\n\t\t\t\ttext-align: center;\n\t\t\t\twidth: 33%;\n\t\t\t}\n\t\t\t#gallery-1 img {\n\t\t\t\tborder: 2px solid #cfcfcf;\n\t\t\t}\n\t\t\t#gallery-1 .gallery-caption {\n\t\t\t\tmargin-left: 0;\n\t\t\t}\n\t\t\t\/* see gallery_shortcode() in wp-includes\/media.php *\/\n\t\t<\/style>\n\t\t<div id='gallery-1' class='gallery galleryid-5050 gallery-columns-3 gallery-size-full'><dl class='gallery-item'>\n\t\t\t<dt class='gallery-icon landscape'>\n\t\t\t\t<a href='https:\/\/centros.uepb.edu.br\/ccbsa\/files\/2018\/06\/IMG_1085.jpg'><img loading=\"lazy\" decoding=\"async\" width=\"840\" height=\"454\" src=\"https:\/\/centros.uepb.edu.br\/ccbsa\/files\/2018\/06\/IMG_1085.jpg\" class=\"attachment-full size-full\" alt=\"\" srcset=\"https:\/\/centros.uepb.edu.br\/ccbsa\/files\/2018\/06\/IMG_1085.jpg 840w, https:\/\/centros.uepb.edu.br\/ccbsa\/files\/2018\/06\/IMG_1085-300x162.jpg 300w, https:\/\/centros.uepb.edu.br\/ccbsa\/files\/2018\/06\/IMG_1085-768x415.jpg 768w, https:\/\/centros.uepb.edu.br\/ccbsa\/files\/2018\/06\/IMG_1085-370x200.jpg 370w\" sizes=\"auto, (max-width: 840px) 100vw, 840px\" \/><\/a>\n\t\t\t<\/dt><\/dl><dl class='gallery-item'>\n\t\t\t<dt class='gallery-icon landscape'>\n\t\t\t\t<a href='https:\/\/centros.uepb.edu.br\/ccbsa\/files\/2018\/06\/IMG_1121.jpg'><img loading=\"lazy\" decoding=\"async\" width=\"840\" height=\"454\" src=\"https:\/\/centros.uepb.edu.br\/ccbsa\/files\/2018\/06\/IMG_1121.jpg\" class=\"attachment-full size-full\" alt=\"\" srcset=\"https:\/\/centros.uepb.edu.br\/ccbsa\/files\/2018\/06\/IMG_1121.jpg 840w, https:\/\/centros.uepb.edu.br\/ccbsa\/files\/2018\/06\/IMG_1121-300x162.jpg 300w, https:\/\/centros.uepb.edu.br\/ccbsa\/files\/2018\/06\/IMG_1121-768x415.jpg 768w, https:\/\/centros.uepb.edu.br\/ccbsa\/files\/2018\/06\/IMG_1121-370x200.jpg 370w\" sizes=\"auto, (max-width: 840px) 100vw, 840px\" \/><\/a>\n\t\t\t<\/dt><\/dl><dl class='gallery-item'>\n\t\t\t<dt class='gallery-icon landscape'>\n\t\t\t\t<a href='https:\/\/centros.uepb.edu.br\/ccbsa\/files\/2018\/06\/IMG_1116.jpg'><img loading=\"lazy\" decoding=\"async\" width=\"840\" height=\"454\" src=\"https:\/\/centros.uepb.edu.br\/ccbsa\/files\/2018\/06\/IMG_1116.jpg\" class=\"attachment-full size-full\" alt=\"\" srcset=\"https:\/\/centros.uepb.edu.br\/ccbsa\/files\/2018\/06\/IMG_1116.jpg 840w, https:\/\/centros.uepb.edu.br\/ccbsa\/files\/2018\/06\/IMG_1116-300x162.jpg 300w, https:\/\/centros.uepb.edu.br\/ccbsa\/files\/2018\/06\/IMG_1116-768x415.jpg 768w, https:\/\/centros.uepb.edu.br\/ccbsa\/files\/2018\/06\/IMG_1116-370x200.jpg 370w\" sizes=\"auto, (max-width: 840px) 100vw, 840px\" \/><\/a>\n\t\t\t<\/dt><\/dl><br style=\"clear: both\" \/><dl class='gallery-item'>\n\t\t\t<dt class='gallery-icon landscape'>\n\t\t\t\t<a href='https:\/\/centros.uepb.edu.br\/ccbsa\/files\/2018\/06\/IMG_1099.jpg'><img loading=\"lazy\" decoding=\"async\" width=\"840\" height=\"454\" src=\"https:\/\/centros.uepb.edu.br\/ccbsa\/files\/2018\/06\/IMG_1099.jpg\" class=\"attachment-full size-full\" alt=\"\" srcset=\"https:\/\/centros.uepb.edu.br\/ccbsa\/files\/2018\/06\/IMG_1099.jpg 840w, https:\/\/centros.uepb.edu.br\/ccbsa\/files\/2018\/06\/IMG_1099-300x162.jpg 300w, https:\/\/centros.uepb.edu.br\/ccbsa\/files\/2018\/06\/IMG_1099-768x415.jpg 768w, https:\/\/centros.uepb.edu.br\/ccbsa\/files\/2018\/06\/IMG_1099-370x200.jpg 370w\" sizes=\"auto, (max-width: 840px) 100vw, 840px\" \/><\/a>\n\t\t\t<\/dt><\/dl><dl class='gallery-item'>\n\t\t\t<dt class='gallery-icon landscape'>\n\t\t\t\t<a href='https:\/\/centros.uepb.edu.br\/ccbsa\/files\/2018\/06\/IMG_1137.jpg'><img loading=\"lazy\" decoding=\"async\" width=\"840\" height=\"454\" src=\"https:\/\/centros.uepb.edu.br\/ccbsa\/files\/2018\/06\/IMG_1137.jpg\" class=\"attachment-full size-full\" alt=\"\" srcset=\"https:\/\/centros.uepb.edu.br\/ccbsa\/files\/2018\/06\/IMG_1137.jpg 840w, https:\/\/centros.uepb.edu.br\/ccbsa\/files\/2018\/06\/IMG_1137-300x162.jpg 300w, https:\/\/centros.uepb.edu.br\/ccbsa\/files\/2018\/06\/IMG_1137-768x415.jpg 768w, https:\/\/centros.uepb.edu.br\/ccbsa\/files\/2018\/06\/IMG_1137-370x200.jpg 370w\" sizes=\"auto, (max-width: 840px) 100vw, 840px\" \/><\/a>\n\t\t\t<\/dt><\/dl>\n\t\t\t<br style='clear: both' \/>\n\t\t<\/div>\n\n<p>Com o objetivo de possibilitar aos calouros do curso de Ci\u00eancias Biol\u00f3gicas do Campus V da Universidade Estadual da Para\u00edba (UEPB) e \u00e0s turmas concluintes do ensino m\u00e9dio da Escola Estadual Jos\u00e9 Lins do R\u00eago uma amostra do campo de atua\u00e7\u00e3o do Bi\u00f3logo e as diversas vertentes que comp\u00f5em a \u00e1rea, foi realizada na tarde desta segunda-feira (4) uma feira de profiss\u00f5es com \u00eanfase em Ci\u00eancias Biol\u00f3gicas.<\/p>\n<p>De acordo com a professora do curso de Ci\u00eancias Biol\u00f3gicas da UEPB, Daniela Pontes, a ideia do evento surgiu durante as atividades do componente curricular \u201cIntrodu\u00e7\u00e3o \u00e0s Ci\u00eancias Biol\u00f3gicas\u201d, voltado aos estudantes do 1\u00ba per\u00edodo do curso, que t\u00eam o primeiro contato com a \u00e1rea e as vertentes de atua\u00e7\u00e3o. Compuseram a feira espa\u00e7os destinados \u00e0 Biologia Forense, Microbiologia, Anatomia, Bot\u00e2nica, Embriologia, Ecologia, entre outras.<\/p>\n<p>\u201cEu queria fazer com que os alunos conhecessem o universo da Biologia. Ent\u00e3o separamos todas as sub\u00e1reas e fizemos a divis\u00e3o dos grupos. Posteriormente, fizemos a parceria com a Escola Jos\u00e9 Lins do R\u00eago, por interm\u00e9dio da orientadora pedag\u00f3gica Benilda Cavalcante e da respons\u00e1vel pelo componente curricular da Biologia das turmas concluintes, professora Shelzea Oliveira. E conseguimos implementar essa ideia, com a perspectiva de popularizar a Biologia com atividades interativas e pr\u00e1ticas\u201d, explicou professora Daniela Pontes.<\/p>\n<p>A professora de Biologia da Escola Jos\u00e9 Lins do R\u00eago, Shelzea Oliveira destacou a import\u00e2ncia da feira para apresentar para os estudantes numa fase de escolha profissional as vertentes de atua\u00e7\u00e3o do bi\u00f3logo e enfatizou que gostaria de presenciar outras iniciativas como essa feira voltadas a outras \u00e1reas. Para o estudante do 3\u00ba ano do ensino m\u00e9dio Sales Juan, que est\u00e1 indeciso na escolha da profiss\u00e3o, poder conhecer melhor os diversos campos que comp\u00f5em a Biologia facilita na hora de optar por seguir uma carreira na \u00e1rea.<\/p>\n<p>Segundo a professora Daniela Pontes j\u00e1 existem alguns convites para que outras edi\u00e7\u00f5es da feira sejam realizadas e est\u00e1 sendo avaliada essa possibilidade, considerando o calend\u00e1rio acad\u00eamico da UEPB.<\/p>\n<p><em><strong>Texto e fotos:<\/strong> Juliana Marques<\/em><\/p>\n","protected":false},"excerpt":{"rendered":"<p>Com o objetivo de possibilitar aos calouros do curso de Ci\u00eancias Biol\u00f3gicas do Campus V da Universidade Estadual da Para\u00edba (UEPB) e \u00e0s turmas concluintes do ensino m\u00e9dio da Escola Estadual Jos\u00e9 Lins do R\u00eago uma amostra do campo de atua\u00e7\u00e3o do Bi\u00f3logo e as diversas vertentes que comp\u00f5em a \u00e1rea, foi realizada na tarde <a class=\"leiamais\" href=\"https:\/\/centros.uepb.edu.br\/ccbsa\/docente-e-discentes-de-ciencias-biologicas-do-campus-v-realizam-feira-em-parceria-com-escola-jose-lins-do-rego\/\">Leia Mais&#8230;<\/a><\/p>\n","protected":false},"author":8,"featured_media":5061,"comment_status":"closed","ping_status":"closed","sticky":false,"template":"","format":"standard","meta":{"footnotes":""},"categories":[3,11],"tags":[],"class_list":["post-5050","post","type-post","status-publish","format-standard","has-post-thumbnail","hentry","category-noticias","category-noticias-destaque-img"],"jetpack_featured_media_url":"https:\/\/centros.uepb.edu.br\/ccbsa\/files\/2018\/06\/IMG_1085.jpg","_links":{"self":[{"href":"https:\/\/centros.uepb.edu.br\/ccbsa\/wp-json\/wp\/v2\/posts\/5050","targetHints":{"allow":["GET"]}}],"collection":[{"href":"https:\/\/centros.uepb.edu.br\/ccbsa\/wp-json\/wp\/v2\/posts"}],"about":[{"href":"https:\/\/centros.uepb.edu.br\/ccbsa\/wp-json\/wp\/v2\/types\/post"}],"author":[{"embeddable":true,"href":"https:\/\/centros.uepb.edu.br\/ccbsa\/wp-json\/wp\/v2\/users\/8"}],"replies":[{"embeddable":true,"href":"https:\/\/centros.uepb.edu.br\/ccbsa\/wp-json\/wp\/v2\/comments?post=5050"}],"version-history":[{"count":0,"href":"https:\/\/centros.uepb.edu.br\/ccbsa\/wp-json\/wp\/v2\/posts\/5050\/revisions"}],"wp:featuredmedia":[{"embeddable":true,"href":"https:\/\/centros.uepb.edu.br\/ccbsa\/wp-json\/wp\/v2\/media\/5061"}],"wp:attachment":[{"href":"https:\/\/centros.uepb.edu.br\/ccbsa\/wp-json\/wp\/v2\/media?parent=5050"}],"wp:term":[{"taxonomy":"category","embeddable":true,"href":"https:\/\/centros.uepb.edu.br\/ccbsa\/wp-json\/wp\/v2\/categories?post=5050"},{"taxonomy":"post_tag","embeddable":true,"href":"https:\/\/centros.uepb.edu.br\/ccbsa\/wp-json\/wp\/v2\/tags?post=5050"}],"curies":[{"name":"wp","href":"https:\/\/api.w.org\/{rel}","templated":true}]}}