{"id":5046,"date":"2018-06-01T14:29:04","date_gmt":"2018-06-01T14:29:04","guid":{"rendered":"https:\/\/centros.uepb.edu.br\/ccbsa\/?p=5046"},"modified":"2018-06-01T14:29:04","modified_gmt":"2018-06-01T14:29:04","slug":"curso-de-arquivologia-da-uepb-participa-da-2a-semana-nacional-de-arquivos-que-sera-realizada-de-4-a-9-de-junho-em-todo-o-pais","status":"publish","type":"post","link":"https:\/\/centros.uepb.edu.br\/ccbsa\/curso-de-arquivologia-da-uepb-participa-da-2a-semana-nacional-de-arquivos-que-sera-realizada-de-4-a-9-de-junho-em-todo-o-pais\/","title":{"rendered":"Curso de Arquivologia da UEPB participa da 2\u00aa Semana Nacional de Arquivos que ser\u00e1 realizada de 4 a 9 de junho em todo o pa\u00eds"},"content":{"rendered":"<p><a href=\"https:\/\/centros.uepb.edu.br\/ccbsa\/files\/2018\/06\/rect4147.png\"><img loading=\"lazy\" decoding=\"async\" class=\"aligncenter size-full wp-image-5047 img-responsive\" src=\"https:\/\/centros.uepb.edu.br\/ccbsa\/files\/2018\/06\/rect4147.png\" alt=\"\" width=\"840\" height=\"454\" srcset=\"https:\/\/centros.uepb.edu.br\/ccbsa\/files\/2018\/06\/rect4147.png 840w, https:\/\/centros.uepb.edu.br\/ccbsa\/files\/2018\/06\/rect4147-300x162.png 300w, https:\/\/centros.uepb.edu.br\/ccbsa\/files\/2018\/06\/rect4147-768x415.png 768w, https:\/\/centros.uepb.edu.br\/ccbsa\/files\/2018\/06\/rect4147-370x200.png 370w\" sizes=\"auto, (max-width: 840px) 100vw, 840px\" \/><\/a><\/p>\n<p>\u201cGovernan\u00e7a, mem\u00f3ria e heran\u00e7a\u201d, esse o tema que suscitar\u00e1 discuss\u00f5es durante as atividades da 2\u00aa Semana Nacional de Arquivos, a ser realizada de 4 a 9 de junho, em todo o pa\u00eds, promovido pelo Arquivo Nacional e a Funda\u00e7\u00e3o Casa de Rui Barbosa. Na Para\u00edba, o evento \u00e9 organizado por meio de uma parceria entre os cursos de Arquivologia da Universidade Estadual da Para\u00edba (UEPB) e Universidade Federal da Para\u00edba (UFPB), Funda\u00e7\u00e3o Casa de Jos\u00e9 Am\u00e9rico e Associa\u00e7\u00e3o dos Arquivistas da Para\u00edba, com o apoio dos Centro Acad\u00eamicos de Arquivologia da UEPB e UFPB.<\/p>\n<p>A programa\u00e7\u00e3o do evento conta com visitas t\u00e9cnicas, palestras, exibi\u00e7\u00f5es de filmes, oficinas, mesas-redondas, sess\u00f5es de comunica\u00e7\u00f5es orais de trabalhos acad\u00eamicos e oficinas. Todas as atividades s\u00e3o ministradas por docentes e pesquisadores das institui\u00e7\u00f5es parceiras do evento voltadas \u00e0 comunidade em geral. As atividades contam com a participa\u00e7\u00e3o de docentes, discentes, t\u00e9cnicos-administrativos e pesquisadores da UEPB.<\/p>\n<p>Na ter\u00e7a-feira, 5 de junho, \u00e0s 8h30, no audit\u00f3rio do Campus V da UEPB ser\u00e1 realizada a sess\u00e3o do CineArquivo \u201cMem\u00f3ria para uso di\u00e1rio\u201d, filme que \u00e9 dirigido por Beth Formaggini. Essa atividade \u00e9 coordenada pelo professor Josemar Henrique de Melo, com o professor Henrique Elias Cabral de Fran\u00e7a como debatedor.<\/p>\n<p><strong>Sobre a Semana Nacional dos Arquivos<\/strong><\/p>\n<p>A 2\u00aa Semana Nacional de Arquivos \u00e9 um evento nacional que busca abrir os arquivos para a sociedade e divulgar o trabalho de salvaguarda do patrim\u00f4nio documental do pa\u00eds. Trata-se de iniciativa inspirada na Semana Nacional de Museus, visando ampliar a visibilidade dos arquivos e sua inser\u00e7\u00e3o na sociedade e garantir o cumprimento da Lei 12.343\/2010, referente ao Plano Nacional de Cultura (PNC), que tem por finalidade o planejamento e implementa\u00e7\u00e3o de pol\u00edticas p\u00fablicas de longo prazo voltadas \u00e0 prote\u00e7\u00e3o e promo\u00e7\u00e3o da diversidade cultural brasileira. Uma dessas a\u00e7\u00f5es est\u00e1 prevista na meta 28, destinada a ampliar a oferta de eventos e espa\u00e7os voltados a atividades culturais e aumentar os est\u00edmulos para que os cidad\u00e3os frequentem mais arquivos, museus, bibliotecas, exposi\u00e7\u00f5es, teatros, cinemas, espet\u00e1culos de dan\u00e7a e circenses, al\u00e9m de shows de m\u00fasica.<\/p>\n<p>A primeira edi\u00e7\u00e3o do evento em 2017 contou com a ades\u00e3o de dezenas de institui\u00e7\u00f5es e de milhares de cidad\u00e3os, muitos tendo acesso pela primeira vez a institui\u00e7\u00f5es arquiv\u00edsticas. O evento teve imensa repercuss\u00e3o nos ve\u00edculos de comunica\u00e7\u00e3o, ampliando a vincula\u00e7\u00e3o dos arquivos \u00e0s pol\u00edticas culturais p\u00fablicas, difundindo as pr\u00f3prias institui\u00e7\u00f5es, seus acervos e atividades junto \u00e0 sociedade.<\/p>\n<p>Confira a programa\u00e7\u00e3o completa [wpfilebase tag=fileurl id=420 linktext=aqui \/].<\/p>\n","protected":false},"excerpt":{"rendered":"<p>\u201cGovernan\u00e7a, mem\u00f3ria e heran\u00e7a\u201d, esse o tema que suscitar\u00e1 discuss\u00f5es durante as atividades da 2\u00aa Semana Nacional de Arquivos, a ser realizada de 4 a 9 de junho, em todo o pa\u00eds, promovido pelo Arquivo Nacional e a Funda\u00e7\u00e3o Casa de Rui Barbosa. Na Para\u00edba, o evento \u00e9 organizado por meio de uma parceria entre <a class=\"leiamais\" href=\"https:\/\/centros.uepb.edu.br\/ccbsa\/curso-de-arquivologia-da-uepb-participa-da-2a-semana-nacional-de-arquivos-que-sera-realizada-de-4-a-9-de-junho-em-todo-o-pais\/\">Leia Mais&#8230;<\/a><\/p>\n","protected":false},"author":8,"featured_media":5047,"comment_status":"closed","ping_status":"closed","sticky":false,"template":"","format":"standard","meta":{"footnotes":""},"categories":[3,11],"tags":[],"class_list":["post-5046","post","type-post","status-publish","format-standard","has-post-thumbnail","hentry","category-noticias","category-noticias-destaque-img"],"jetpack_featured_media_url":"https:\/\/centros.uepb.edu.br\/ccbsa\/files\/2018\/06\/rect4147.png","_links":{"self":[{"href":"https:\/\/centros.uepb.edu.br\/ccbsa\/wp-json\/wp\/v2\/posts\/5046","targetHints":{"allow":["GET"]}}],"collection":[{"href":"https:\/\/centros.uepb.edu.br\/ccbsa\/wp-json\/wp\/v2\/posts"}],"about":[{"href":"https:\/\/centros.uepb.edu.br\/ccbsa\/wp-json\/wp\/v2\/types\/post"}],"author":[{"embeddable":true,"href":"https:\/\/centros.uepb.edu.br\/ccbsa\/wp-json\/wp\/v2\/users\/8"}],"replies":[{"embeddable":true,"href":"https:\/\/centros.uepb.edu.br\/ccbsa\/wp-json\/wp\/v2\/comments?post=5046"}],"version-history":[{"count":0,"href":"https:\/\/centros.uepb.edu.br\/ccbsa\/wp-json\/wp\/v2\/posts\/5046\/revisions"}],"wp:featuredmedia":[{"embeddable":true,"href":"https:\/\/centros.uepb.edu.br\/ccbsa\/wp-json\/wp\/v2\/media\/5047"}],"wp:attachment":[{"href":"https:\/\/centros.uepb.edu.br\/ccbsa\/wp-json\/wp\/v2\/media?parent=5046"}],"wp:term":[{"taxonomy":"category","embeddable":true,"href":"https:\/\/centros.uepb.edu.br\/ccbsa\/wp-json\/wp\/v2\/categories?post=5046"},{"taxonomy":"post_tag","embeddable":true,"href":"https:\/\/centros.uepb.edu.br\/ccbsa\/wp-json\/wp\/v2\/tags?post=5046"}],"curies":[{"name":"wp","href":"https:\/\/api.w.org\/{rel}","templated":true}]}}