{"id":5025,"date":"2018-05-30T13:42:32","date_gmt":"2018-05-30T13:42:32","guid":{"rendered":"https:\/\/centros.uepb.edu.br\/ccbsa\/?p=5025"},"modified":"2018-05-30T15:29:37","modified_gmt":"2018-05-30T15:29:37","slug":"professora-suerde-brito-e-escolhida-paraninfa-das-turmas-concluintes-do-periodo-letivo-2017-2-do-ccbsa","status":"publish","type":"post","link":"https:\/\/centros.uepb.edu.br\/ccbsa\/professora-suerde-brito-e-escolhida-paraninfa-das-turmas-concluintes-do-periodo-letivo-2017-2-do-ccbsa\/","title":{"rendered":"Professora Suerde Brito \u00e9 escolhida paraninfa das turmas concluintes do per\u00edodo letivo 2017.2 do CCBSA"},"content":{"rendered":"<p><a href=\"https:\/\/centros.uepb.edu.br\/ccbsa\/files\/2018\/05\/IMG_1040.jpg\"><img loading=\"lazy\" decoding=\"async\" class=\"aligncenter size-full wp-image-5026 img-responsive\" src=\"https:\/\/centros.uepb.edu.br\/ccbsa\/files\/2018\/05\/IMG_1040.jpg\" alt=\"\" width=\"840\" height=\"454\" srcset=\"https:\/\/centros.uepb.edu.br\/ccbsa\/files\/2018\/05\/IMG_1040.jpg 840w, https:\/\/centros.uepb.edu.br\/ccbsa\/files\/2018\/05\/IMG_1040-300x162.jpg 300w, https:\/\/centros.uepb.edu.br\/ccbsa\/files\/2018\/05\/IMG_1040-768x415.jpg 768w, https:\/\/centros.uepb.edu.br\/ccbsa\/files\/2018\/05\/IMG_1040-370x200.jpg 370w\" sizes=\"auto, (max-width: 840px) 100vw, 840px\" \/><\/a><\/p>\n<p>Em reuni\u00e3o realizada junto ao cerimonial da Universidade Estadual da Para\u00edba (UEPB) no dia 17 de maio os formandos do per\u00edodo letivo 2017.2 do Campus V escolheram a professora Suerde Miranda de Oliveira Brito como paraninfa das turmas concluintes. A docente, que \u00e9 vinculada ao curso de Arquivologia do Centro de Ci\u00eancias Biol\u00f3gicas e Sociais Aplicadas (CCBSA), atuou no curso de gradua\u00e7\u00e3o em Psicologia e Mestrado Interdisciplinar em Sa\u00fade Coletiva do Campus I da UEPB desde 2002, quando assumiu o cargo de efetiva da institui\u00e7\u00e3o at\u00e9 2007, \u00e9poca em que se afastou por um tempo das fun\u00e7\u00f5es em decorr\u00eancia de um acidente.<\/p>\n<p>Doutora em Educa\u00e7\u00e3o pela Universidade Federal do Rio Grande do Norte, mestre em Psicologia Social pela Universidade Federal da Para\u00edba (UFPB) e graduada em Forma\u00e7\u00e3o para Psic\u00f3logo e em Licenciatura Plena em Psicologia pela UFPB, professora Suerde tem experi\u00eancia em ensino e pesquisa em Psicologia, Educa\u00e7\u00e3o, Metodologia Cient\u00edfica, Comunica\u00e7\u00e3o, Arquivologia e Sa\u00fade Coletiva. Atuou como membro titular do Conselho Estadual de Defesa dos Direitos da Pessoa Idosa (CEDDPI \u2013 PB) no bi\u00eanio 2012\/2014, e foi conselheiro da referida entidade at\u00e9 2016. Atualmente vem desenvolvendo a\u00e7\u00f5es de extens\u00e3o na Institui\u00e7\u00e3o de Longa Perman\u00eancia para Idosos Vila Vicentina J\u00falia Freire.<\/p>\n<p>De acordo com a professora Suerde a homenagem foi uma surpresa e revela que a docente segue o caminho correto na miss\u00e3o de educadora. \u201cRecebi a not\u00edcia com surpresa, pois s\u00e3o tantos os professores que poderiam ser escolhidos. Mais do que surpresa, com muita alegria, porque essa demonstra\u00e7\u00e3o de afeto tamb\u00e9m me faz sentir reconhecida. Al\u00e9m disso, ser homenageada como paraninfa gera uma singular sensa\u00e7\u00e3o de responsabilidade, porque mostra que os alunos acreditam que eu possa dizer-lhes algo relevante e encorajador para suas vidas profissionais e pessoais. Faz-me sentir lisonjeada, pois demonstra que fui importante na trajet\u00f3ria acad\u00eamica de alguns, quem dera de muitos. De certa forma, tamb\u00e9m \u00e9 uma avalia\u00e7\u00e3o que sinaliza que devo prosseguir como docente. Eis uma homenagem que ser\u00e1 energia para os pr\u00f3ximos anos. Por tudo isso, como n\u00e3o me sentir feliz, gratificada e agradecida?\u201d, avaliou a professora Suerde.<\/p>\n<p>A cerim\u00f4nia de cola\u00e7\u00e3o de grau do Centro de Ci\u00eancias Biol\u00f3gicas e Sociais Aplicadas ocorrer\u00e1 no dia 13 de julho, \u00e0s 16h, no audit\u00f3rio do Centro de Forma\u00e7\u00e3o de educadores Professora Elisa Bezerra Mineiros, localizada \u00e0 Rua Rita Xavier de Oliveira S\/N, Mangabeira.<\/p>\n<p><em><strong>Texto e foto:<\/strong> Juliana Marques<\/em><\/p>\n","protected":false},"excerpt":{"rendered":"<p>Em reuni\u00e3o realizada junto ao cerimonial da Universidade Estadual da Para\u00edba (UEPB) no dia 17 de maio os formandos do per\u00edodo letivo 2017.2 do Campus V escolheram a professora Suerde Miranda de Oliveira Brito como paraninfa das turmas concluintes. A docente, que \u00e9 vinculada ao curso de Arquivologia do Centro de Ci\u00eancias Biol\u00f3gicas e Sociais <a class=\"leiamais\" href=\"https:\/\/centros.uepb.edu.br\/ccbsa\/professora-suerde-brito-e-escolhida-paraninfa-das-turmas-concluintes-do-periodo-letivo-2017-2-do-ccbsa\/\">Leia Mais&#8230;<\/a><\/p>\n","protected":false},"author":8,"featured_media":5026,"comment_status":"closed","ping_status":"closed","sticky":false,"template":"","format":"standard","meta":{"footnotes":""},"categories":[3,11],"tags":[],"class_list":["post-5025","post","type-post","status-publish","format-standard","has-post-thumbnail","hentry","category-noticias","category-noticias-destaque-img"],"jetpack_featured_media_url":"https:\/\/centros.uepb.edu.br\/ccbsa\/files\/2018\/05\/IMG_1040.jpg","_links":{"self":[{"href":"https:\/\/centros.uepb.edu.br\/ccbsa\/wp-json\/wp\/v2\/posts\/5025","targetHints":{"allow":["GET"]}}],"collection":[{"href":"https:\/\/centros.uepb.edu.br\/ccbsa\/wp-json\/wp\/v2\/posts"}],"about":[{"href":"https:\/\/centros.uepb.edu.br\/ccbsa\/wp-json\/wp\/v2\/types\/post"}],"author":[{"embeddable":true,"href":"https:\/\/centros.uepb.edu.br\/ccbsa\/wp-json\/wp\/v2\/users\/8"}],"replies":[{"embeddable":true,"href":"https:\/\/centros.uepb.edu.br\/ccbsa\/wp-json\/wp\/v2\/comments?post=5025"}],"version-history":[{"count":0,"href":"https:\/\/centros.uepb.edu.br\/ccbsa\/wp-json\/wp\/v2\/posts\/5025\/revisions"}],"wp:featuredmedia":[{"embeddable":true,"href":"https:\/\/centros.uepb.edu.br\/ccbsa\/wp-json\/wp\/v2\/media\/5026"}],"wp:attachment":[{"href":"https:\/\/centros.uepb.edu.br\/ccbsa\/wp-json\/wp\/v2\/media?parent=5025"}],"wp:term":[{"taxonomy":"category","embeddable":true,"href":"https:\/\/centros.uepb.edu.br\/ccbsa\/wp-json\/wp\/v2\/categories?post=5025"},{"taxonomy":"post_tag","embeddable":true,"href":"https:\/\/centros.uepb.edu.br\/ccbsa\/wp-json\/wp\/v2\/tags?post=5025"}],"curies":[{"name":"wp","href":"https:\/\/api.w.org\/{rel}","templated":true}]}}