{"id":501,"date":"2013-07-19T14:36:31","date_gmt":"2013-07-19T14:36:31","guid":{"rendered":"\/ccbsa\/?p=501"},"modified":"2013-07-31T19:02:40","modified_gmt":"2013-07-31T19:02:40","slug":"uepb-e-uma-das-organizadoras-da-conferencia-internacional-de-direitos-humanos-que-sera-realizada-em-agosto","status":"publish","type":"post","link":"https:\/\/centros.uepb.edu.br\/ccbsa\/uepb-e-uma-das-organizadoras-da-conferencia-internacional-de-direitos-humanos-que-sera-realizada-em-agosto\/","title":{"rendered":"UEPB \u00e9 uma das organizadoras da Confer\u00eancia Internacional de Direitos Humanos"},"content":{"rendered":"<p>Discutir a tem\u00e1tica da prote\u00e7\u00e3o internacional da pessoa humana, esse \u00e9 o objetivo da 1\u00aa Confer\u00eancia Internacional de Direitos Humanos que ocorrer\u00e1 entre os dias 5 e 10 de agosto\u00a0 nas cidades de Bras\u00edlia (dias 5 e 6), Bel\u00e9m (dia 8) e Jo\u00e3o Pessoa (dias 9 e 10). Na capital paraibana o evento ser\u00e1 realizado no audit\u00f3rio do Centro de Ci\u00eancias Jur\u00eddicas da UFPB.<\/p>\n<p>A Confer\u00eancia \u00e9 organizada de maneira conjunta pelo Centro Universit\u00e1rio de Bras\u00edlia (UNICEUB), Universidade Estadual da Para\u00edba (UEPB), Universidade Federal da Para\u00edba (UFPB), Escola da Advocacia Geral da Uni\u00e3o (AGU), Centro Universit\u00e1rio do Estado do Par\u00e1 (CESUPA), Academia Nacional de Estudos Transnacionais (ANET) e o Diret\u00f3rio Acad\u00eamico Tarc\u00edsio Buriti (DATAB), em parceria com importantes institui\u00e7\u00f5es como a Advocacia-Geral da Uni\u00e3o, o Comit\u00ea Internacional da Cruz Vermelha, a Embaixada dos Estados Unidos no Brasil e a Embaixada da Fran\u00e7a no Brasil.<\/p>\n<p>Em Jo\u00e3o Pessoa o evento contar\u00e1 com mesas de discuss\u00e3o com a presen\u00e7a de conferencistas nacionais e internacionais, que abordar\u00e3o tem\u00e1ticas relacionadas \u00e0 constru\u00e7\u00e3o do sistema interamericano de direitos humanos. As atividades tamb\u00e9m contar\u00e3o com a participa\u00e7\u00e3o das docentes da UEPB, Giuliana Dias Vieira e Andrea Pacheco Pac\u00edfico.<\/p>\n<p>Segundo a organiza\u00e7\u00e3o da confer\u00eancia a perspectiva \u00e9 de criar um espa\u00e7o para o debate acerca de quest\u00f5es como viola\u00e7\u00f5es aos direitos humanos no Brasil, os casos de desrespeito do Estado, entre outros, al\u00e9m de estabelecer um interc\u00e2mbio sobre a produ\u00e7\u00e3o acad\u00eamica na \u00e1rea.<\/p>\n<p>Os participantes recebem um certificado de 8 horas\/aula.<\/p>\n<p><strong>Inscri\u00e7\u00f5es<\/strong><\/p>\n<p>Para os estudantes da UEPB as inscri\u00e7\u00f5es podem ser feitas presencialmente, com as estudantes de Rela\u00e7\u00f5es Internacionais Fernanda Albuquerque e Thamirys Cavalcante, e no site do Tribunal de Justi\u00e7a da Para\u00edba (TJPB) <a href=\"http:\/\/www.tjpb.jus.br\">http:\/\/www.tjpb.jus.br<\/a>.<\/p>\n<p>As inscri\u00e7\u00f5es custam R$ 25 para membros da Academia Nacional de Estudos Transnacionais (ANET), discentes e docentes da UFPB e UEPB. Para os demais interessados, o valor \u00e9 de R$ 40.<\/p>\n<p>Mais informa\u00e7\u00f5es (83)3216-7626<\/p>\n<p>Confira a programa\u00e7\u00e3o do evento [wpfilebase tag=fileurl id=11 linktext=aqui \/].<\/p>\n<p>&nbsp;<\/p>\n","protected":false},"excerpt":{"rendered":"<p>Discutir a tem\u00e1tica da prote\u00e7\u00e3o internacional da pessoa humana, esse \u00e9 o objetivo da 1\u00aa Confer\u00eancia Internacional de Direitos Humanos que ocorrer\u00e1 entre os dias 5 e 10 de agosto\u00a0 nas cidades de Bras\u00edlia (dias 5 e 6), Bel\u00e9m (dia 8) e Jo\u00e3o Pessoa (dias 9 e 10). Na capital paraibana o evento ser\u00e1 realizado <a class=\"leiamais\" href=\"https:\/\/centros.uepb.edu.br\/ccbsa\/uepb-e-uma-das-organizadoras-da-conferencia-internacional-de-direitos-humanos-que-sera-realizada-em-agosto\/\">Leia Mais&#8230;<\/a><\/p>\n","protected":false},"author":8,"featured_media":502,"comment_status":"open","ping_status":"open","sticky":false,"template":"","format":"standard","meta":{"footnotes":""},"categories":[6],"tags":[],"class_list":["post-501","post","type-post","status-publish","format-standard","has-post-thumbnail","hentry","category-slide"],"jetpack_featured_media_url":"https:\/\/centros.uepb.edu.br\/ccbsa\/files\/2013\/07\/CONFER\u00caNCIA-DIREITOS-HUMANOSMOD.jpg","_links":{"self":[{"href":"https:\/\/centros.uepb.edu.br\/ccbsa\/wp-json\/wp\/v2\/posts\/501","targetHints":{"allow":["GET"]}}],"collection":[{"href":"https:\/\/centros.uepb.edu.br\/ccbsa\/wp-json\/wp\/v2\/posts"}],"about":[{"href":"https:\/\/centros.uepb.edu.br\/ccbsa\/wp-json\/wp\/v2\/types\/post"}],"author":[{"embeddable":true,"href":"https:\/\/centros.uepb.edu.br\/ccbsa\/wp-json\/wp\/v2\/users\/8"}],"replies":[{"embeddable":true,"href":"https:\/\/centros.uepb.edu.br\/ccbsa\/wp-json\/wp\/v2\/comments?post=501"}],"version-history":[{"count":0,"href":"https:\/\/centros.uepb.edu.br\/ccbsa\/wp-json\/wp\/v2\/posts\/501\/revisions"}],"wp:featuredmedia":[{"embeddable":true,"href":"https:\/\/centros.uepb.edu.br\/ccbsa\/wp-json\/wp\/v2\/media\/502"}],"wp:attachment":[{"href":"https:\/\/centros.uepb.edu.br\/ccbsa\/wp-json\/wp\/v2\/media?parent=501"}],"wp:term":[{"taxonomy":"category","embeddable":true,"href":"https:\/\/centros.uepb.edu.br\/ccbsa\/wp-json\/wp\/v2\/categories?post=501"},{"taxonomy":"post_tag","embeddable":true,"href":"https:\/\/centros.uepb.edu.br\/ccbsa\/wp-json\/wp\/v2\/tags?post=501"}],"curies":[{"name":"wp","href":"https:\/\/api.w.org\/{rel}","templated":true}]}}