{"id":4998,"date":"2018-05-23T19:05:11","date_gmt":"2018-05-23T19:05:11","guid":{"rendered":"https:\/\/centros.uepb.edu.br\/ccbsa\/?p=4998"},"modified":"2018-05-24T12:48:10","modified_gmt":"2018-05-24T12:48:10","slug":"festival-de-artes-de-participacao-popular-tem-inicio-no-campus-da-uepb-em-joao-pessoa-com-mais-de-50-atividades-gratuitas","status":"publish","type":"post","link":"https:\/\/centros.uepb.edu.br\/ccbsa\/festival-de-artes-de-participacao-popular-tem-inicio-no-campus-da-uepb-em-joao-pessoa-com-mais-de-50-atividades-gratuitas\/","title":{"rendered":"Festival de Artes de Participa\u00e7\u00e3o Popular \u00e9 realizado no Campus da UEPB em Jo\u00e3o Pessoa com mais de 50 atividades gratuitas"},"content":{"rendered":"\n\t\t<style type=\"text\/css\">\n\t\t\t#gallery-1 {\n\t\t\t\tmargin: auto;\n\t\t\t}\n\t\t\t#gallery-1 .gallery-item {\n\t\t\t\tfloat: left;\n\t\t\t\tmargin-top: 10px;\n\t\t\t\ttext-align: center;\n\t\t\t\twidth: 33%;\n\t\t\t}\n\t\t\t#gallery-1 img {\n\t\t\t\tborder: 2px solid #cfcfcf;\n\t\t\t}\n\t\t\t#gallery-1 .gallery-caption {\n\t\t\t\tmargin-left: 0;\n\t\t\t}\n\t\t\t\/* see gallery_shortcode() in wp-includes\/media.php *\/\n\t\t<\/style>\n\t\t<div id='gallery-1' class='gallery galleryid-4998 gallery-columns-3 gallery-size-full'><dl class='gallery-item'>\n\t\t\t<dt class='gallery-icon landscape'>\n\t\t\t\t<a href='https:\/\/centros.uepb.edu.br\/ccbsa\/files\/2018\/05\/IMG_0854.jpg'><img loading=\"lazy\" decoding=\"async\" width=\"840\" height=\"454\" src=\"https:\/\/centros.uepb.edu.br\/ccbsa\/files\/2018\/05\/IMG_0854.jpg\" class=\"attachment-full size-full\" alt=\"\" srcset=\"https:\/\/centros.uepb.edu.br\/ccbsa\/files\/2018\/05\/IMG_0854.jpg 840w, https:\/\/centros.uepb.edu.br\/ccbsa\/files\/2018\/05\/IMG_0854-300x162.jpg 300w, https:\/\/centros.uepb.edu.br\/ccbsa\/files\/2018\/05\/IMG_0854-768x415.jpg 768w, https:\/\/centros.uepb.edu.br\/ccbsa\/files\/2018\/05\/IMG_0854-370x200.jpg 370w\" sizes=\"auto, (max-width: 840px) 100vw, 840px\" \/><\/a>\n\t\t\t<\/dt><\/dl><dl class='gallery-item'>\n\t\t\t<dt class='gallery-icon landscape'>\n\t\t\t\t<a href='https:\/\/centros.uepb.edu.br\/ccbsa\/files\/2018\/05\/IMG_0866.jpg'><img loading=\"lazy\" decoding=\"async\" width=\"840\" height=\"454\" src=\"https:\/\/centros.uepb.edu.br\/ccbsa\/files\/2018\/05\/IMG_0866.jpg\" class=\"attachment-full size-full\" alt=\"\" srcset=\"https:\/\/centros.uepb.edu.br\/ccbsa\/files\/2018\/05\/IMG_0866.jpg 840w, https:\/\/centros.uepb.edu.br\/ccbsa\/files\/2018\/05\/IMG_0866-300x162.jpg 300w, https:\/\/centros.uepb.edu.br\/ccbsa\/files\/2018\/05\/IMG_0866-768x415.jpg 768w, https:\/\/centros.uepb.edu.br\/ccbsa\/files\/2018\/05\/IMG_0866-370x200.jpg 370w\" sizes=\"auto, (max-width: 840px) 100vw, 840px\" \/><\/a>\n\t\t\t<\/dt><\/dl><dl class='gallery-item'>\n\t\t\t<dt class='gallery-icon landscape'>\n\t\t\t\t<a href='https:\/\/centros.uepb.edu.br\/ccbsa\/files\/2018\/05\/IMG_0886.jpg'><img loading=\"lazy\" decoding=\"async\" width=\"840\" height=\"454\" src=\"https:\/\/centros.uepb.edu.br\/ccbsa\/files\/2018\/05\/IMG_0886.jpg\" class=\"attachment-full size-full\" alt=\"\" srcset=\"https:\/\/centros.uepb.edu.br\/ccbsa\/files\/2018\/05\/IMG_0886.jpg 840w, https:\/\/centros.uepb.edu.br\/ccbsa\/files\/2018\/05\/IMG_0886-300x162.jpg 300w, https:\/\/centros.uepb.edu.br\/ccbsa\/files\/2018\/05\/IMG_0886-768x415.jpg 768w, https:\/\/centros.uepb.edu.br\/ccbsa\/files\/2018\/05\/IMG_0886-370x200.jpg 370w\" sizes=\"auto, (max-width: 840px) 100vw, 840px\" \/><\/a>\n\t\t\t<\/dt><\/dl><br style=\"clear: both\" \/><dl class='gallery-item'>\n\t\t\t<dt class='gallery-icon landscape'>\n\t\t\t\t<a href='https:\/\/centros.uepb.edu.br\/ccbsa\/files\/2018\/05\/IMG_0895.jpg'><img loading=\"lazy\" decoding=\"async\" width=\"840\" height=\"454\" src=\"https:\/\/centros.uepb.edu.br\/ccbsa\/files\/2018\/05\/IMG_0895.jpg\" class=\"attachment-full size-full\" alt=\"\" srcset=\"https:\/\/centros.uepb.edu.br\/ccbsa\/files\/2018\/05\/IMG_0895.jpg 840w, https:\/\/centros.uepb.edu.br\/ccbsa\/files\/2018\/05\/IMG_0895-300x162.jpg 300w, https:\/\/centros.uepb.edu.br\/ccbsa\/files\/2018\/05\/IMG_0895-768x415.jpg 768w, https:\/\/centros.uepb.edu.br\/ccbsa\/files\/2018\/05\/IMG_0895-370x200.jpg 370w\" sizes=\"auto, (max-width: 840px) 100vw, 840px\" \/><\/a>\n\t\t\t<\/dt><\/dl><dl class='gallery-item'>\n\t\t\t<dt class='gallery-icon landscape'>\n\t\t\t\t<a href='https:\/\/centros.uepb.edu.br\/ccbsa\/files\/2018\/05\/IMG_0982.jpg'><img loading=\"lazy\" decoding=\"async\" width=\"840\" height=\"454\" src=\"https:\/\/centros.uepb.edu.br\/ccbsa\/files\/2018\/05\/IMG_0982.jpg\" class=\"attachment-full size-full\" alt=\"\" srcset=\"https:\/\/centros.uepb.edu.br\/ccbsa\/files\/2018\/05\/IMG_0982.jpg 840w, https:\/\/centros.uepb.edu.br\/ccbsa\/files\/2018\/05\/IMG_0982-300x162.jpg 300w, https:\/\/centros.uepb.edu.br\/ccbsa\/files\/2018\/05\/IMG_0982-768x415.jpg 768w, https:\/\/centros.uepb.edu.br\/ccbsa\/files\/2018\/05\/IMG_0982-370x200.jpg 370w\" sizes=\"auto, (max-width: 840px) 100vw, 840px\" \/><\/a>\n\t\t\t<\/dt><\/dl><dl class='gallery-item'>\n\t\t\t<dt class='gallery-icon landscape'>\n\t\t\t\t<a href='https:\/\/centros.uepb.edu.br\/ccbsa\/files\/2018\/05\/IMG_0984.jpg'><img loading=\"lazy\" decoding=\"async\" width=\"840\" height=\"454\" src=\"https:\/\/centros.uepb.edu.br\/ccbsa\/files\/2018\/05\/IMG_0984.jpg\" class=\"attachment-full size-full\" alt=\"\" srcset=\"https:\/\/centros.uepb.edu.br\/ccbsa\/files\/2018\/05\/IMG_0984.jpg 840w, https:\/\/centros.uepb.edu.br\/ccbsa\/files\/2018\/05\/IMG_0984-300x162.jpg 300w, https:\/\/centros.uepb.edu.br\/ccbsa\/files\/2018\/05\/IMG_0984-768x415.jpg 768w, https:\/\/centros.uepb.edu.br\/ccbsa\/files\/2018\/05\/IMG_0984-370x200.jpg 370w\" sizes=\"auto, (max-width: 840px) 100vw, 840px\" \/><\/a>\n\t\t\t<\/dt><\/dl><br style=\"clear: both\" \/><dl class='gallery-item'>\n\t\t\t<dt class='gallery-icon landscape'>\n\t\t\t\t<a href='https:\/\/centros.uepb.edu.br\/ccbsa\/files\/2018\/05\/IMG_0998.jpg'><img loading=\"lazy\" decoding=\"async\" width=\"840\" height=\"454\" src=\"https:\/\/centros.uepb.edu.br\/ccbsa\/files\/2018\/05\/IMG_0998.jpg\" class=\"attachment-full size-full\" alt=\"\" srcset=\"https:\/\/centros.uepb.edu.br\/ccbsa\/files\/2018\/05\/IMG_0998.jpg 840w, https:\/\/centros.uepb.edu.br\/ccbsa\/files\/2018\/05\/IMG_0998-300x162.jpg 300w, https:\/\/centros.uepb.edu.br\/ccbsa\/files\/2018\/05\/IMG_0998-768x415.jpg 768w, https:\/\/centros.uepb.edu.br\/ccbsa\/files\/2018\/05\/IMG_0998-370x200.jpg 370w\" sizes=\"auto, (max-width: 840px) 100vw, 840px\" \/><\/a>\n\t\t\t<\/dt><\/dl>\n\t\t\t<br style='clear: both' \/>\n\t\t<\/div>\n\n<p>Toler\u00e2ncia, respeito, justi\u00e7a, \u00e9tica, honestidade, s\u00e3o valores rediscutidos cotidianamente na sociedade da informa\u00e7\u00e3o e do conhecimento, numa \u00e9poca em que manifesta\u00e7\u00f5es de preconceito e opress\u00e3o tornam-se cada vez mais presentes e complexas. Diante dessa realidade, a comiss\u00e3o organizadora da segunda edi\u00e7\u00e3o do Festival de Artes e Participa\u00e7\u00e3o Social \u2013 FARPAS, idealizou o evento, que teve in\u00edcio nesta quarta-feira (23) e segue nesta quinta-feira, 24 de maio, nos tr\u00eas turnos, no Campus V da Universidade Estadual da Para\u00edba (UEPB) em Jo\u00e3o Pessoa.<\/p>\n<p>Com essa perspectiva foram idealizadas mais de 50 atividades voltadas \u00e0 tem\u00e1tica \u201cEquil\u00edbrio entre extremos\u201d como as rodas de conversa \u201cO som da humilha\u00e7\u00e3o\u201d, \u201cPor que n\u00e3o falamos sobre suic\u00eddio?\u201d, \u201cPor ser mulher\u201d, \u201cComo contribuir com a escola p\u00fablica brasileira?\u201d, \u201cIntoler\u00e2ncia e apatia: como contribuem para a viol\u00eancia?\u201d, \u201cE se a cidade fosse minha\u201d; as oficinas \u201cDan\u00e7as urbanas\/dan\u00e7a de rua\u201d, \u201cProdu\u00e7\u00e3o audiovisual com dispositivos m\u00f3veis\u201d, \u201cTape Art\u201d, \u201cImprovisa\u00e7\u00e3o em Clown\u201d, \u201cGrafitagem\u201d, \u201cLettering\u201d, \u201cFundamentos pr\u00e1ticos da fotografia criativa\u201d.<\/p>\n<p>E ainda, as sess\u00f5es do cineclube com mostra de curtas paraibanos, exibi\u00e7\u00e3o do \u201cDocument\u00e1rio 174\u201d e do filme \u201cEra o Hotel Cambridge\u201d; exposi\u00e7\u00e3o de Yasmin Formiga no corredor de acesso \u00e0s salas de aula; \u201cFeirinha Farpas\u201d no corredor principal do Campus V; Grafitagem de pain\u00e9is com os artistas Sombra e Thiago Tabar\u00e9u na \u00e1rea de viv\u00eancia do Campus V e estande de livros na Editora da Universidade Estadual da Para\u00edba no corredor principal de entrada do Centro de Ci\u00eancias Biol\u00f3gicas e Sociais Aplicadas (CCBSA). Os intervalos do evento contar\u00e3o com o \u201cPalco Livre\u201d, aberto a apresenta\u00e7\u00f5es da comunidade e os dois dias de Farpas ser\u00e3o encerrados com apresenta\u00e7\u00f5es das bandas Digzin, Pau de Dar em Doido, Meiofree, Tra\u00e7a e DJ.<\/p>\n<p>De acordo com o organizador geral do Farpas e docente do curso de Arquivologia, professor Henrique Fran\u00e7a embora em 2018 o evento tenha adquirido maiores propor\u00e7\u00f5es com a amplia\u00e7\u00e3o no n\u00famero de atividades, a proposta permanece a mesma da primeira edi\u00e7\u00e3o do evento, realizada em 2017, de usar a linguagem das artes para mobilizar jovens estudantes a refletir sobre quest\u00f5es que atingem a sociedade atual.<\/p>\n<p>\u201cEstamos vivendo um momento de incertezas e turbul\u00eancias no \u00e2mbito, pol\u00edtico e social do nosso pa\u00eds, e n\u00f3s n\u00e3o queremos trazer respostas para os problemas que vivenciamos mas, possibilitar pontos de reflex\u00e3o\u201d, avalia professor Henrique.<\/p>\n<p>O docente acrescenta, ainda, que, diferente da primeira edi\u00e7\u00e3o do evento, que contou com uma programa\u00e7\u00e3o eminentemente focada em temas pol\u00edticos e sociais, em 2018 o Farpas traz discuss\u00f5es comportamentais, como, por exemplo, a roda de conversa sobre suic\u00eddio. \u201cEssa foi uma tem\u00e1tica que propusemos a partir de uma demanda de jovens que convivemos e, considerando essa necessidade de discuss\u00e3o convidamos especialistas no tema, pessoas que est\u00e3o apresentando relatos de vida e oportunizando o debate sobre esse tema t\u00e3o relevante\u201d, explica Henrique.<\/p>\n<p>Para a estudante do 3\u00ba per\u00edodo de Arquivologia, Janiere Barbosa, al\u00e9m da experi\u00eancia incontest\u00e1vel para a forma\u00e7\u00e3o acad\u00eamica, as discuss\u00f5es empreendidas durante o Farpas representam a realidade vivenciada por muitos jovens e permitem um crescimento pessoal e uma reflex\u00e3o necess\u00e1ria.<\/p>\n<p>A artista visual e ativista Yasmin Formiga, que foi a respons\u00e1vel por uma campanha contra a letra de uma m\u00fasica que denegria a imagem da mulher e incitava a viol\u00eancia (a m\u00fasica foi retirada de um aplicativo de m\u00fasicas conhecido mundialmente ap\u00f3s o protesto) foi convidada para discutir a tem\u00e1tica na roda de debate \u201cO som da humilha\u00e7\u00e3o\u201d. \u201cRecentemente abriu-se um debate sobre essa problem\u00e1tica das letras de m\u00fasicas que incitam o feminic\u00eddio e a viol\u00eancia contra a mulher. E, como recentemente eu fiz uma performance que teve bastante repercuss\u00e3o denunciando uma m\u00fasica com esse teor fui convidada pela equipe do Farpas para discutir essas quest\u00f5es e provocar uma reflex\u00e3o importante\u201d, avaliou.<\/p>\n<p>O Farpas segue com atividades sendo realizadas nos tr\u00eas turnos desta quinta-feira (23), com o apoio dos projetos \u201cMem\u00f3ria, sociedade e cidadania (MUDDE): reflex\u00e3o para al\u00e9m dos muros acad\u00eamicos\u201d, \u201cAudiovisualmentes: produzindo e mediando conte\u00fados educacionais como ferramenta de dissemina\u00e7\u00e3o social e comunica\u00e7\u00e3o pedag\u00f3gica\u201d, Pro-reitoria de Extens\u00e3o da UEPB, Pro-reitoria de Cultura da UEPB, Centro de Ci\u00eancias Biol\u00f3gicas e Sociais Aplicadas e Escola Estadual Jos\u00e9 Lins do R\u00eago. Participam da comiss\u00e3o organizadora discentes dos cursos de Arquivologia, Ci\u00eancias Biol\u00f3gicas e Rela\u00e7\u00f5es Internacionais da UEPB e do ensino m\u00e9dio da Escola Estadual Jos\u00e9 Lins do R\u00eago.<\/p>\n<p><em><strong>Texto e fotos:<\/strong> Juliana Marques<\/em><\/p>\n","protected":false},"excerpt":{"rendered":"<p>Toler\u00e2ncia, respeito, justi\u00e7a, \u00e9tica, honestidade, s\u00e3o valores rediscutidos cotidianamente na sociedade da informa\u00e7\u00e3o e do conhecimento, numa \u00e9poca em que manifesta\u00e7\u00f5es de preconceito e opress\u00e3o tornam-se cada vez mais presentes e complexas. Diante dessa realidade, a comiss\u00e3o organizadora da segunda edi\u00e7\u00e3o do Festival de Artes e Participa\u00e7\u00e3o Social \u2013 FARPAS, idealizou o evento, que teve <a class=\"leiamais\" href=\"https:\/\/centros.uepb.edu.br\/ccbsa\/festival-de-artes-de-participacao-popular-tem-inicio-no-campus-da-uepb-em-joao-pessoa-com-mais-de-50-atividades-gratuitas\/\">Leia Mais&#8230;<\/a><\/p>\n","protected":false},"author":8,"featured_media":5002,"comment_status":"closed","ping_status":"closed","sticky":false,"template":"","format":"standard","meta":{"footnotes":""},"categories":[3,11],"tags":[],"class_list":["post-4998","post","type-post","status-publish","format-standard","has-post-thumbnail","hentry","category-noticias","category-noticias-destaque-img"],"jetpack_featured_media_url":"https:\/\/centros.uepb.edu.br\/ccbsa\/files\/2018\/05\/IMG_0895.jpg","_links":{"self":[{"href":"https:\/\/centros.uepb.edu.br\/ccbsa\/wp-json\/wp\/v2\/posts\/4998","targetHints":{"allow":["GET"]}}],"collection":[{"href":"https:\/\/centros.uepb.edu.br\/ccbsa\/wp-json\/wp\/v2\/posts"}],"about":[{"href":"https:\/\/centros.uepb.edu.br\/ccbsa\/wp-json\/wp\/v2\/types\/post"}],"author":[{"embeddable":true,"href":"https:\/\/centros.uepb.edu.br\/ccbsa\/wp-json\/wp\/v2\/users\/8"}],"replies":[{"embeddable":true,"href":"https:\/\/centros.uepb.edu.br\/ccbsa\/wp-json\/wp\/v2\/comments?post=4998"}],"version-history":[{"count":0,"href":"https:\/\/centros.uepb.edu.br\/ccbsa\/wp-json\/wp\/v2\/posts\/4998\/revisions"}],"wp:featuredmedia":[{"embeddable":true,"href":"https:\/\/centros.uepb.edu.br\/ccbsa\/wp-json\/wp\/v2\/media\/5002"}],"wp:attachment":[{"href":"https:\/\/centros.uepb.edu.br\/ccbsa\/wp-json\/wp\/v2\/media?parent=4998"}],"wp:term":[{"taxonomy":"category","embeddable":true,"href":"https:\/\/centros.uepb.edu.br\/ccbsa\/wp-json\/wp\/v2\/categories?post=4998"},{"taxonomy":"post_tag","embeddable":true,"href":"https:\/\/centros.uepb.edu.br\/ccbsa\/wp-json\/wp\/v2\/tags?post=4998"}],"curies":[{"name":"wp","href":"https:\/\/api.w.org\/{rel}","templated":true}]}}