{"id":4979,"date":"2018-05-22T14:17:29","date_gmt":"2018-05-22T14:17:29","guid":{"rendered":"https:\/\/centros.uepb.edu.br\/ccbsa\/?p=4979"},"modified":"2018-05-22T20:23:34","modified_gmt":"2018-05-22T20:23:34","slug":"festival-de-artes-de-participacao-popular-sea-realizado-no-campus-da-uepb-em-joao-pessoa-com-mais-de-50-atividades-gratuitas","status":"publish","type":"post","link":"https:\/\/centros.uepb.edu.br\/ccbsa\/festival-de-artes-de-participacao-popular-sea-realizado-no-campus-da-uepb-em-joao-pessoa-com-mais-de-50-atividades-gratuitas\/","title":{"rendered":"Festival de Artes de Participa\u00e7\u00e3o Popular ser\u00e1 realizado no Campus da UEPB em Jo\u00e3o Pessoa com mais de 50 atividades gratuitas"},"content":{"rendered":"<p><a href=\"https:\/\/centros.uepb.edu.br\/ccbsa\/files\/2018\/05\/31154083_2133121676922096_5384997259484069888_n.jpg\"><img loading=\"lazy\" decoding=\"async\" class=\"aligncenter size-full wp-image-4980 img-responsive\" src=\"https:\/\/centros.uepb.edu.br\/ccbsa\/files\/2018\/05\/31154083_2133121676922096_5384997259484069888_n.jpg\" alt=\"\" width=\"840\" height=\"454\" srcset=\"https:\/\/centros.uepb.edu.br\/ccbsa\/files\/2018\/05\/31154083_2133121676922096_5384997259484069888_n.jpg 840w, https:\/\/centros.uepb.edu.br\/ccbsa\/files\/2018\/05\/31154083_2133121676922096_5384997259484069888_n-300x162.jpg 300w, https:\/\/centros.uepb.edu.br\/ccbsa\/files\/2018\/05\/31154083_2133121676922096_5384997259484069888_n-768x415.jpg 768w, https:\/\/centros.uepb.edu.br\/ccbsa\/files\/2018\/05\/31154083_2133121676922096_5384997259484069888_n-370x200.jpg 370w\" sizes=\"auto, (max-width: 840px) 100vw, 840px\" \/><\/a><\/p>\n<p>Rodas de conversa, oficinas, cineclube, palco livre, shows, exposi\u00e7\u00f5es e muita intera\u00e7\u00e3o, s\u00e3o algumas atividades previstas para ocorrer durante o Festival de Artes e Participa\u00e7\u00e3o Social \u2013 FARPAS, que ser\u00e1 realizado de quarta a sexta-feira, 23 e 24 de maio, nos tr\u00eas turnos, no Campus V da Universidade Estadual da Para\u00edba em Jo\u00e3o Pessoa.<\/p>\n<p>Esta edi\u00e7\u00e3o do evento conta com mais de 50 atividades voltadas \u00e0 tem\u00e1tica \u201cEquil\u00edbrio entre Extremos\u201d. De acordo com o organizador geral do Farpas e docente do curso de Arquivologia, professor Henrique Fran\u00e7a, embora em 2018 o evento tenha adquirido maiores propor\u00e7\u00f5es com a amplia\u00e7\u00e3o no n\u00famero de atividades, a proposta permanece a mesma da primeira edi\u00e7\u00e3o do evento, realizada em 2017, de usar a linguagem das artes para mobilizar jovens estudantes a refletir sobre quest\u00f5es que atingem a sociedade atual.<\/p>\n<p>\u201cEstamos vivendo um momento de incertezas e turbul\u00eancias no \u00e2mbito, pol\u00edtico e social do nosso pa\u00eds, e n\u00f3s n\u00e3o queremos trazer respostas para os problemas que vivenciamos mas, possibilitar pontos de reflex\u00e3o\u201d, avalia professor Henrique.<\/p>\n<p>O docente acrescenta, ainda, que, diferente da primeira edi\u00e7\u00e3o do evento, que contou com uma programa\u00e7\u00e3o eminentemente focada em temas pol\u00edticos e sociais, em 2018 o Farpas traz discuss\u00f5es comportamentais, como por exemplo, a roda de conversa sobre suic\u00eddio. \u201cEssa foi uma tem\u00e1tica que propusemos a partir de uma demanda de jovens que convivemos e, considerando essa necessidade de discuss\u00e3o convidamos especialistas no tema, pessoas que trar\u00e3o relatos de vida, e \u00e9 uma das rodas de conversa que est\u00e1 sendo mais procuradas\u201d, explica Henrique.<\/p>\n<p>Com essa perspectiva foram idealizadas as rodas de conversa \u201cO som da humilha\u00e7\u00e3o\u201d, \u201cPor que n\u00e3o falamos sobre suic\u00eddio?\u201d, \u201cPor ser mulher\u201d, \u201cComo contribuir com a escola p\u00fablica brasileira?\u201d, \u201cIntoler\u00e2ncia e apatia: como contribuem para a viol\u00eancia?\u201d, \u201cE se a cidade fosse minha\u201d; as oficinas \u201cDan\u00e7as urbanas\/dan\u00e7a de rua\u201d, \u201cProdu\u00e7\u00e3o audiovisual com dispositivos m\u00f3veis\u201d, \u201cTape Art\u201d, \u201cImprovisa\u00e7\u00e3o em Clown\u201d, \u201cGraffiti\u201d, \u201cLettering\u201d, \u201cFundamentos pr\u00e1ticos da fotografia criativa\u201d.<\/p>\n<p>E ainda, as sess\u00f5es do cineclube com mostra de curtas paraibanos, exibi\u00e7\u00e3o do \u201cDocument\u00e1rio 174\u201d e do filme \u201cEra o Hotel Cambridge\u201d, exposi\u00e7\u00e3o de Yasmin Formiga no corredor de acesso \u00e0s salas de aula, \u201cFeirinha Farpas\u201d no corredor principal do Campus V, Grafitagem de pain\u00e9is com os artistas Sombra e Thiago Tabar\u00e9u na \u00e1rea de viv\u00eancia do Campus V e estande de livros na Editora da Universidade Estadual da Para\u00edba no corredor principal de entrada do Centro de Ci\u00eancias Biol\u00f3gicas e Sociais Aplicadas (CCBSA). Os intervalos do evento contar\u00e3o com o \u201cPalco Livre\u201d, aberto \u00e0 apresenta\u00e7\u00f5es da comunidade e o encerramento dos dois dias de Farpas ser\u00e1 realizado pelas bandas Digzin, Pau de Dar em Doido, Meiofree, Tra\u00e7a e DJ.<\/p>\n<p>O evento \u00e9 promovido com o apoio dos projetos \u201cMem\u00f3ria, sociedade e cidadania (MUDDE): reflex\u00e3o para al\u00e9m dos muros acad\u00eamicos\u201d, \u201cAudiovisualmentes: produzindo e mediando conte\u00fados educacionais como ferramenta de dissemina\u00e7\u00e3o social e comunica\u00e7\u00e3o pedag\u00f3gica\u201d, Pro-reitoria de Extens\u00e3o da UEPB, Pro-reitoria de Cultura da UEPB, Centro de Ci\u00eancias Biol\u00f3gicas e Sociais Aplicadas e Escola Estadual Jos\u00e9 Lins do R\u00eago. Participam da comiss\u00e3o organizadora discentes dos cursos de Arquivologia, Ci\u00eancias Biol\u00f3gicas e Rela\u00e7\u00f5es Internacionais da UEPB e do ensino m\u00e9dio da Escola Estadual Jos\u00e9 Lins do R\u00eago.<\/p>\n<p>Confira a programa\u00e7\u00e3o completa do evento [wpfilebase tag=fileurl id=319 linktext=aqui \/].<\/p>\n<p><em><strong>Texto:<\/strong> Juliana Marques<\/em><\/p>\n","protected":false},"excerpt":{"rendered":"<p>Rodas de conversa, oficinas, cineclube, palco livre, shows, exposi\u00e7\u00f5es e muita intera\u00e7\u00e3o, s\u00e3o algumas atividades previstas para ocorrer durante o Festival de Artes e Participa\u00e7\u00e3o Social \u2013 FARPAS, que ser\u00e1 realizado de quarta a sexta-feira, 23 e 24 de maio, nos tr\u00eas turnos, no Campus V da Universidade Estadual da Para\u00edba em Jo\u00e3o Pessoa. Esta <a class=\"leiamais\" href=\"https:\/\/centros.uepb.edu.br\/ccbsa\/festival-de-artes-de-participacao-popular-sea-realizado-no-campus-da-uepb-em-joao-pessoa-com-mais-de-50-atividades-gratuitas\/\">Leia Mais&#8230;<\/a><\/p>\n","protected":false},"author":8,"featured_media":4980,"comment_status":"closed","ping_status":"closed","sticky":false,"template":"","format":"standard","meta":{"footnotes":""},"categories":[3,11],"tags":[],"class_list":["post-4979","post","type-post","status-publish","format-standard","has-post-thumbnail","hentry","category-noticias","category-noticias-destaque-img"],"jetpack_featured_media_url":"https:\/\/centros.uepb.edu.br\/ccbsa\/files\/2018\/05\/31154083_2133121676922096_5384997259484069888_n.jpg","_links":{"self":[{"href":"https:\/\/centros.uepb.edu.br\/ccbsa\/wp-json\/wp\/v2\/posts\/4979","targetHints":{"allow":["GET"]}}],"collection":[{"href":"https:\/\/centros.uepb.edu.br\/ccbsa\/wp-json\/wp\/v2\/posts"}],"about":[{"href":"https:\/\/centros.uepb.edu.br\/ccbsa\/wp-json\/wp\/v2\/types\/post"}],"author":[{"embeddable":true,"href":"https:\/\/centros.uepb.edu.br\/ccbsa\/wp-json\/wp\/v2\/users\/8"}],"replies":[{"embeddable":true,"href":"https:\/\/centros.uepb.edu.br\/ccbsa\/wp-json\/wp\/v2\/comments?post=4979"}],"version-history":[{"count":0,"href":"https:\/\/centros.uepb.edu.br\/ccbsa\/wp-json\/wp\/v2\/posts\/4979\/revisions"}],"wp:featuredmedia":[{"embeddable":true,"href":"https:\/\/centros.uepb.edu.br\/ccbsa\/wp-json\/wp\/v2\/media\/4980"}],"wp:attachment":[{"href":"https:\/\/centros.uepb.edu.br\/ccbsa\/wp-json\/wp\/v2\/media?parent=4979"}],"wp:term":[{"taxonomy":"category","embeddable":true,"href":"https:\/\/centros.uepb.edu.br\/ccbsa\/wp-json\/wp\/v2\/categories?post=4979"},{"taxonomy":"post_tag","embeddable":true,"href":"https:\/\/centros.uepb.edu.br\/ccbsa\/wp-json\/wp\/v2\/tags?post=4979"}],"curies":[{"name":"wp","href":"https:\/\/api.w.org\/{rel}","templated":true}]}}