{"id":4974,"date":"2018-05-21T16:01:57","date_gmt":"2018-05-21T16:01:57","guid":{"rendered":"https:\/\/centros.uepb.edu.br\/ccbsa\/?p=4974"},"modified":"2018-05-21T16:03:52","modified_gmt":"2018-05-21T16:03:52","slug":"4974-2","status":"publish","type":"post","link":"https:\/\/centros.uepb.edu.br\/ccbsa\/4974-2\/","title":{"rendered":"Campus V sedia palestra com professor Jos\u00e9 Carlos de Assis que integra o Movimento pela Democratiza\u00e7\u00e3o do Congresso"},"content":{"rendered":"<p><a href=\"https:\/\/centros.uepb.edu.br\/ccbsa\/files\/2018\/05\/IMG_0850.jpg\"><img loading=\"lazy\" decoding=\"async\" class=\"aligncenter size-full wp-image-4975 img-responsive\" src=\"https:\/\/centros.uepb.edu.br\/ccbsa\/files\/2018\/05\/IMG_0850.jpg\" alt=\"\" width=\"840\" height=\"454\" srcset=\"https:\/\/centros.uepb.edu.br\/ccbsa\/files\/2018\/05\/IMG_0850.jpg 840w, https:\/\/centros.uepb.edu.br\/ccbsa\/files\/2018\/05\/IMG_0850-300x162.jpg 300w, https:\/\/centros.uepb.edu.br\/ccbsa\/files\/2018\/05\/IMG_0850-768x415.jpg 768w, https:\/\/centros.uepb.edu.br\/ccbsa\/files\/2018\/05\/IMG_0850-370x200.jpg 370w\" sizes=\"auto, (max-width: 840px) 100vw, 840px\" \/><\/a><\/p>\n<p>O Campus V da Universidade Estadual da Para\u00edba sediou nesta segunda-feira (21) pela manh\u00e3 no audit\u00f3rio Pioneiros, a palestra do professor Jos\u00e9 Carlos de Assis que representa a \u201cFrente pela soberania, movimento pela democratiza\u00e7\u00e3o do Congresso\u201d.<\/p>\n<p>A frente pela soberania \u00e9 um grupo de professores, sindicalistas, estudantes e outras pessoas indignadas com a degrada\u00e7\u00e3o das institui\u00e7\u00f5es republicanas brasileiras e determinados a dar uma contribui\u00e7\u00e3o para sua regenera\u00e7\u00e3o.<\/p>\n<p>\u201cRevolta-nos o fato de que a Na\u00e7\u00e3o esteja sequestrada pelo grande capital financeiro especulativo o qual est\u00e1 escravizando trabalhadores, pequenos e m\u00e9dios empres\u00e1rios e praticamente todo o povo brasileiro\u201d, destaca o professor Jos\u00e9 Carlos de Assis, que \u00e9 respons\u00e1vel pela coordena\u00e7\u00e3o do endere\u00e7o eletr\u00f4nico do movimento (www.frentepelasoberania.com.br) que conta com a participa\u00e7\u00e3o de professores e estudantes da UEPB, UFRJ, UERJ, UnB, USP, Unicamp, e outras universidades, assim como filiados a Organiza\u00e7\u00f5es N\u00e3o Governamentais e entidades sindicais. \u201cNosso objetivo central, conforme assinalado em se\u00e7\u00e3o pr\u00f3pria, \u00e9 levar ao povo um amplo esclarecimento pol\u00edtico no sentido da renova\u00e7\u00e3o do Congresso Nacional\u201d, explica o professor Jos\u00e9 Carlos.<\/p>\n<p><em><strong>Texto e foto:<\/strong> Juliana Marques<\/em><\/p>\n","protected":false},"excerpt":{"rendered":"<p>O Campus V da Universidade Estadual da Para\u00edba sediou nesta segunda-feira (21) pela manh\u00e3 no audit\u00f3rio Pioneiros, a palestra do professor Jos\u00e9 Carlos de Assis que representa a \u201cFrente pela soberania, movimento pela democratiza\u00e7\u00e3o do Congresso\u201d. A frente pela soberania \u00e9 um grupo de professores, sindicalistas, estudantes e outras pessoas indignadas com a degrada\u00e7\u00e3o das <a class=\"leiamais\" href=\"https:\/\/centros.uepb.edu.br\/ccbsa\/4974-2\/\">Leia Mais&#8230;<\/a><\/p>\n","protected":false},"author":8,"featured_media":4975,"comment_status":"closed","ping_status":"closed","sticky":false,"template":"","format":"standard","meta":{"footnotes":""},"categories":[3,11],"tags":[],"class_list":["post-4974","post","type-post","status-publish","format-standard","has-post-thumbnail","hentry","category-noticias","category-noticias-destaque-img"],"jetpack_featured_media_url":"https:\/\/centros.uepb.edu.br\/ccbsa\/files\/2018\/05\/IMG_0850.jpg","_links":{"self":[{"href":"https:\/\/centros.uepb.edu.br\/ccbsa\/wp-json\/wp\/v2\/posts\/4974","targetHints":{"allow":["GET"]}}],"collection":[{"href":"https:\/\/centros.uepb.edu.br\/ccbsa\/wp-json\/wp\/v2\/posts"}],"about":[{"href":"https:\/\/centros.uepb.edu.br\/ccbsa\/wp-json\/wp\/v2\/types\/post"}],"author":[{"embeddable":true,"href":"https:\/\/centros.uepb.edu.br\/ccbsa\/wp-json\/wp\/v2\/users\/8"}],"replies":[{"embeddable":true,"href":"https:\/\/centros.uepb.edu.br\/ccbsa\/wp-json\/wp\/v2\/comments?post=4974"}],"version-history":[{"count":0,"href":"https:\/\/centros.uepb.edu.br\/ccbsa\/wp-json\/wp\/v2\/posts\/4974\/revisions"}],"wp:featuredmedia":[{"embeddable":true,"href":"https:\/\/centros.uepb.edu.br\/ccbsa\/wp-json\/wp\/v2\/media\/4975"}],"wp:attachment":[{"href":"https:\/\/centros.uepb.edu.br\/ccbsa\/wp-json\/wp\/v2\/media?parent=4974"}],"wp:term":[{"taxonomy":"category","embeddable":true,"href":"https:\/\/centros.uepb.edu.br\/ccbsa\/wp-json\/wp\/v2\/categories?post=4974"},{"taxonomy":"post_tag","embeddable":true,"href":"https:\/\/centros.uepb.edu.br\/ccbsa\/wp-json\/wp\/v2\/tags?post=4974"}],"curies":[{"name":"wp","href":"https:\/\/api.w.org\/{rel}","templated":true}]}}