{"id":497,"date":"2013-07-19T13:18:36","date_gmt":"2013-07-19T13:18:36","guid":{"rendered":"\/ccbsa\/?p=497"},"modified":"2013-07-19T13:18:36","modified_gmt":"2013-07-19T13:18:36","slug":"comitiva-de-estudantes-do-curso-de-arquivologia-da-uepb-participa-de-encontro-nacional-em-florianopolis","status":"publish","type":"post","link":"https:\/\/centros.uepb.edu.br\/ccbsa\/comitiva-de-estudantes-do-curso-de-arquivologia-da-uepb-participa-de-encontro-nacional-em-florianopolis\/","title":{"rendered":"Comitiva de estudantes do curso de Arquivologia da UEPB participa de Encontro Nacional em Florian\u00f3polis"},"content":{"rendered":"<p><a href=\"http:\/\/centros.ascom.uepb.edu.br\/ccbsa\/files\/2013\/07\/SAM_6312MOD.jpg\"><img loading=\"lazy\" decoding=\"async\" class=\"alignleft size-thumbnail wp-image-498 img-responsive\" alt=\"SAM_6312MOD\" src=\"http:\/\/centros.ascom.uepb.edu.br\/ccbsa\/files\/2013\/07\/SAM_6312MOD-150x150.jpg\" width=\"150\" height=\"150\" \/><\/a>Um grupo de graduandos do Bacharelado em Arquivologia do Campus V da Universidade Estadual da Para\u00edba, participa, entre os dias 22 e 26 de julho, da 17\u00aa edi\u00e7\u00e3o do Encontro Nacional de Estudantes de Arquivologia (ENEARQ), que reunir\u00e1 alunos de cursos de gradua\u00e7\u00e3o de todo o pa\u00eds.<\/p>\n<p>Com o tema \u201cDo papiro ao documento digital: a gest\u00e3o documental no s\u00e9culo XXI\u201d, o evento conta com apresenta\u00e7\u00e3o de trabalhos, palestras, oficinas, mini-cursos, pain\u00e9is, atividades que discutir\u00e3o o desenvolvimento cient\u00edfico e tecnol\u00f3gico da arquiv\u00edstica, a forma\u00e7\u00e3o do futuro profissional, os espa\u00e7os de di\u00e1logo do arquivista com a sociedade, entre outros temas.<\/p>\n<p>A estudante do 5\u00ba per\u00edodo de Arquivologia da UEPB, Adriana Soares ministrar\u00e1 uma oficina sobre empreendedorismo, que \u00e9 o fruto do projeto de extens\u00e3o coordenado pela professora Jaqueline Echeverria Barrancos \u201cEmpreendedorismo: pr\u00e1tica e projetos para se tornar um empreendedor na comunidade Cristo-Redentor em Jo\u00e3o Pessoa \u2013 PB\u201d. O discente Jefferson Morais atuar\u00e1 como monitor da atividade.<\/p>\n<p>O Encontro Nacional dos Estudantes de Arquivologia (ENEARQ) \u00e9 organizado pela Executiva Nacional dos Estudantes do Brasil (ENEA) com a participa\u00e7\u00e3o dos Centros e Diret\u00f3rios Acad\u00eamicos de Arquivologia das universidades brasileiras.<\/p>\n<p>Em 2011 o evento foi sediado na Para\u00edba, tendo a UEPB como a universidade organizadora. Na ocasi\u00e3o o ENEARQ discutiu as tend\u00eancias e perspectivas na constru\u00e7\u00e3o da carreira arquiv\u00edstica. Al\u00e9m disso, desde que foi criado o Bacharelado em Arquivologia da UEPB os estudantes da institui\u00e7\u00e3o tem participado das v\u00e1rias edi\u00e7\u00f5es deste evento, apresentado trabalhos e ganhando inclusive premia\u00e7\u00f5es.<\/p>\n","protected":false},"excerpt":{"rendered":"<p>Um grupo de graduandos do Bacharelado em Arquivologia do Campus V da Universidade Estadual da Para\u00edba, participa, entre os dias 22 e 26 de julho, da 17\u00aa edi\u00e7\u00e3o do Encontro Nacional de Estudantes de Arquivologia (ENEARQ), que reunir\u00e1 alunos de cursos de gradua\u00e7\u00e3o de todo o pa\u00eds. Com o tema \u201cDo papiro ao documento digital: <a class=\"leiamais\" href=\"https:\/\/centros.uepb.edu.br\/ccbsa\/comitiva-de-estudantes-do-curso-de-arquivologia-da-uepb-participa-de-encontro-nacional-em-florianopolis\/\">Leia Mais&#8230;<\/a><\/p>\n","protected":false},"author":8,"featured_media":0,"comment_status":"open","ping_status":"open","sticky":false,"template":"","format":"standard","meta":{"footnotes":""},"categories":[3,5],"tags":[],"class_list":["post-497","post","type-post","status-publish","format-standard","hentry","category-noticias","category-visiveis"],"jetpack_featured_media_url":"","_links":{"self":[{"href":"https:\/\/centros.uepb.edu.br\/ccbsa\/wp-json\/wp\/v2\/posts\/497","targetHints":{"allow":["GET"]}}],"collection":[{"href":"https:\/\/centros.uepb.edu.br\/ccbsa\/wp-json\/wp\/v2\/posts"}],"about":[{"href":"https:\/\/centros.uepb.edu.br\/ccbsa\/wp-json\/wp\/v2\/types\/post"}],"author":[{"embeddable":true,"href":"https:\/\/centros.uepb.edu.br\/ccbsa\/wp-json\/wp\/v2\/users\/8"}],"replies":[{"embeddable":true,"href":"https:\/\/centros.uepb.edu.br\/ccbsa\/wp-json\/wp\/v2\/comments?post=497"}],"version-history":[{"count":0,"href":"https:\/\/centros.uepb.edu.br\/ccbsa\/wp-json\/wp\/v2\/posts\/497\/revisions"}],"wp:attachment":[{"href":"https:\/\/centros.uepb.edu.br\/ccbsa\/wp-json\/wp\/v2\/media?parent=497"}],"wp:term":[{"taxonomy":"category","embeddable":true,"href":"https:\/\/centros.uepb.edu.br\/ccbsa\/wp-json\/wp\/v2\/categories?post=497"},{"taxonomy":"post_tag","embeddable":true,"href":"https:\/\/centros.uepb.edu.br\/ccbsa\/wp-json\/wp\/v2\/tags?post=497"}],"curies":[{"name":"wp","href":"https:\/\/api.w.org\/{rel}","templated":true}]}}