{"id":4967,"date":"2018-05-21T15:43:36","date_gmt":"2018-05-21T15:43:36","guid":{"rendered":"https:\/\/centros.uepb.edu.br\/ccbsa\/?p=4967"},"modified":"2018-05-21T15:49:28","modified_gmt":"2018-05-21T15:49:28","slug":"presidente-da-fapesq-participa-de-reuniao-com-direcao-de-centro-e-coordenadores-de-cursos-e-pesquisas-do-ccbsa","status":"publish","type":"post","link":"https:\/\/centros.uepb.edu.br\/ccbsa\/presidente-da-fapesq-participa-de-reuniao-com-direcao-de-centro-e-coordenadores-de-cursos-e-pesquisas-do-ccbsa\/","title":{"rendered":"Presidente da Fapesq participa de reuni\u00e3o com dire\u00e7\u00e3o de centro e coordenadores de cursos e pesquisas do CCBSA"},"content":{"rendered":"\n\t\t<style type=\"text\/css\">\n\t\t\t#gallery-1 {\n\t\t\t\tmargin: auto;\n\t\t\t}\n\t\t\t#gallery-1 .gallery-item {\n\t\t\t\tfloat: left;\n\t\t\t\tmargin-top: 10px;\n\t\t\t\ttext-align: center;\n\t\t\t\twidth: 33%;\n\t\t\t}\n\t\t\t#gallery-1 img {\n\t\t\t\tborder: 2px solid #cfcfcf;\n\t\t\t}\n\t\t\t#gallery-1 .gallery-caption {\n\t\t\t\tmargin-left: 0;\n\t\t\t}\n\t\t\t\/* see gallery_shortcode() in wp-includes\/media.php *\/\n\t\t<\/style>\n\t\t<div id='gallery-1' class='gallery galleryid-4967 gallery-columns-3 gallery-size-full'><dl class='gallery-item'>\n\t\t\t<dt class='gallery-icon landscape'>\n\t\t\t\t<a href='https:\/\/centros.uepb.edu.br\/ccbsa\/files\/2018\/05\/IMG_0811.jpg'><img loading=\"lazy\" decoding=\"async\" width=\"840\" height=\"454\" src=\"https:\/\/centros.uepb.edu.br\/ccbsa\/files\/2018\/05\/IMG_0811.jpg\" class=\"attachment-full size-full\" alt=\"\" srcset=\"https:\/\/centros.uepb.edu.br\/ccbsa\/files\/2018\/05\/IMG_0811.jpg 840w, https:\/\/centros.uepb.edu.br\/ccbsa\/files\/2018\/05\/IMG_0811-300x162.jpg 300w, https:\/\/centros.uepb.edu.br\/ccbsa\/files\/2018\/05\/IMG_0811-768x415.jpg 768w, https:\/\/centros.uepb.edu.br\/ccbsa\/files\/2018\/05\/IMG_0811-370x200.jpg 370w\" sizes=\"auto, (max-width: 840px) 100vw, 840px\" \/><\/a>\n\t\t\t<\/dt><\/dl><dl class='gallery-item'>\n\t\t\t<dt class='gallery-icon landscape'>\n\t\t\t\t<a href='https:\/\/centros.uepb.edu.br\/ccbsa\/files\/2018\/05\/IMG_0817.jpg'><img loading=\"lazy\" decoding=\"async\" width=\"840\" height=\"454\" src=\"https:\/\/centros.uepb.edu.br\/ccbsa\/files\/2018\/05\/IMG_0817.jpg\" class=\"attachment-full size-full\" alt=\"\" srcset=\"https:\/\/centros.uepb.edu.br\/ccbsa\/files\/2018\/05\/IMG_0817.jpg 840w, https:\/\/centros.uepb.edu.br\/ccbsa\/files\/2018\/05\/IMG_0817-300x162.jpg 300w, https:\/\/centros.uepb.edu.br\/ccbsa\/files\/2018\/05\/IMG_0817-768x415.jpg 768w, https:\/\/centros.uepb.edu.br\/ccbsa\/files\/2018\/05\/IMG_0817-370x200.jpg 370w\" sizes=\"auto, (max-width: 840px) 100vw, 840px\" \/><\/a>\n\t\t\t<\/dt><\/dl><dl class='gallery-item'>\n\t\t\t<dt class='gallery-icon landscape'>\n\t\t\t\t<a href='https:\/\/centros.uepb.edu.br\/ccbsa\/files\/2018\/05\/IMG_0819.jpg'><img loading=\"lazy\" decoding=\"async\" width=\"840\" height=\"454\" src=\"https:\/\/centros.uepb.edu.br\/ccbsa\/files\/2018\/05\/IMG_0819.jpg\" class=\"attachment-full size-full\" alt=\"\" srcset=\"https:\/\/centros.uepb.edu.br\/ccbsa\/files\/2018\/05\/IMG_0819.jpg 840w, https:\/\/centros.uepb.edu.br\/ccbsa\/files\/2018\/05\/IMG_0819-300x162.jpg 300w, https:\/\/centros.uepb.edu.br\/ccbsa\/files\/2018\/05\/IMG_0819-768x415.jpg 768w, https:\/\/centros.uepb.edu.br\/ccbsa\/files\/2018\/05\/IMG_0819-370x200.jpg 370w\" sizes=\"auto, (max-width: 840px) 100vw, 840px\" \/><\/a>\n\t\t\t<\/dt><\/dl><br style=\"clear: both\" \/>\n\t\t<\/div>\n\n<p>Com o objetivo de conhecer as pesquisas produzidas no Centro de Ci\u00eancias Biol\u00f3gicas e Sociais Aplicadas (CCBSA) da Universidade Estadual da Para\u00edba (UEPB) e orientar os pesquisadores da institui\u00e7\u00e3o para a promo\u00e7\u00e3o de iniciativas de parceria com o Governo do Estado da Para\u00edba, o presidente da Funda\u00e7\u00e3o de Apoio \u00e0 Pesquisa do Estado da Para\u00edba (FAPESQ), Cl\u00e1udio Furtado, esteve numa reuni\u00e3o na manh\u00e3 da sexta-feira (25), com a dire\u00e7\u00e3o do CCBSA, coordenadores de curso e respons\u00e1veis por projetos de pesquisa do Campus V.<\/p>\n<p>Na oportunidade, a diretora do CCBSA, professora Jacqueline Barrancos apresentou um panorama geral das pesquisas realizadas no Campus V, as estruturas dedicadas a essas iniciativas e os projetos em andamento. E os coordenadores de cursos e projetos receberam orienta\u00e7\u00f5es sobre as iniciativas empreendidas pela Fapesq voltadas ao apoio dos projetos de pesquisa do Estado.<\/p>\n<p>De acordo com a diretora do CCBSA, professora Jacqueline Barrancos, a reuni\u00e3o foi um importante momento para os coordenadores de cursos e projetos conhecerem as demandas do Estado e produzirem conhecimentos articulados \u00e0s car\u00eancias da Para\u00edba. Em mar\u00e7o de 2018 foi lan\u00e7ado pelo Governo do Estado da Para\u00edba o edital destinado a apoiar atividades de pesquisa cient\u00edfica, tecnol\u00f3gica e de inova\u00e7\u00e3o, desenvolvidas por pesquisadores paraibanos e tamb\u00e9m o edital para melhorias na infraestrutura da Universidade Estadual da Para\u00edba.<\/p>\n<p>Segundo o presidente da Fapesq a institui\u00e7\u00e3o recebeu um grande volume de inscri\u00e7\u00f5es no edital de financiamento da institui\u00e7\u00e3o destinado a projetos da UEPB. Cl\u00e1udio Furtado destacou que a perspectiva \u00e9 que ap\u00f3s a consolida\u00e7\u00e3o da infraestrutura das pesquisas, dever\u00e1 ser operacionalizado um edital voltado \u00e0 internacionaliza\u00e7\u00e3o e interc\u00e2mbio de pesquisadores.<\/p>\n<p><em><strong>Texto e fotos:<\/strong> Juliana Marques<\/em><\/p>\n","protected":false},"excerpt":{"rendered":"<p>Com o objetivo de conhecer as pesquisas produzidas no Centro de Ci\u00eancias Biol\u00f3gicas e Sociais Aplicadas (CCBSA) da Universidade Estadual da Para\u00edba (UEPB) e orientar os pesquisadores da institui\u00e7\u00e3o para a promo\u00e7\u00e3o de iniciativas de parceria com o Governo do Estado da Para\u00edba, o presidente da Funda\u00e7\u00e3o de Apoio \u00e0 Pesquisa do Estado da Para\u00edba <a class=\"leiamais\" href=\"https:\/\/centros.uepb.edu.br\/ccbsa\/presidente-da-fapesq-participa-de-reuniao-com-direcao-de-centro-e-coordenadores-de-cursos-e-pesquisas-do-ccbsa\/\">Leia Mais&#8230;<\/a><\/p>\n","protected":false},"author":8,"featured_media":4970,"comment_status":"closed","ping_status":"closed","sticky":false,"template":"","format":"standard","meta":{"footnotes":""},"categories":[3,11],"tags":[],"class_list":["post-4967","post","type-post","status-publish","format-standard","has-post-thumbnail","hentry","category-noticias","category-noticias-destaque-img"],"jetpack_featured_media_url":"https:\/\/centros.uepb.edu.br\/ccbsa\/files\/2018\/05\/IMG_0819.jpg","_links":{"self":[{"href":"https:\/\/centros.uepb.edu.br\/ccbsa\/wp-json\/wp\/v2\/posts\/4967","targetHints":{"allow":["GET"]}}],"collection":[{"href":"https:\/\/centros.uepb.edu.br\/ccbsa\/wp-json\/wp\/v2\/posts"}],"about":[{"href":"https:\/\/centros.uepb.edu.br\/ccbsa\/wp-json\/wp\/v2\/types\/post"}],"author":[{"embeddable":true,"href":"https:\/\/centros.uepb.edu.br\/ccbsa\/wp-json\/wp\/v2\/users\/8"}],"replies":[{"embeddable":true,"href":"https:\/\/centros.uepb.edu.br\/ccbsa\/wp-json\/wp\/v2\/comments?post=4967"}],"version-history":[{"count":0,"href":"https:\/\/centros.uepb.edu.br\/ccbsa\/wp-json\/wp\/v2\/posts\/4967\/revisions"}],"wp:featuredmedia":[{"embeddable":true,"href":"https:\/\/centros.uepb.edu.br\/ccbsa\/wp-json\/wp\/v2\/media\/4970"}],"wp:attachment":[{"href":"https:\/\/centros.uepb.edu.br\/ccbsa\/wp-json\/wp\/v2\/media?parent=4967"}],"wp:term":[{"taxonomy":"category","embeddable":true,"href":"https:\/\/centros.uepb.edu.br\/ccbsa\/wp-json\/wp\/v2\/categories?post=4967"},{"taxonomy":"post_tag","embeddable":true,"href":"https:\/\/centros.uepb.edu.br\/ccbsa\/wp-json\/wp\/v2\/tags?post=4967"}],"curies":[{"name":"wp","href":"https:\/\/api.w.org\/{rel}","templated":true}]}}